{"id":232338,"date":"2025-07-07T09:40:11","date_gmt":"2025-07-07T09:40:11","guid":{"rendered":"https:\/\/www.europesays.com\/fr\/232338\/"},"modified":"2025-07-07T09:40:11","modified_gmt":"2025-07-07T09:40:11","slug":"le-cortege-de-mariage-verbalise-en-traversant-cette-ville","status":"publish","type":"post","link":"https:\/\/www.europesays.com\/fr\/232338\/","title":{"rendered":"le cort\u00e8ge de mariage verbalis\u00e9 en traversant cette ville"},"content":{"rendered":"<p>            Par<br \/>\n        <strong><br \/>\n            <a href=\"https:\/\/actu.fr\/auteur\/mathias-souteyrat\" title=\"Consulter tous les articles de Mathias Souteyrat\" target=\"_blank\" rel=\"noopener\">Mathias Souteyrat<\/a><br \/>\n        <\/strong><\/p>\n<p>        Publi\u00e9 le<\/p>\n<p>            7 juil. 2025 \u00e0 10h51        <\/p>\n<p>Pour ce premier week-end de d\u00e9part en vacances, les policiers \u00e9taient mobilis\u00e9s sur les routes du d\u00e9partement de la <a href=\"https:\/\/actu.fr\/auvergne-rhone-alpes\/loire_42\" target=\"_blank\" rel=\"noopener\">Loire<\/a>.<\/p>\n<p class=\" wall-content\">Le samedi 5\u00a0juillet, sur la commune de Roche-la-Moli\u00e8re, la brigade motoris\u00e9e urbaine (BMU) de Saint-\u00c9tienne a intercept\u00e9 un <a href=\"https:\/\/actu.fr\/auvergne-rhone-alpes\/firminy_42095\/pres-de-saint-etienne-le-cortege-de-mariage-derape-en-traversant-cette-ville_62594364.html\" target=\"_blank\" rel=\"noopener\">cort\u00e8ge de mariage<\/a>, nous confirme la police.<\/p>\n<p class=\" wall-content\">Lignes blanches d\u00e9pass\u00e9es, non-ports de la ceinture de s\u00e9curit\u00e9\u2026 Une dizaine de manquements au code de la route ont \u00e9t\u00e9 constat\u00e9s par la police en d\u00e9but d\u2019apr\u00e8s-midi.<\/p>\n<p>Une moto sans assurance<\/p>\n<p class=\" wall-content\">Face \u00e0 ces comportements \u00e0 risque, dix verbalisations ont \u00e9t\u00e9 dress\u00e9es. Une moto a \u00e9t\u00e9 plac\u00e9e \u00e0 la fourri\u00e8re. Le pilote \u00e9tait en d\u00e9faut d\u2019assurance et r\u00e9cidiviste.<\/p>\n<p class=\" wall-content\">Il n\u2019y a pas eu de garde \u00e0 vue.<\/p>\n<p>Vid\u00e9os : en ce moment sur Actu<\/p>\n<p class=\" wall-content\">Suivez toute l\u2019actualit\u00e9 de vos villes et m\u00e9dias favoris en vous inscrivant \u00e0 <a href=\"https:\/\/moncompte.actu.fr\" title=\"D\u00e9couvez Mon Actu\" rel=\"nofollow noopener\" data-trk=\"{&quot;cta&quot;:{&quot;action&quot;:&quot;https:\\\/\\\/moncompte.actu.fr&quot;,&quot;category&quot;:&quot;mon compte&quot;,&quot;from&quot;:&quot;article footer&quot;,&quot;name&quot;:&quot;Mon actu&quot;,&quot;type&quot;:&quot;cta&quot;}}\" target=\"_blank\">Mon Actu<\/a>.<\/p>\n","protected":false},"excerpt":{"rendered":"Par Mathias Souteyrat Publi\u00e9 le 7 juil. 2025 \u00e0 10h51 Pour ce premier week-end de d\u00e9part en vacances,&hellip;\n","protected":false},"author":2,"featured_media":232339,"comment_status":"","ping_status":"","sticky":false,"template":"","format":"standard","meta":{"footnotes":""},"categories":[9653],"tags":[1111,11,2430,1777,674,118,1011,27,1930,12,1072,25,4001,5009],"class_list":{"0":"post-232338","1":"post","2":"type-post","3":"status-publish","4":"format-standard","5":"has-post-thumbnail","7":"category-saint-etienne","8":"tag-actu","9":"tag-actualites","10":"tag-auvergne-rhone-alpes","11":"tag-eu","12":"tag-europe","13":"tag-faits-divers","14":"tag-fr","15":"tag-france","16":"tag-mariage","17":"tag-news","18":"tag-police","19":"tag-republique-francaise","20":"tag-saint-etienne","21":"tag-securite-routiere"},"share_on_mastodon":{"url":"https:\/\/pubeurope.com\/@fr\/114811294466223657","error":""},"_links":{"self":[{"href":"https:\/\/www.europesays.com\/fr\/wp-json\/wp\/v2\/posts\/232338","targetHints":{"allow":["GET"]}}],"collection":[{"href":"https:\/\/www.europesays.com\/fr\/wp-json\/wp\/v2\/posts"}],"about":[{"href":"https:\/\/www.europesays.com\/fr\/wp-json\/wp\/v2\/types\/post"}],"author":[{"embeddable":true,"href":"https:\/\/www.europesays.com\/fr\/wp-json\/wp\/v2\/users\/2"}],"replies":[{"embeddable":true,"href":"https:\/\/www.europesays.com\/fr\/wp-json\/wp\/v2\/comments?post=232338"}],"version-history":[{"count":0,"href":"https:\/\/www.europesays.com\/fr\/wp-json\/wp\/v2\/posts\/232338\/revisions"}],"wp:featuredmedia":[{"embeddable":true,"href":"https:\/\/www.europesays.com\/fr\/wp-json\/wp\/v2\/media\/232339"}],"wp:attachment":[{"href":"https:\/\/www.europesays.com\/fr\/wp-json\/wp\/v2\/media?parent=232338"}],"wp:term":[{"taxonomy":"category","embeddable":true,"href":"https:\/\/www.europesays.com\/fr\/wp-json\/wp\/v2\/categories?post=232338"},{"taxonomy":"post_tag","embeddable":true,"href":"https:\/\/www.europesays.com\/fr\/wp-json\/wp\/v2\/tags?post=232338"}],"curies":[{"name":"wp","href":"https:\/\/api.w.org\/{rel}","templated":true}]}}