{"id":23234,"date":"2025-04-13T23:05:10","date_gmt":"2025-04-13T23:05:10","guid":{"rendered":"https:\/\/www.europesays.com\/fr\/23234\/"},"modified":"2025-04-13T23:05:10","modified_gmt":"2025-04-13T23:05:10","slug":"pres-de-nice-le-stationnement-est-exceptionnellement-gratuit-une-cause-improbable","status":"publish","type":"post","link":"https:\/\/www.europesays.com\/fr\/23234\/","title":{"rendered":"Pr\u00e8s de Nice, le stationnement est exceptionnellement gratuit : une cause improbable"},"content":{"rendered":"<p>            Par<br \/>\n        <strong><br \/>\n            <a href=\"https:\/\/actu.fr\/auteur\/manon-reinhardt\" title=\"Consulter tous les articles de Manon Reinhardt\" target=\"_blank\" rel=\"noopener\">Manon Reinhardt<\/a><br \/>\n        <\/strong><\/p>\n<p>        Publi\u00e9 le<\/p>\n<p>            10 avr. 2025 \u00e0 11h19        <\/p>\n<p>\u00ab\u2009Poisson d\u2019avril\u2009!\u2009\u00bb Et non, le 1er\u00a0avril \u00e9tant pass\u00e9, ce n\u2019est pas une blague. Le stationnement sur voirie est <strong>exceptionnellement gratuit<\/strong> \u00e0 Cagnes-sur-Mer (<a href=\"https:\/\/actu.fr\/provence-alpes-cote-d-azur\/alpes-maritimes_06\" target=\"_blank\" rel=\"noopener\">Alpes-Maritimes<\/a>), depuis ce mardi et jusqu\u2019au vendredi 11\u00a0avril 2025.<\/p>\n<p class=\" wall-content\">Il ne s\u2019agit pas d\u2019un cadeau de la municipalit\u00e9, mais d\u2019un \u00ab\u2009incident technique\u2009\u00bb.<\/p>\n<p>Les horodateurs tous hors service<\/p>\n<p class=\" wall-content\">Vous pouvez vous garer librement et sans vous inqui\u00e9ter de l\u2019heure, dans cette commune proche de Nice. La mairie de Cagnes-sur-Mer a indiqu\u00e9, dans un post Facebook, que le stationnement serait exceptionnellement gratuit jusqu\u2019\u00e0 ce vendredi.<\/p>\n<p>    <a href=\"https:\/\/www.facebook.com\/plugins\/post.php?href=https%3A%2F%2Fwww.facebook.com%2Fvilledecagnessurmer%2Fposts%2Fpfbid0dajLMa3EnZ2GbTzJYtXjsHZFx2N9vgyJgruTuPQybEyMjxmhcyXy1TcaDLP6Q4Bql&amp;show_text=true&amp;width=350\" title=\"Ouvrie le lien\" target=\"_blank\" rel=\"noopener\">Cliquez ici pour visualiser le contenu<\/a><\/p>\n<p class=\" wall-content\">La raison\u2009? <strong>\u00ab\u2009Un incident technique\u2009\u00bb<\/strong>. \u00ab\u2009L\u2019ensemble des horodateurs est hors service\u2009\u00bb, est-il pr\u00e9cis\u00e9. Une panne qui devrait faire des heureux. \u00ab\u2009Bonne nouvelle\u2009\u00bb, r\u00e9agit Yann. Comme Daniel\u2009: \u00ab\u2009Merci pour l\u2019information et pour le cadeau\u2009\u00bb.<\/p>\n<p>Vid\u00e9os : en ce moment sur ActuLa mairie vous tiendra inform\u00e9s<\/p>\n<p class=\" wall-content\">La mairie assure qu\u2019elle tiendra ses administr\u00e9s inform\u00e9s lorsque le probl\u00e8me sera r\u00e9solu et les horodateurs de nouveau op\u00e9rationnels.<\/p>\n<p class=\" wall-content\">\u00ab\u2009Pour toute information compl\u00e9mentaire, vous pouvez contacter <strong>l\u2019agence Indigo<\/strong> par t\u00e9l\u00e9phone 04\u200993\u200973\u200972\u200973.\u2009\u00bb<\/p>\n<p class=\" wall-content\">Suivez toute l\u2019actualit\u00e9 de vos villes et m\u00e9dias favoris en vous inscrivant \u00e0 <a href=\"https:\/\/moncompte.actu.fr\" title=\"D\u00e9couvez Mon Actu\" rel=\"nofollow noopener\" data-trk=\"{&quot;cta&quot;:{&quot;action&quot;:&quot;https:\\\/\\\/moncompte.actu.fr&quot;,&quot;category&quot;:&quot;mon compte&quot;,&quot;from&quot;:&quot;article footer&quot;,&quot;name&quot;:&quot;Mon actu&quot;,&quot;type&quot;:&quot;cta&quot;}}\" target=\"_blank\">Mon Actu<\/a>.<\/p>\n<ul class=\"ac-article-tag wall-content\">\n<li><a href=\"https:\/\/actu.fr\/tag\/circulation\" data-trk=\"{&quot;cta&quot;:{&quot;action&quot;:&quot;Circulation&quot;,&quot;category&quot;:&quot;tag&quot;,&quot;from&quot;:&quot;article footer&quot;,&quot;name&quot;:&quot;Circulation&quot;,&quot;type&quot;:&quot;cta&quot;}}\" target=\"_blank\" rel=\"noopener\">#Circulation<\/a><\/li>\n<li><a href=\"https:\/\/actu.fr\/tag\/stationnement\" data-trk=\"{&quot;cta&quot;:{&quot;action&quot;:&quot;Stationnement&quot;,&quot;category&quot;:&quot;tag&quot;,&quot;from&quot;:&quot;article footer&quot;,&quot;name&quot;:&quot;Stationnement&quot;,&quot;type&quot;:&quot;cta&quot;}}\" target=\"_blank\" rel=\"noopener\">#Stationnement<\/a><\/li>\n<\/ul>\n","protected":false},"excerpt":{"rendered":"Par Manon Reinhardt Publi\u00e9 le 10 avr. 2025 \u00e0 11h19 \u00ab\u2009Poisson d\u2019avril\u2009!\u2009\u00bb Et non, le 1er\u00a0avril \u00e9tant pass\u00e9,&hellip;\n","protected":false},"author":2,"featured_media":23235,"comment_status":"","ping_status":"","sticky":false,"template":"","format":"standard","meta":{"footnotes":""},"categories":[2819],"tags":[1111,11,3542,1777,674,1011,27,12,2401,882,25,104,6173],"class_list":{"0":"post-23234","1":"post","2":"type-post","3":"status-publish","4":"format-standard","5":"has-post-thumbnail","7":"category-nice","8":"tag-actu","9":"tag-actualites","10":"tag-circulation","11":"tag-eu","12":"tag-europe","13":"tag-fr","14":"tag-france","15":"tag-news","16":"tag-nice","17":"tag-provence-alpes-cote-dazur","18":"tag-republique-francaise","19":"tag-societe","20":"tag-stationnement"},"share_on_mastodon":{"url":"https:\/\/pubeurope.com\/@fr\/114333163405591238","error":""},"_links":{"self":[{"href":"https:\/\/www.europesays.com\/fr\/wp-json\/wp\/v2\/posts\/23234","targetHints":{"allow":["GET"]}}],"collection":[{"href":"https:\/\/www.europesays.com\/fr\/wp-json\/wp\/v2\/posts"}],"about":[{"href":"https:\/\/www.europesays.com\/fr\/wp-json\/wp\/v2\/types\/post"}],"author":[{"embeddable":true,"href":"https:\/\/www.europesays.com\/fr\/wp-json\/wp\/v2\/users\/2"}],"replies":[{"embeddable":true,"href":"https:\/\/www.europesays.com\/fr\/wp-json\/wp\/v2\/comments?post=23234"}],"version-history":[{"count":0,"href":"https:\/\/www.europesays.com\/fr\/wp-json\/wp\/v2\/posts\/23234\/revisions"}],"wp:featuredmedia":[{"embeddable":true,"href":"https:\/\/www.europesays.com\/fr\/wp-json\/wp\/v2\/media\/23235"}],"wp:attachment":[{"href":"https:\/\/www.europesays.com\/fr\/wp-json\/wp\/v2\/media?parent=23234"}],"wp:term":[{"taxonomy":"category","embeddable":true,"href":"https:\/\/www.europesays.com\/fr\/wp-json\/wp\/v2\/categories?post=23234"},{"taxonomy":"post_tag","embeddable":true,"href":"https:\/\/www.europesays.com\/fr\/wp-json\/wp\/v2\/tags?post=23234"}],"curies":[{"name":"wp","href":"https:\/\/api.w.org\/{rel}","templated":true}]}}