{"id":232340,"date":"2025-07-07T09:41:14","date_gmt":"2025-07-07T09:41:14","guid":{"rendered":"https:\/\/www.europesays.com\/fr\/232340\/"},"modified":"2025-07-07T09:41:14","modified_gmt":"2025-07-07T09:41:14","slug":"sncf-la-circulation-des-trains-totalement-a-larret-en-gare-de-nancy-ce-que-lon-sait","status":"publish","type":"post","link":"https:\/\/www.europesays.com\/fr\/232340\/","title":{"rendered":"SNCF. La circulation des trains totalement \u00e0 l&rsquo;arr\u00eat en gare de Nancy : ce que l&rsquo;on sait"},"content":{"rendered":"<p>            Par<br \/>\n        <strong><br \/>\n            <a href=\"https:\/\/actu.fr\/auteur\/amandine-mehl\" title=\"Consulter tous les articles de Amandine Mehl\" target=\"_blank\" rel=\"noopener\">Amandine Mehl<\/a><br \/>\n        <\/strong><\/p>\n<p>        Publi\u00e9 le<\/p>\n<p>            7 juil. 2025 \u00e0 9h45<br \/>\n        ; mis \u00e0 jour le 7 juil. 2025 \u00e0 10h47    <\/p>\n<p>[<strong>Article mis \u00e0 jour lundi 7 juillet 2025 \u00e0 10h<\/strong>. Un n\u00e9gociateur du RAID a \u00e9t\u00e9 envoy\u00e9 sur place et l\u2019individu qui mena\u00e7ait de mettre fin \u00e0 ses jours s\u2019est rendu. Selon une source polici\u00e8re, l\u2019homme serait \u00e2g\u00e9 d\u2019une cinquantaine d\u2019ann\u00e9es et \u00e9tait porteur d\u2019un couteau. Il a \u00e9t\u00e9 pris en charge et va \u00eatre transf\u00e9r\u00e9 \u00e0 l\u2019h\u00f4pital. Quant \u00e0 la circulation des trains, elle devrait reprendre progressivement.]<\/p>\n<p class=\" wall-content\">Depuis 6h, ce lundi 7 juillet 2025, <strong>aucun train n\u2019entre ou ne sort<\/strong> de la <a href=\"https:\/\/actu.fr\/tag\/gare-de-nancy\" target=\"_blank\" rel=\"noopener\">gare de Nancy<\/a>. La <a href=\"https:\/\/actu.fr\/tag\/sncf\" target=\"_blank\" rel=\"noopener\">SNCF<\/a> a \u00e9t\u00e9 contrainte de proc\u00e9der \u00e0 une <strong>coupure d\u2019\u00e9lectricit\u00e9<\/strong> sur le secteur en raison d\u2019un <strong>homme qui menace de se suicider<\/strong>.<\/p>\n<p class=\" wall-content\">Les secours sont sur place.<\/p>\n<p>Le trafic totalement interrompu en gare de Nancy<\/p>\n<p class=\" wall-content\">Contact\u00e9e par Lorraine Actu, la SNCF indique que l\u2019homme est pr\u00e9sent depuis 5h30 au niveau de la <strong>passerelle quai de la Bataille<\/strong>. L\u2019individu se trouve au-dessus des voies et menace de sauter.\u00a0<\/p>\n<p class=\" wall-content\">Outre les pompiers, la police est pr\u00e9sente sur les lieux. Un <strong>dialogue<\/strong> a \u00e9t\u00e9 entam\u00e9 avec l\u2019homme.<\/p>\n<p>Vid\u00e9os : en ce moment sur Actu<\/p>\n<p class=\" wall-content\">Suivez toute l\u2019actualit\u00e9 de vos villes et m\u00e9dias favoris en vous inscrivant \u00e0 <a href=\"https:\/\/moncompte.actu.fr\" title=\"D\u00e9couvez Mon Actu\" rel=\"nofollow noopener\" data-trk=\"{&quot;cta&quot;:{&quot;action&quot;:&quot;https:\\\/\\\/moncompte.actu.fr&quot;,&quot;category&quot;:&quot;mon compte&quot;,&quot;from&quot;:&quot;article footer&quot;,&quot;name&quot;:&quot;Mon actu&quot;,&quot;type&quot;:&quot;cta&quot;}}\" target=\"_blank\">Mon Actu<\/a>.<\/p>\n","protected":false},"excerpt":{"rendered":"Par Amandine Mehl Publi\u00e9 le 7 juil. 2025 \u00e0 9h45 ; mis \u00e0 jour le 7 juil. 2025&hellip;\n","protected":false},"author":2,"featured_media":232341,"comment_status":"","ping_status":"","sticky":false,"template":"","format":"standard","meta":{"footnotes":""},"categories":[9635],"tags":[1111,11,1777,674,118,1011,27,13621,775,1702,12,25,2215],"class_list":{"0":"post-232340","1":"post","2":"type-post","3":"status-publish","4":"format-standard","5":"has-post-thumbnail","7":"category-nancy","8":"tag-actu","9":"tag-actualites","10":"tag-eu","11":"tag-europe","12":"tag-faits-divers","13":"tag-fr","14":"tag-france","15":"tag-gare-de-nancy","16":"tag-grand-est","17":"tag-nancy","18":"tag-news","19":"tag-republique-francaise","20":"tag-sncf"},"share_on_mastodon":{"url":"https:\/\/pubeurope.com\/@fr\/114811298338133353","error":""},"_links":{"self":[{"href":"https:\/\/www.europesays.com\/fr\/wp-json\/wp\/v2\/posts\/232340","targetHints":{"allow":["GET"]}}],"collection":[{"href":"https:\/\/www.europesays.com\/fr\/wp-json\/wp\/v2\/posts"}],"about":[{"href":"https:\/\/www.europesays.com\/fr\/wp-json\/wp\/v2\/types\/post"}],"author":[{"embeddable":true,"href":"https:\/\/www.europesays.com\/fr\/wp-json\/wp\/v2\/users\/2"}],"replies":[{"embeddable":true,"href":"https:\/\/www.europesays.com\/fr\/wp-json\/wp\/v2\/comments?post=232340"}],"version-history":[{"count":0,"href":"https:\/\/www.europesays.com\/fr\/wp-json\/wp\/v2\/posts\/232340\/revisions"}],"wp:featuredmedia":[{"embeddable":true,"href":"https:\/\/www.europesays.com\/fr\/wp-json\/wp\/v2\/media\/232341"}],"wp:attachment":[{"href":"https:\/\/www.europesays.com\/fr\/wp-json\/wp\/v2\/media?parent=232340"}],"wp:term":[{"taxonomy":"category","embeddable":true,"href":"https:\/\/www.europesays.com\/fr\/wp-json\/wp\/v2\/categories?post=232340"},{"taxonomy":"post_tag","embeddable":true,"href":"https:\/\/www.europesays.com\/fr\/wp-json\/wp\/v2\/tags?post=232340"}],"curies":[{"name":"wp","href":"https:\/\/api.w.org\/{rel}","templated":true}]}}