{"id":232349,"date":"2025-07-07T09:49:28","date_gmt":"2025-07-07T09:49:28","guid":{"rendered":"https:\/\/www.europesays.com\/fr\/232349\/"},"modified":"2025-07-07T09:49:28","modified_gmt":"2025-07-07T09:49:28","slug":"a-lessai-au-fc-rouen-il-prolonge-dans-son-club","status":"publish","type":"post","link":"https:\/\/www.europesays.com\/fr\/232349\/","title":{"rendered":"A l&rsquo;essai au FC Rouen, il prolonge dans son club"},"content":{"rendered":"<p><img loading=\"lazy\" decoding=\"async\" width=\"696\" height=\"464\" class=\"lazyload entry-thumb\" src=\"https:\/\/www.europesays.com\/fr\/wp-content\/uploads\/2025\/07\/FONSECA-Valdir-696x464.jpg\" alt=\"\" title=\"FONSECA Valdir\"\/>Valdir FONSECA (\u00a9 Philippe Le Brech)<\/p>\n<p style=\"font-size:20px\"><strong>Alors qu\u2019il \u00e9tait \u00e0 l\u2019essai au <a href=\"https:\/\/footamateur.ouest-france.fr\/tag\/fc-rouen-1899\/\" target=\"_blank\" rel=\"noreferrer noopener\">FC Rouen<\/a> la semaine dernier, le club d\u2019Epinal a annonc\u00e9 la prolongation de son attaquant Valdir Fonseca, auteur de 3 buts et 6 passes d\u00e9cisives la saison derni\u00e8re avec le SAS. <\/strong><\/p>\n<p>Il s\u2019agit du 15\u00e8me joueur \u00e0 confirmer sa pr\u00e9sence au sein de l\u2019effectif de Nicolas Rabuel apr\u00e8s Bussmann, Niang, Colin, L\u00e9onard, Benard, Bouresas, Hatier, Launay, Coulibaly, Vialaneix, Toraman, Amadou, Hubert et M.\u00a0Corvino.<\/p>\n<p>Plusieurs joueurs ont d\u00e9j\u00e0 quitt\u00e9 le club spinalien cet \u00e9t\u00e9 : Alo\u00e9, Kalai (Versailles), N\u2019Diaye, Christophe, Zinga (Paris 13 Atletico), Touir (Saint-Di\u00e9 Kellermann), L.\u00a0Corvino (Raon-l\u2019Etape), Aljic (Thionville), Boina, Ch\u00e9r\u00e9 (Colmar).<\/p>\n<p>Cinq recrues ont par ailleurs d\u00e9j\u00e0 \u00e9t\u00e9 annonc\u00e9es : <strong>\u00a0<\/strong>Berenguier (Furiani Agliani), Roche (Jura Sud), Ben Khemis (Bordeaux), Lawson (Haguenau), Fressange (libre).<\/p>\n<p><a href=\"https:\/\/footamateur.ouest-france.fr\/author\/fred\/\" class=\"url\" title=\"Fr\u00e9d\u00e9ric Sougey\" target=\"_blank\" rel=\"noopener\"> <img decoding=\"async\" src=\"https:\/\/www.europesays.com\/fr\/wp-content\/uploads\/2025\/04\/gnlpcfya_400x400.jpg\" class=\"lazyload photo\" width=\"250\" alt=\"Fr\u00e9d\u00e9ric Sougey\"\/><\/a><\/p>\n<p>Journaliste chez Sports M\u00e9dia<\/p>\n<p>Elev\u00e9 au c\u0153ur des Alpes, Fred quitte (temporairement) son Grenoble ador\u00e9 pour pr\u00eater sa plume et son regard au monde amateur et plus particuli\u00e8rement au Championnat National dont il est un assidu observateur. Fan de tartiflette, de Karim Mokeddem et de Mulholland Drive. Les bonnes choses de la vie, en somme.<\/p>\n<p><a href=\"https:\/\/footamateur.ouest-france.fr\/author\/fred\/\" class=\"url\" title=\"Fr\u00e9d\u00e9ric Sougey\" target=\"_blank\" rel=\"noopener\"><img decoding=\"async\" src=\"https:\/\/www.europesays.com\/fr\/wp-content\/uploads\/2025\/04\/gnlpcfya_400x400.jpg\" class=\"lazyload photo\" width=\"250\" alt=\"Fr\u00e9d\u00e9ric Sougey\"\/><\/a>Les derniers articles par Fr\u00e9d\u00e9ric Sougey (<a href=\"https:\/\/footamateur.ouest-france.fr\/author\/fred\/\" target=\"_blank\" rel=\"noopener\">tout voir<\/a>)<\/p>\n","protected":false},"excerpt":{"rendered":"Valdir FONSECA (\u00a9 Philippe Le Brech) Alors qu\u2019il \u00e9tait \u00e0 l\u2019essai au FC Rouen la semaine dernier, le&hellip;\n","protected":false},"author":2,"featured_media":232350,"comment_status":"","ping_status":"","sticky":false,"template":"","format":"standard","meta":{"footnotes":""},"categories":[9587],"tags":[1111,11,1777,674,13096,1011,27,1434,12,5161,25,9590,37129],"class_list":{"0":"post-232349","1":"post","2":"type-post","3":"status-publish","4":"format-standard","5":"has-post-thumbnail","7":"category-rouen","8":"tag-actu","9":"tag-actualites","10":"tag-eu","11":"tag-europe","12":"tag-fc-rouen-1899","13":"tag-fr","14":"tag-france","15":"tag-mercato","16":"tag-news","17":"tag-normandie","18":"tag-republique-francaise","19":"tag-rouen","20":"tag-sas-epinal"},"share_on_mastodon":{"url":"https:\/\/pubeurope.com\/@fr\/114811329904056334","error":""},"_links":{"self":[{"href":"https:\/\/www.europesays.com\/fr\/wp-json\/wp\/v2\/posts\/232349","targetHints":{"allow":["GET"]}}],"collection":[{"href":"https:\/\/www.europesays.com\/fr\/wp-json\/wp\/v2\/posts"}],"about":[{"href":"https:\/\/www.europesays.com\/fr\/wp-json\/wp\/v2\/types\/post"}],"author":[{"embeddable":true,"href":"https:\/\/www.europesays.com\/fr\/wp-json\/wp\/v2\/users\/2"}],"replies":[{"embeddable":true,"href":"https:\/\/www.europesays.com\/fr\/wp-json\/wp\/v2\/comments?post=232349"}],"version-history":[{"count":0,"href":"https:\/\/www.europesays.com\/fr\/wp-json\/wp\/v2\/posts\/232349\/revisions"}],"wp:featuredmedia":[{"embeddable":true,"href":"https:\/\/www.europesays.com\/fr\/wp-json\/wp\/v2\/media\/232350"}],"wp:attachment":[{"href":"https:\/\/www.europesays.com\/fr\/wp-json\/wp\/v2\/media?parent=232349"}],"wp:term":[{"taxonomy":"category","embeddable":true,"href":"https:\/\/www.europesays.com\/fr\/wp-json\/wp\/v2\/categories?post=232349"},{"taxonomy":"post_tag","embeddable":true,"href":"https:\/\/www.europesays.com\/fr\/wp-json\/wp\/v2\/tags?post=232349"}],"curies":[{"name":"wp","href":"https:\/\/api.w.org\/{rel}","templated":true}]}}