{"id":232351,"date":"2025-07-07T09:51:11","date_gmt":"2025-07-07T09:51:11","guid":{"rendered":"https:\/\/www.europesays.com\/fr\/232351\/"},"modified":"2025-07-07T09:51:11","modified_gmt":"2025-07-07T09:51:11","slug":"grenoble-76-des-francais-sont-favorables-aux-jeux-dhiver-2030","status":"publish","type":"post","link":"https:\/\/www.europesays.com\/fr\/232351\/","title":{"rendered":"Grenoble. 76\u00a0% des Fran\u00e7ais sont favorables aux Jeux d\u2019hiver 2030"},"content":{"rendered":"<p>Les Fran\u00e7ais en redemandent\u00a0!<\/p>\n<p>Un an apr\u00e8s les Jeux olympiques d\u2019\u00e9t\u00e9 \u00e0 Paris, 76\u00a0% se disent majoritairement favorables \u00e0 l\u2019organisation des Jeux olympiques d\u2019hiver en France en 2030. Et 75\u00a0% ont une perception positive de ce nouveau grand rendez-vous. C\u2019est ce qui ressort d\u2019une \u00e9tude Toluna\/Harris Interactive pour l\u2019association Territoires d\u2019\u00e9v\u00e9nements sportifs, r\u00e9alis\u00e9e sur un \u00e9chantillon de 1047 personnes repr\u00e9sentatif de la population fran\u00e7aise \u00e2g\u00e9e de 18 ans et plus.<\/p>\n<p>Sans surprise, Jeux olympiques d\u2019\u00e9t\u00e9 (55\u00a0%), Coupe du monde de football (51\u00a0%) et Jeux olympiques d\u2019hiver (43\u00a0%) sont les \u00e9v\u00e9nements sportifs les plus suivis. Quand on recherche les \u00e9v\u00e9nements sportifs les plus appr\u00e9ci\u00e9s par ceux qui les connaissent, les JO d\u2019hiver gagnent une place (66\u00a0%) juste derri\u00e8re les JO d\u2019\u00e9t\u00e9 (73\u00a0%).<\/p>\n<p>  Attention au co\u00fbt, \u00e0 la s\u00e9curit\u00e9 et \u00e0 l\u2019environnement<\/p>\n<p>Un contexte favorable pour les Alpes fran\u00e7aises 2030 puisque pr\u00e8s de 9 Fran\u00e7ais sur 10 (86\u00a0%) pensent que l\u2019organisation de grands \u00e9v\u00e9nements sportifs est une bonne chose. Et un peu plus de 8 Fran\u00e7ais sur 10 (81\u00a0%) consid\u00e8rent que c\u2019est b\u00e9n\u00e9fique pour le territoire qui les accueille. Le d\u00e9veloppement \u00e9conomique (42\u00a0%) et l\u2019am\u00e9lioration des infrastructures sportives (38\u00a0%) sont les raisons les plus \u00e9voqu\u00e9es par les Fran\u00e7ais qui ont une perception positive.<\/p>\n<p>Le succ\u00e8s des Jeux de Paris est encore dans toutes les m\u00e9moires. Un peu plus de 8 Fran\u00e7ais sur 10 (83\u00a0%) d\u00e9clarent avoir une image positive, dont plus d\u2019un tiers en ont m\u00eame une perception tr\u00e8s positive. Dans l\u2019ensemble, les Fran\u00e7ais consid\u00e8rent que l\u2019organisation des JO 2024 a eu un impact positif aussi bien sur le pays que pour les territoires qui les ont accueillis. Cependant cette perception pour les territoires h\u00f4tes est plus mitig\u00e9e concernant les impacts environnementaux et en termes d\u2019emplois.<\/p>\n<p>En creux, l\u2019\u00e9tude avance quelques axes d\u2019am\u00e9lioration pour l\u2019organisation de futurs \u00e9v\u00e9nements sportifs. Si on ne prend en compte que les 18\u00a0% des Fran\u00e7ais qui d\u00e9clarent que leur tenue est une mauvaise chose pour leur territoire, ils mentionnent principalement le co\u00fbt engendr\u00e9 ainsi que l\u2019impact potentiel sur la s\u00e9curit\u00e9, la vie quotidienne et l\u2019environnement.<\/p>\n","protected":false},"excerpt":{"rendered":"Les Fran\u00e7ais en redemandent\u00a0! Un an apr\u00e8s les Jeux olympiques d\u2019\u00e9t\u00e9 \u00e0 Paris, 76\u00a0% se disent majoritairement favorables&hellip;\n","protected":false},"author":2,"featured_media":232352,"comment_status":"","ping_status":"","sticky":false,"template":"","format":"standard","meta":{"footnotes":""},"categories":[9566],"tags":[1111,11,2430,37130,112,1777,674,107,1795,1011,27,10382,2731,2732,4638,881,108,21243,5324,12,25,5508,517],"class_list":{"0":"post-232351","1":"post","2":"type-post","3":"status-publish","4":"format-standard","5":"has-post-thumbnail","7":"category-grenoble","8":"tag-actu","9":"tag-actualites","10":"tag-auvergne-rhone-alpes","11":"tag-cap-2030","12":"tag-edition-grenoble-agglomeration","13":"tag-eu","14":"tag-europe","15":"tag-fil-info","16":"tag-fil-web","17":"tag-fr","18":"tag-france","19":"tag-frontaliers","20":"tag-grenoble","21":"tag-grenoble-bassin","22":"tag-haute-savoie","23":"tag-hautes-alpes","24":"tag-isere","25":"tag-jeux-olympiques-dhiver","26":"tag-montagne","27":"tag-news","28":"tag-republique-francaise","29":"tag-savoie","30":"tag-sport"},"share_on_mastodon":{"url":"https:\/\/pubeurope.com\/@fr\/114811337781308095","error":""},"_links":{"self":[{"href":"https:\/\/www.europesays.com\/fr\/wp-json\/wp\/v2\/posts\/232351","targetHints":{"allow":["GET"]}}],"collection":[{"href":"https:\/\/www.europesays.com\/fr\/wp-json\/wp\/v2\/posts"}],"about":[{"href":"https:\/\/www.europesays.com\/fr\/wp-json\/wp\/v2\/types\/post"}],"author":[{"embeddable":true,"href":"https:\/\/www.europesays.com\/fr\/wp-json\/wp\/v2\/users\/2"}],"replies":[{"embeddable":true,"href":"https:\/\/www.europesays.com\/fr\/wp-json\/wp\/v2\/comments?post=232351"}],"version-history":[{"count":0,"href":"https:\/\/www.europesays.com\/fr\/wp-json\/wp\/v2\/posts\/232351\/revisions"}],"wp:featuredmedia":[{"embeddable":true,"href":"https:\/\/www.europesays.com\/fr\/wp-json\/wp\/v2\/media\/232352"}],"wp:attachment":[{"href":"https:\/\/www.europesays.com\/fr\/wp-json\/wp\/v2\/media?parent=232351"}],"wp:term":[{"taxonomy":"category","embeddable":true,"href":"https:\/\/www.europesays.com\/fr\/wp-json\/wp\/v2\/categories?post=232351"},{"taxonomy":"post_tag","embeddable":true,"href":"https:\/\/www.europesays.com\/fr\/wp-json\/wp\/v2\/tags?post=232351"}],"curies":[{"name":"wp","href":"https:\/\/api.w.org\/{rel}","templated":true}]}}