{"id":232353,"date":"2025-07-07T09:52:09","date_gmt":"2025-07-07T09:52:09","guid":{"rendered":"https:\/\/www.europesays.com\/fr\/232353\/"},"modified":"2025-07-07T09:52:09","modified_gmt":"2025-07-07T09:52:09","slug":"en-pleine-messe-il-sort-un-couteau-et-menace-les-fideles-dune-chapelle","status":"publish","type":"post","link":"https:\/\/www.europesays.com\/fr\/232353\/","title":{"rendered":"En pleine messe, il sort un couteau et menace les fid\u00e8les d\u2019une chapelle"},"content":{"rendered":"<p>La messe avait commenc\u00e9 depuis quelques minutes quand un individu a sem\u00e9 la panique. Dimanche matin un peu avant 11 heures, un homme fortement alcoolis\u00e9 a p\u00e9n\u00e9tr\u00e9<a href=\"https:\/\/www.20minutes.fr\/dossier\/eglise\" class=\"color-ultramarine c-link\" rel=\"nofollow noopener\" target=\"_blank\"> dans la chapelle <\/a>Saint-Fran\u00e7ois \u00e0 Rennes avant de perturber l\u2019office religieux, a-t-on appris aupr\u00e8s de la police. Alors que des fid\u00e8les lui demandaient de partir, l\u2019individu, de nationalit\u00e9 roumaine, a sorti <a href=\"https:\/\/www.20minutes.fr\/dossier\/couteau\" class=\"color-ultramarine c-link\" rel=\"nofollow noopener\" target=\"_blank\">un couteau<\/a> avant de menacer des paroissiens.<\/p>\n<p>Ces derniers sont parvenus \u00e0 le ma\u00eetriser et \u00e0 le d\u00e9sarmer avant l\u2019intervention des forces de l\u2019ordre. Au moment de son interpellation, l\u2019homme affichait un taux d\u2019alcool de 1,4 gramme par litre de sang. Il a \u00e9t\u00e9 plac\u00e9 en cellule de d\u00e9grisement. <a href=\"https:\/\/www.20minutes.fr\/dossier\/garde_a_vue\" class=\"color-ultramarine c-link\" rel=\"nofollow noopener\" target=\"_blank\">Sa garde \u00e0 vue<\/a> est toujours en cours ce lundi matin.<\/p>\n","protected":false},"excerpt":{"rendered":"La messe avait commenc\u00e9 depuis quelques minutes quand un individu a sem\u00e9 la panique. Dimanche matin un peu&hellip;\n","protected":false},"author":2,"featured_media":232354,"comment_status":"","ping_status":"","sticky":false,"template":"","format":"standard","meta":{"footnotes":""},"categories":[2821],"tags":[1111,47,11,1120,829,7623,12336,1777,674,118,7641,1011,27,848,1147,13600,12,584,25],"class_list":{"0":"post-232353","1":"post","2":"type-post","3":"status-publish","4":"format-standard","5":"has-post-thumbnail","7":"category-rennes","8":"tag-actu","9":"tag-actualite","10":"tag-actualites","11":"tag-agression","12":"tag-bretagne","13":"tag-coup-de-couteau","14":"tag-eglise","15":"tag-eu","16":"tag-europe","17":"tag-faits-divers","18":"tag-faits-divers-rennes","19":"tag-fr","20":"tag-france","21":"tag-ille-et-vilaine","22":"tag-menace","23":"tag-messe","24":"tag-news","25":"tag-rennes","26":"tag-republique-francaise"},"share_on_mastodon":{"url":"https:\/\/pubeurope.com\/@fr\/114811341664736051","error":""},"_links":{"self":[{"href":"https:\/\/www.europesays.com\/fr\/wp-json\/wp\/v2\/posts\/232353","targetHints":{"allow":["GET"]}}],"collection":[{"href":"https:\/\/www.europesays.com\/fr\/wp-json\/wp\/v2\/posts"}],"about":[{"href":"https:\/\/www.europesays.com\/fr\/wp-json\/wp\/v2\/types\/post"}],"author":[{"embeddable":true,"href":"https:\/\/www.europesays.com\/fr\/wp-json\/wp\/v2\/users\/2"}],"replies":[{"embeddable":true,"href":"https:\/\/www.europesays.com\/fr\/wp-json\/wp\/v2\/comments?post=232353"}],"version-history":[{"count":0,"href":"https:\/\/www.europesays.com\/fr\/wp-json\/wp\/v2\/posts\/232353\/revisions"}],"wp:featuredmedia":[{"embeddable":true,"href":"https:\/\/www.europesays.com\/fr\/wp-json\/wp\/v2\/media\/232354"}],"wp:attachment":[{"href":"https:\/\/www.europesays.com\/fr\/wp-json\/wp\/v2\/media?parent=232353"}],"wp:term":[{"taxonomy":"category","embeddable":true,"href":"https:\/\/www.europesays.com\/fr\/wp-json\/wp\/v2\/categories?post=232353"},{"taxonomy":"post_tag","embeddable":true,"href":"https:\/\/www.europesays.com\/fr\/wp-json\/wp\/v2\/tags?post=232353"}],"curies":[{"name":"wp","href":"https:\/\/api.w.org\/{rel}","templated":true}]}}