{"id":232355,"date":"2025-07-07T09:53:10","date_gmt":"2025-07-07T09:53:10","guid":{"rendered":"https:\/\/www.europesays.com\/fr\/232355\/"},"modified":"2025-07-07T09:53:10","modified_gmt":"2025-07-07T09:53:10","slug":"ivre-il-penetre-en-pleine-messe-dans-une-eglise-a-rennes-et-menace-les-fideles-avec-un-couteau","status":"publish","type":"post","link":"https:\/\/www.europesays.com\/fr\/232355\/","title":{"rendered":"Ivre, il p\u00e9n\u00e8tre en pleine messe dans une \u00e9glise \u00e0 Rennes et menace les fid\u00e8les avec un couteau"},"content":{"rendered":"<p>            Par<br \/>\n        <strong><br \/>\n            <a href=\"https:\/\/actu.fr\/auteur\/brian-legoff\" title=\"Consulter tous les articles de Brian Le Goff\" rel=\"nofollow noopener\" target=\"_blank\">Brian Le Goff<\/a><br \/>\n        <\/strong><\/p>\n<p>        Publi\u00e9 le<\/p>\n<p>            7 juil. 2025 \u00e0 11h20        <\/p>\n<p>La tournure des \u00e9v\u00e9nements aurait pu aboutir \u00e0 un drame. Dimanche 6\u00a0juillet, <strong>entre 10h30 et 11h,<\/strong> un jeune homme \u00e2g\u00e9 d\u2019une vingtaine d\u2019ann\u00e9es, alcoolis\u00e9, a interrompu la messe en cours au sein de la chapelle Saint-Fran\u00e7ois, situ\u00e9e pr\u00e8s de la station de m\u00e9tro Mabilais, \u00e0 l\u2019ouest du centre-ville de Rennes, indiquent plusieurs sources polici\u00e8res \u00e0 <a href=\"https:\/\/actu.fr\/rennes\/\" rel=\"nofollow noopener\" target=\"_blank\">actu Rennes<\/a>.<\/p>\n<p class=\" wall-content\">Selon les t\u00e9moignages sur place, l\u2019homme<strong> titubait devant le lieu de culte,<\/strong> avant d\u2019entrer dedans. Plusieurs personnes l\u2019ont invit\u00e9 \u00e0 sortir. Mais il ne l\u2019a pas entendu de cette oreille et a ainsi<strong> sorti une lame et l\u2019a exhib\u00e9e<\/strong> devant tous les fid\u00e8les en prof\u00e9rant des <strong>menaces<\/strong>.<\/p>\n<p>Des fid\u00e8les ma\u00eetrisent l\u2019homme<\/p>\n<p class=\" wall-content\">Trois personnes pr\u00e9sentes sont alors intervenues et ont<strong> ma\u00eetris\u00e9 l\u2019homme en attendant l\u2019arriv\u00e9e des forces de l\u2019ordre<\/strong>. L\u2019agresseur est ce lundi matin toujours en garde \u00e0 vue.<\/p>\n<p class=\" wall-content\">Trois des fid\u00e8les ont<strong> port\u00e9 plainte pour violences avec arme<\/strong>. L\u2019enqu\u00eate se poursuit.<\/p>\n<p>Vid\u00e9os : en ce moment sur Actu<\/p>\n<p class=\" wall-content\">Suivez toute l\u2019actualit\u00e9 de vos villes et m\u00e9dias favoris en vous inscrivant \u00e0 <a href=\"https:\/\/moncompte.actu.fr\" title=\"D\u00e9couvez Mon Actu\" rel=\"nofollow noopener\" data-trk=\"{&quot;cta&quot;:{&quot;action&quot;:&quot;https:\\\/\\\/moncompte.actu.fr&quot;,&quot;category&quot;:&quot;mon compte&quot;,&quot;from&quot;:&quot;article footer&quot;,&quot;name&quot;:&quot;Mon actu&quot;,&quot;type&quot;:&quot;cta&quot;}}\" target=\"_blank\">Mon Actu<\/a>.<\/p>\n","protected":false},"excerpt":{"rendered":"Par Brian Le Goff Publi\u00e9 le 7 juil. 2025 \u00e0 11h20 La tournure des \u00e9v\u00e9nements aurait pu aboutir&hellip;\n","protected":false},"author":2,"featured_media":232356,"comment_status":"","ping_status":"","sticky":false,"template":"","format":"standard","meta":{"footnotes":""},"categories":[2821],"tags":[1111,11,829,1777,674,118,1011,27,12,1072,4020,584,25],"class_list":{"0":"post-232355","1":"post","2":"type-post","3":"status-publish","4":"format-standard","5":"has-post-thumbnail","7":"category-rennes","8":"tag-actu","9":"tag-actualites","10":"tag-bretagne","11":"tag-eu","12":"tag-europe","13":"tag-faits-divers","14":"tag-fr","15":"tag-france","16":"tag-news","17":"tag-police","18":"tag-religion","19":"tag-rennes","20":"tag-republique-francaise"},"share_on_mastodon":{"url":"https:\/\/pubeurope.com\/@fr\/114811345691445373","error":""},"_links":{"self":[{"href":"https:\/\/www.europesays.com\/fr\/wp-json\/wp\/v2\/posts\/232355","targetHints":{"allow":["GET"]}}],"collection":[{"href":"https:\/\/www.europesays.com\/fr\/wp-json\/wp\/v2\/posts"}],"about":[{"href":"https:\/\/www.europesays.com\/fr\/wp-json\/wp\/v2\/types\/post"}],"author":[{"embeddable":true,"href":"https:\/\/www.europesays.com\/fr\/wp-json\/wp\/v2\/users\/2"}],"replies":[{"embeddable":true,"href":"https:\/\/www.europesays.com\/fr\/wp-json\/wp\/v2\/comments?post=232355"}],"version-history":[{"count":0,"href":"https:\/\/www.europesays.com\/fr\/wp-json\/wp\/v2\/posts\/232355\/revisions"}],"wp:featuredmedia":[{"embeddable":true,"href":"https:\/\/www.europesays.com\/fr\/wp-json\/wp\/v2\/media\/232356"}],"wp:attachment":[{"href":"https:\/\/www.europesays.com\/fr\/wp-json\/wp\/v2\/media?parent=232355"}],"wp:term":[{"taxonomy":"category","embeddable":true,"href":"https:\/\/www.europesays.com\/fr\/wp-json\/wp\/v2\/categories?post=232355"},{"taxonomy":"post_tag","embeddable":true,"href":"https:\/\/www.europesays.com\/fr\/wp-json\/wp\/v2\/tags?post=232355"}],"curies":[{"name":"wp","href":"https:\/\/api.w.org\/{rel}","templated":true}]}}