{"id":232368,"date":"2025-07-07T10:01:12","date_gmt":"2025-07-07T10:01:12","guid":{"rendered":"https:\/\/www.europesays.com\/fr\/232368\/"},"modified":"2025-07-07T10:01:12","modified_gmt":"2025-07-07T10:01:12","slug":"girondins-john-williams-nous-allons-annoncer-douze-a-treize-signatures-en-ce-debut-de-semaine","status":"publish","type":"post","link":"https:\/\/www.europesays.com\/fr\/232368\/","title":{"rendered":"Girondins. John Williams : \u00ab\u00a0Nous allons annoncer douze \u00e0 treize signatures en ce d\u00e9but de semaine\u00a0\u00bb"},"content":{"rendered":"<p><img decoding=\"async\" src=\"https:\/\/www.europesays.com\/fr\/wp-content\/uploads\/2025\/04\/671_4959099f7e4a3a2e0704231761ee9449.jpg\" alt=\"Girondins. John Williams : &quot;Nous allons annoncer douze \u00e0 treize signatures en ce d\u00e9but de semaine&quot;\" class=\"img-responsive mt-3\"\/><\/p>\n<p class=\"text-center mb-3\" style=\"font-size: 14px\">\u00a9 Iconsport<\/p>\n<p>\u00ab\u00a0Nous allons annoncer douze \u00e0 treize signatures en ce d\u00e9but de semaine. Pour aborder le championnat, nous souhaitons disposer de seize \u00e0 dix-sept joueurs de champ et de deux gardiens de but\u00a0\u00bb annonc\u00e9s John Williams \u00e0 <a href=\"https:\/\/www.lequipe.fr\/Football\/Actualites\/Six-recrues-attendues-a-bordeaux-pour-la-reprise-douze-a-treize-signatures-attendues-dans-la-semaine\/1576049\" target=\"_blank\" rel=\"noopener\">L&rsquo;\u00c9quipe<\/a> ce lundi.<\/p>\n<p>Pour l&rsquo;instant, nous avons 6 noms de joueurs (non officiel) qui se sont ajout\u00e9s \u00e0 celui de Matthieu Villette. Il s&rsquo;agit de <a href=\"https:\/\/www.webgirondins.com\/actualite-mercato-girondins-guillaume-odru-arrive-a-bordeaux-129640\" target=\"_blank\" rel=\"noopener\">Guillaume Odru<\/a> (milieu relayeur, 28 ans), Abou Ba (milieu d\u00e9fensif, 26 ans), les ailiers Steve Shamal (29 ans) et Royce Openda (23 ans), l&rsquo;avant-centre Lud\u00e9ric Etonde (24 ans) et le d\u00e9fenseur central \u00c9ric Vandenabeele (33 ans). <a href=\"https:\/\/www.webgirondins.com\/actualite-girondins-girondins-les-noms-des-premieres-recrues-devoilees-a-bordeaux-129644\" target=\"_blank\" rel=\"noopener\">En savoir plus ici<\/a>.<\/p>\n<p>Au total cela ferait 7 recrues. Si l&rsquo;on en croit John Williams, au moins 5 joueurs de plus doivent \u00eatre annonc\u00e9es dans ce d\u00e9but de semaine, dont un gardien de but, au moins.<\/p>\n<p style=\"text-align: justify;\">\u00c0 lire &gt;&gt; <strong><a href=\"https:\/\/www.webgirondins.com\/actualite-mercato-girondins-steve-shamal-va-signer-a-bordeaux-129638\" target=\"_blank\" rel=\"noopener\">Steve Shamal va signer \u00e0 Bordeaux<\/a><\/strong><\/p>\n<p style=\"text-align: justify;\">Notre podcast crout \u00e0 \u00e9couter :<\/p>\n<p>\u00a0<\/p>\n","protected":false},"excerpt":{"rendered":"\u00a9 Iconsport \u00ab\u00a0Nous allons annoncer douze \u00e0 treize signatures en ce d\u00e9but de semaine. Pour aborder le championnat,&hellip;\n","protected":false},"author":2,"featured_media":43845,"comment_status":"","ping_status":"","sticky":false,"template":"","format":"standard","meta":{"footnotes":""},"categories":[2817],"tags":[1111,11,37131,18306,10180,1997,1869,37132,6769,1777,674,1011,27,1987,7041,1441,9865,37135,12,3946,2219,11137,471,18859,9834,25,5572,37137,37134,16567,37133,37136,2771],"class_list":{"0":"post-232368","1":"post","2":"type-post","3":"status-publish","4":"format-standard","5":"has-post-thumbnail","7":"category-bordeaux","8":"tag-actu","9":"tag-actualites","10":"tag-allons","11":"tag-annoncer","12":"tag-attendues","13":"tag-bordeaux","14":"tag-debut","15":"tag-douze","16":"tag-entrainement","17":"tag-eu","18":"tag-europe","19":"tag-fr","20":"tag-france","21":"tag-girondins","22":"tag-john","23":"tag-joueur","24":"tag-lundi","25":"tag-matthieu","26":"tag-news","27":"tag-nous","28":"tag-nouvelle-aquitaine","29":"tag-officiellement","30":"tag-pour","31":"tag-recrute","32":"tag-reprise","33":"tag-republique-francaise","34":"tag-semaine","35":"tag-seraient","36":"tag-signatures","37":"tag-supplementaires","38":"tag-treize","39":"tag-villette","40":"tag-williams"},"share_on_mastodon":{"url":"https:\/\/pubeurope.com\/@fr\/114811377030764834","error":""},"_links":{"self":[{"href":"https:\/\/www.europesays.com\/fr\/wp-json\/wp\/v2\/posts\/232368","targetHints":{"allow":["GET"]}}],"collection":[{"href":"https:\/\/www.europesays.com\/fr\/wp-json\/wp\/v2\/posts"}],"about":[{"href":"https:\/\/www.europesays.com\/fr\/wp-json\/wp\/v2\/types\/post"}],"author":[{"embeddable":true,"href":"https:\/\/www.europesays.com\/fr\/wp-json\/wp\/v2\/users\/2"}],"replies":[{"embeddable":true,"href":"https:\/\/www.europesays.com\/fr\/wp-json\/wp\/v2\/comments?post=232368"}],"version-history":[{"count":0,"href":"https:\/\/www.europesays.com\/fr\/wp-json\/wp\/v2\/posts\/232368\/revisions"}],"wp:featuredmedia":[{"embeddable":true,"href":"https:\/\/www.europesays.com\/fr\/wp-json\/wp\/v2\/media\/43845"}],"wp:attachment":[{"href":"https:\/\/www.europesays.com\/fr\/wp-json\/wp\/v2\/media?parent=232368"}],"wp:term":[{"taxonomy":"category","embeddable":true,"href":"https:\/\/www.europesays.com\/fr\/wp-json\/wp\/v2\/categories?post=232368"},{"taxonomy":"post_tag","embeddable":true,"href":"https:\/\/www.europesays.com\/fr\/wp-json\/wp\/v2\/tags?post=232368"}],"curies":[{"name":"wp","href":"https:\/\/api.w.org\/{rel}","templated":true}]}}