{"id":232371,"date":"2025-07-07T10:03:08","date_gmt":"2025-07-07T10:03:08","guid":{"rendered":"https:\/\/www.europesays.com\/fr\/232371\/"},"modified":"2025-07-07T10:03:08","modified_gmt":"2025-07-07T10:03:08","slug":"pourquoi-il-ne-se-fera-pas-a-court-terme","status":"publish","type":"post","link":"https:\/\/www.europesays.com\/fr\/232371\/","title":{"rendered":"pourquoi il ne se fera pas \u00e0 court terme"},"content":{"rendered":"<p>            Par<br \/>\n        <strong><br \/>\n            <a href=\"https:\/\/actu.fr\/auteur\/david-saint-sernin\" title=\"Consulter tous les articles de David Saint-Sernin\" target=\"_blank\" rel=\"noopener\">David Saint-Sernin<\/a><br \/>\n        <\/strong><\/p>\n<p>        Publi\u00e9 le<\/p>\n<p>            7 juil. 2025 \u00e0 11h47        <\/p>\n<p>Depuis trois ans, <a href=\"https:\/\/actu.fr\/occitanie\/toulouse_31555\/un-lycee-va-etre-construit-au-nord-de-toulouse-voici-ou-il-pourra-voir-le-jour_60198802.html\" target=\"_blank\" rel=\"noopener\">il y avait un projet de nouveau lyc\u00e9e au nord de Toulouse<\/a>. En octobre\u00a02023, la <strong>R\u00e9gion Occitanie<\/strong> avait m\u00eame lanc\u00e9 <a href=\"https:\/\/actu.fr\/occitanie\/toulouse_31555\/un-lycee-va-etre-construit-au-nord-de-toulouse-voici-ou-il-pourra-voir-le-jour_60198802.html\" target=\"_blank\" rel=\"noopener\">un appel \u00e0 candidatures<\/a> \u00ab\u2009pour d\u00e9terminer le lieu de construction\u2009\u00bb de ce nouveau lyc\u00e9e. Cet appel \u00e0 candidatures avait \u00e9t\u00e9 ouvert aux communes et intercommunalit\u00e9s situ\u00e9es au Nord de l\u2019agglom\u00e9ration toulousaine et dans les limites du d\u00e9partement de la Haute-Garonne (sur les territoires des communaut\u00e9s de communes des Coteaux de Bellevue, des Hauts-Tolosans, du Frontonnais et du Nord de Toulouse M\u00e9tropole).<br \/>\u00c0 l\u2019\u00e9poque, la R\u00e9gion \u00e9voquait un besoin particulier \u00ab\u2009en r\u00e9ponse \u00e0 l\u2019augmentation constante du nombre d\u2019habitants dans le Nord de l\u2019agglom\u00e9ration toulousaine\u2009\u00bb. Plusieurs communes comme <a href=\"https:\/\/actu.fr\/occitanie\/grenade_31232\" target=\"_blank\" rel=\"noopener\">Grenade<\/a> et <a href=\"https:\/\/actu.fr\/occitanie\/castelnau-d-estretefonds_31118\" target=\"_blank\" rel=\"noopener\">Castelnau-d\u2019Estr\u00e9tefonds<\/a> s\u2019\u00e9taient port\u00e9es candidates. Mais en ce mois de juillet\u00a02025, la R\u00e9gion revient sur sa d\u00e9cision. Ce nouveau lyc\u00e9e ne se fera pas \u00e0 court terme, ni moyen terme. Les explications.<\/p>\n<p>Un maire annonce l\u2019annulation du projet<\/p>\n<p class=\" wall-content\">C\u2019est<strong> le maire de Grenade, Jean-Paul Delmas<\/strong>, qui a annonc\u00e9 la nouvelle \u00e0 ses administr\u00e9s le 4\u00a0juillet 2025\u2009:<\/p>\n<p class=\" wall-content\">\u00ab\u2009En 2022, la R\u00e9gion Occitanie Pyr\u00e9n\u00e9es M\u00e9diterran\u00e9e avait act\u00e9 le projet de construction d\u2019un nouveau lyc\u00e9e au nord de l\u2019agglom\u00e9ration toulousaine, et lanc\u00e9 un appel \u00e0 manifestation d\u2019int\u00e9r\u00eat aupr\u00e8s des communes du secteur. Notre commune s\u2019\u00e9tait port\u00e9e candidate, en proposant un terrain adapt\u00e9. Lors de la visite de ce terrain au printemps 2024, M. Chibli Kamel, Vice-Pr\u00e9sident D\u00e9l\u00e9gu\u00e9 \u00e0 l\u2019\u00e9ducation, l\u2019orientation, la jeunesse et les sports, a pu constater le s\u00e9rieux de notre dossier. Cependant, nous avons r\u00e9cemment \u00e9t\u00e9 inform\u00e9s par Mme Carole Delga, Pr\u00e9sidente de la R\u00e9gion Occitanie,<strong> qu\u2019au vu de l\u2019\u00e9volution de la d\u00e9mographie scolaire<\/strong>, \u00e0 savoir la baisse annonc\u00e9e des effectifs scolaires du 1er degr\u00e9, ainsi que les perspectives de baisse du nombre de lyc\u00e9ens \u00e0 compter de l\u2019ann\u00e9e 2030, la cr\u00e9ation d\u2019un nouvel \u00e9tablissement ne sera pas envisag\u00e9e \u00e0 court terme. Les capacit\u00e9s d\u2019accueil actuelles des lyc\u00e9es existants devraient suffire \u00e0 absorber les besoins futurs\u2009\u00bb, d\u00e9taille-t-il sur Facebook.<\/p>\n<p>La R\u00e9gion Occitanie confirme<\/p>\n<p class=\" wall-content\">Une d\u00e9cision que la R\u00e9gion Occitanie a confirm\u00e9 le m\u00eame jour \u00e0 Actu Toulouse en pr\u00e9cisant :\u00a0<\/p>\n<p class=\" wall-content\">\u00ab\u2009Ces donn\u00e9es (d\u00e9mographiques, NDLR) sont susceptibles d\u2019\u00e9voluer, ce qui pourrait nous amener \u00e0 r\u00e9interroger la pertinence de ce projet \u00e0 plus long terme\u2009\u00bb.<\/p>\n<p class=\" wall-content\">Au nord de Toulouse, le dernier lyc\u00e9e \u00e0 avoir vu le jour est celui de Gragnague. Il a \u00e9t\u00e9 inaugur\u00e9 en septembre\u00a02022.<\/p>\n<p>Un nouveau lyc\u00e9e \u00e0 Auterive \u00e0 partir de septembre<\/p>\n<p class=\" wall-content\">Le <a href=\"https:\/\/actu.fr\/occitanie\/auterive_31033\/education-un-lycee-de-proximite-tourne-vers-les-metiers-de-la-sante-en-construction-a-auterive_60572689.html\" target=\"_blank\" rel=\"noopener\">prochain lyc\u00e9e qui va ouvrir en Haute-Garonne<\/a> sera situ\u00e9 \u00e0 Auterive, au sud de Toulouse.<\/p>\n<p class=\" wall-content\">Le nouveau b\u00e2timent de pr\u00e8s de 11\u2009000 m\u00b2\u00a0 comprendra \u00e9galement un internat de 50 places, un service de restauration, et sera compl\u00e9t\u00e9 par un gymnase et une salle polyvalente dont les travaux ont d\u00e9but\u00e9 depuis plusieurs mois. Il pourra accueillir, d\u00e8s son ouverture en septembre\u00a02025, 1\u2009050\u00a0\u00e9l\u00e8ves.<\/p>\n<p class=\" wall-content\">Le futur lyc\u00e9e d\u2019Auterive sera le dixi\u00e8me lyc\u00e9e neuf d\u2019Occitanie \u00e0 ouvrir depuis 2016, et le sixi\u00e8me en Haute-Garonne.<\/p>\n<p class=\" wall-content\">Suivez toute l\u2019actualit\u00e9 de vos villes et m\u00e9dias favoris en vous inscrivant \u00e0 <a href=\"https:\/\/moncompte.actu.fr\" title=\"D\u00e9couvez Mon Actu\" rel=\"nofollow noopener\" data-trk=\"{&quot;cta&quot;:{&quot;action&quot;:&quot;https:\\\/\\\/moncompte.actu.fr&quot;,&quot;category&quot;:&quot;mon compte&quot;,&quot;from&quot;:&quot;article footer&quot;,&quot;name&quot;:&quot;Mon actu&quot;,&quot;type&quot;:&quot;cta&quot;}}\" target=\"_blank\">Mon Actu<\/a>.<\/p>\n<ul class=\"ac-article-tag wall-content\">\n<li><a href=\"https:\/\/actu.fr\/tag\/carole-delga\" data-trk=\"{&quot;cta&quot;:{&quot;action&quot;:&quot;Carole Delga&quot;,&quot;category&quot;:&quot;tag&quot;,&quot;from&quot;:&quot;article footer&quot;,&quot;name&quot;:&quot;Carole Delga&quot;,&quot;type&quot;:&quot;cta&quot;}}\" target=\"_blank\" rel=\"noopener\">#Carole Delga<\/a><\/li>\n<li><a href=\"https:\/\/actu.fr\/tag\/region-occitanie\" data-trk=\"{&quot;cta&quot;:{&quot;action&quot;:&quot;R\\u00e9gion Occitanie&quot;,&quot;category&quot;:&quot;tag&quot;,&quot;from&quot;:&quot;article footer&quot;,&quot;name&quot;:&quot;R\\u00e9gion Occitanie&quot;,&quot;type&quot;:&quot;cta&quot;}}\" target=\"_blank\" rel=\"noopener\">#R\u00e9gion Occitanie<\/a><\/li>\n<\/ul>\n","protected":false},"excerpt":{"rendered":"Par David Saint-Sernin Publi\u00e9 le 7 juil. 2025 \u00e0 11h47 Depuis trois ans, il y avait un projet&hellip;\n","protected":false},"author":2,"featured_media":232372,"comment_status":"","ping_status":"","sticky":false,"template":"","format":"standard","meta":{"footnotes":""},"categories":[2816],"tags":[1111,11,14587,1777,674,1011,27,12,2680,16417,25,104,2312],"class_list":{"0":"post-232371","1":"post","2":"type-post","3":"status-publish","4":"format-standard","5":"has-post-thumbnail","7":"category-toulouse","8":"tag-actu","9":"tag-actualites","10":"tag-carole-delga","11":"tag-eu","12":"tag-europe","13":"tag-fr","14":"tag-france","15":"tag-news","16":"tag-occitanie","17":"tag-region-occitanie","18":"tag-republique-francaise","19":"tag-societe","20":"tag-toulouse"},"share_on_mastodon":{"url":"https:\/\/pubeurope.com\/@fr\/114811384829266068","error":""},"_links":{"self":[{"href":"https:\/\/www.europesays.com\/fr\/wp-json\/wp\/v2\/posts\/232371","targetHints":{"allow":["GET"]}}],"collection":[{"href":"https:\/\/www.europesays.com\/fr\/wp-json\/wp\/v2\/posts"}],"about":[{"href":"https:\/\/www.europesays.com\/fr\/wp-json\/wp\/v2\/types\/post"}],"author":[{"embeddable":true,"href":"https:\/\/www.europesays.com\/fr\/wp-json\/wp\/v2\/users\/2"}],"replies":[{"embeddable":true,"href":"https:\/\/www.europesays.com\/fr\/wp-json\/wp\/v2\/comments?post=232371"}],"version-history":[{"count":0,"href":"https:\/\/www.europesays.com\/fr\/wp-json\/wp\/v2\/posts\/232371\/revisions"}],"wp:featuredmedia":[{"embeddable":true,"href":"https:\/\/www.europesays.com\/fr\/wp-json\/wp\/v2\/media\/232372"}],"wp:attachment":[{"href":"https:\/\/www.europesays.com\/fr\/wp-json\/wp\/v2\/media?parent=232371"}],"wp:term":[{"taxonomy":"category","embeddable":true,"href":"https:\/\/www.europesays.com\/fr\/wp-json\/wp\/v2\/categories?post=232371"},{"taxonomy":"post_tag","embeddable":true,"href":"https:\/\/www.europesays.com\/fr\/wp-json\/wp\/v2\/tags?post=232371"}],"curies":[{"name":"wp","href":"https:\/\/api.w.org\/{rel}","templated":true}]}}