{"id":232375,"date":"2025-07-07T10:06:08","date_gmt":"2025-07-07T10:06:08","guid":{"rendered":"https:\/\/www.europesays.com\/fr\/232375\/"},"modified":"2025-07-07T10:06:08","modified_gmt":"2025-07-07T10:06:08","slug":"marseille-le-parc-national-des-calanques-interdit-au-public-voici-pourquoi","status":"publish","type":"post","link":"https:\/\/www.europesays.com\/fr\/232375\/","title":{"rendered":"Marseille. Le parc national des Calanques interdit au public, voici pourquoi"},"content":{"rendered":"<p>            Par<br \/>\n        <strong><br \/>\n            <a href=\"https:\/\/actu.fr\/auteur\/thibault-nadal-actu-fr\" title=\"Consulter tous les articles de Thibault Nadal\" target=\"_blank\" rel=\"noopener\">Thibault Nadal<\/a><br \/>\n        <\/strong><\/p>\n<p>        Publi\u00e9 le<\/p>\n<p>            7 juil. 2025 \u00e0 10h06        <\/p>\n<p>Attention si vous aviez pr\u00e9vu de vous rendre dans les <a href=\"https:\/\/actu.fr\/tag\/calanques\" target=\"_blank\" rel=\"noopener\">Calanques<\/a> (<a href=\"https:\/\/actu.fr\/marseille\/\" target=\"_blank\" rel=\"noopener\">Marseille<\/a>, 8e) ce lundi 7\u00a0juillet 2025. Le parc est exceptionnellement ferm\u00e9 en raison <strong>\u00ab\u2009d\u2019un risque s\u00e9v\u00e8re d\u2019incendie\u2009\u00bb<\/strong>, annonce la pr\u00e9fecture des <a href=\"https:\/\/actu.fr\/provence-alpes-cote-d-azur\/bouches-du-rhone_13\" target=\"_blank\" rel=\"noopener\">Bouches-du-Rh\u00f4ne<\/a>.<\/p>\n<p>Un risque \u00ab\u2009s\u00e9v\u00e8re\u2009\u00bb d\u2019incendie<\/p>\n<p class=\" wall-content\"><a href=\"https:\/\/actu.fr\/provence-alpes-cote-d-azur\/marseille_13055\/marseille-apres-la-canicule-la-meteo-va-radicalement-changer-voici-les-previsions_62862237.html\" target=\"_blank\" rel=\"noopener\">Le (tr\u00e8s) long \u00e9pisode de canicule a pris fin ce lundi 6\u00a0juillet<\/a>. D\u00e8s dimanche, les temp\u00e9ratures ont brutalement chut\u00e9 en fin de journ\u00e9e avec l\u2019arriv\u00e9e d\u2019une l\u00e9g\u00e8re pluie. <strong>Le vent<\/strong> est, lui aussi, arriv\u00e9 en force.<\/p>\n<p class=\" wall-content\">C\u2019est ce dernier \u00e9l\u00e9ment qui a contraint les autorit\u00e9s \u00e0 prendre la d\u00e9cision de fermer le parc des Calanques. \u00ab\u2009<strong>En raison des conditions m\u00e9t\u00e9orologiques<\/strong> pr\u00e9vues pour la journ\u00e9e de demain, le niveau de risque <a href=\"https:\/\/actu.fr\/tag\/feux-de-foret\" target=\"_blank\" rel=\"noopener\">d\u2019incendie de for\u00eat<\/a> est jug\u00e9 tr\u00e8s s\u00e9v\u00e8re\u2009\u00bb, indique la pr\u00e9fecture dans un communiqu\u00e9.<\/p>\n<p class=\" wall-content\">\n<p class=\" wall-content\">Les Bouches-du-Rh\u00f4ne ont d\u2019ailleurs \u00e9t\u00e9 plac\u00e9s en <strong>vigilance rouge face aux risques de feux de for\u00eat<\/strong>. Une d\u00e9cision qui doit durer jusqu\u2019\u00e0 mardi soir.<\/p>\n<p>Plusieurs massifs forestiers ferm\u00e9s ce lundi<\/p>\n<p class=\" wall-content\">Dans cette zone, <strong>\u00ab\u2009l\u2019acc\u00e8s, la pr\u00e9sence et la circulation des personnes ainsi que les travaux y sont strictement interdits\u2009\u00bb<\/strong>.<\/p>\n<p>Vid\u00e9os : en ce moment sur Actu<\/p>\n<p class=\" wall-content\"><strong>Voici la liste des massifs ferm\u00e9s\u2009<\/strong>:<\/p>\n<ul class=\" wall-content\">\n<li>Alpilles,<\/li>\n<li>Arbois,<\/li>\n<li>Cap Canaille,<\/li>\n<li>Castillon,<\/li>\n<li>Cha\u00eene des C\u00f4tes,<\/li>\n<li>Chambremont,<\/li>\n<li>Collines de Gardanne,<\/li>\n<li>Concors,<\/li>\n<li>Cote Bleue,<\/li>\n<li>\u00c9toile,<\/li>\n<li>Garlaban,<\/li>\n<li>Grand Caunet,<\/li>\n<li>Lan\u00e7on,<\/li>\n<li>Les Roques,<\/li>\n<li>Montagnette,<\/li>\n<li>Montaiguet,<\/li>\n<li>Pont de Rhaud,<\/li>\n<li>Quatre Termes,<\/li>\n<li>Regagnas,<\/li>\n<li>Rougadou,<\/li>\n<li>Sainte-Victoire,<\/li>\n<li>Sulauze,<\/li>\n<li>Trevaresse.<\/li>\n<\/ul>\n<p class=\" wall-content\">Suivez toute l\u2019actualit\u00e9 de vos villes et m\u00e9dias favoris en vous inscrivant \u00e0 <a href=\"https:\/\/moncompte.actu.fr\" title=\"D\u00e9couvez Mon Actu\" rel=\"nofollow noopener\" data-trk=\"{&quot;cta&quot;:{&quot;action&quot;:&quot;https:\\\/\\\/moncompte.actu.fr&quot;,&quot;category&quot;:&quot;mon compte&quot;,&quot;from&quot;:&quot;article footer&quot;,&quot;name&quot;:&quot;Mon actu&quot;,&quot;type&quot;:&quot;cta&quot;}}\" target=\"_blank\">Mon Actu<\/a>.<\/p>\n<ul class=\"ac-article-tag wall-content\">\n<li><a href=\"https:\/\/actu.fr\/tag\/feux-de-foret\" data-trk=\"{&quot;cta&quot;:{&quot;action&quot;:&quot;Feux de for\\u00eat&quot;,&quot;category&quot;:&quot;tag&quot;,&quot;from&quot;:&quot;article footer&quot;,&quot;name&quot;:&quot;Feux de for\\u00eat&quot;,&quot;type&quot;:&quot;cta&quot;}}\" target=\"_blank\" rel=\"noopener\">#Feux de for\u00eat<\/a><\/li>\n<li><a href=\"https:\/\/actu.fr\/tag\/parc-des-calanques\" data-trk=\"{&quot;cta&quot;:{&quot;action&quot;:&quot;Parc des Calanques&quot;,&quot;category&quot;:&quot;tag&quot;,&quot;from&quot;:&quot;article footer&quot;,&quot;name&quot;:&quot;Parc des Calanques&quot;,&quot;type&quot;:&quot;cta&quot;}}\" target=\"_blank\" rel=\"noopener\">#Parc des Calanques<\/a><\/li>\n<\/ul>\n","protected":false},"excerpt":{"rendered":"Par Thibault Nadal Publi\u00e9 le 7 juil. 2025 \u00e0 10h06 Attention si vous aviez pr\u00e9vu de vous rendre&hellip;\n","protected":false},"author":2,"featured_media":232376,"comment_status":"","ping_status":"","sticky":false,"template":"","format":"standard","meta":{"footnotes":""},"categories":[2814],"tags":[1111,11,1777,674,27571,1011,27,884,2487,12,9927,882,25],"class_list":{"0":"post-232375","1":"post","2":"type-post","3":"status-publish","4":"format-standard","5":"has-post-thumbnail","7":"category-marseille","8":"tag-actu","9":"tag-actualites","10":"tag-eu","11":"tag-europe","12":"tag-feux-de-foret","13":"tag-fr","14":"tag-france","15":"tag-marseille","16":"tag-meteo","17":"tag-news","18":"tag-parc-des-calanques","19":"tag-provence-alpes-cote-dazur","20":"tag-republique-francaise"},"share_on_mastodon":{"url":"https:\/\/pubeurope.com\/@fr\/114811396633475831","error":""},"_links":{"self":[{"href":"https:\/\/www.europesays.com\/fr\/wp-json\/wp\/v2\/posts\/232375","targetHints":{"allow":["GET"]}}],"collection":[{"href":"https:\/\/www.europesays.com\/fr\/wp-json\/wp\/v2\/posts"}],"about":[{"href":"https:\/\/www.europesays.com\/fr\/wp-json\/wp\/v2\/types\/post"}],"author":[{"embeddable":true,"href":"https:\/\/www.europesays.com\/fr\/wp-json\/wp\/v2\/users\/2"}],"replies":[{"embeddable":true,"href":"https:\/\/www.europesays.com\/fr\/wp-json\/wp\/v2\/comments?post=232375"}],"version-history":[{"count":0,"href":"https:\/\/www.europesays.com\/fr\/wp-json\/wp\/v2\/posts\/232375\/revisions"}],"wp:featuredmedia":[{"embeddable":true,"href":"https:\/\/www.europesays.com\/fr\/wp-json\/wp\/v2\/media\/232376"}],"wp:attachment":[{"href":"https:\/\/www.europesays.com\/fr\/wp-json\/wp\/v2\/media?parent=232375"}],"wp:term":[{"taxonomy":"category","embeddable":true,"href":"https:\/\/www.europesays.com\/fr\/wp-json\/wp\/v2\/categories?post=232375"},{"taxonomy":"post_tag","embeddable":true,"href":"https:\/\/www.europesays.com\/fr\/wp-json\/wp\/v2\/tags?post=232375"}],"curies":[{"name":"wp","href":"https:\/\/api.w.org\/{rel}","templated":true}]}}