{"id":232379,"date":"2025-07-07T10:08:08","date_gmt":"2025-07-07T10:08:08","guid":{"rendered":"https:\/\/www.europesays.com\/fr\/232379\/"},"modified":"2025-07-07T10:08:08","modified_gmt":"2025-07-07T10:08:08","slug":"une-femme-decede-apres-une-chute-du-3e-etage-dun-ehpad","status":"publish","type":"post","link":"https:\/\/www.europesays.com\/fr\/232379\/","title":{"rendered":"une femme d\u00e9c\u00e8de apr\u00e8s une chute du 3e \u00e9tage d\u2019un Ehpad"},"content":{"rendered":"<p itemprop=\"description\"><strong>Une femme est d\u00e9c\u00e9d\u00e9e apr\u00e8s avoir chut\u00e9 du 3e \u00e9tage de l\u2019Ehpad du Centre hospitalier de Belleville-en-Beaujolais ce dimanche 6 juillet.<\/strong><\/p>\n<p>Les faits se sont d\u00e9roul\u00e9s ce dimanche 6 juillet, dans l\u2019Ehpad du Centre hospitalier de Belleville-en-Beaujolais, situ\u00e9 rue Paulin-Bussi\u00e8res. Selon les informations du Progr\u00e8s, une femme a chut\u00e9 du troisi\u00e8me \u00e9tage de l\u2019Ehpad. Elle a \u00e9t\u00e9 retrouv\u00e9e gisante sur le sol. \u00c2g\u00e9e de 82 ans, elle r\u00e9sidait au sein de l\u2019\u00e9tablissement depuis le mois d\u2019avril.<\/p>\n<p>Une dizaine de sapeurs-pompiers accompagn\u00e9s d\u2019une ambulance se sont vite rendus sur place apr\u00e8s avoir \u00e9t\u00e9 alert\u00e9s aux alentours de 9h45. Une fois sur les lieux, la victime \u00e9tait encore en vie. Des man\u0153uvres ont donc directement \u00e9t\u00e9 entam\u00e9es. Mais cela a \u00e9t\u00e9 sans succ\u00e8s. La r\u00e9sidente a succomb\u00e9 \u00e0 ses blessures quelques minutes plus tard.<\/p>\n<p>Son d\u00e9c\u00e8s a \u00e9t\u00e9 officiellement constat\u00e9 par un m\u00e9decin. Une enqu\u00eate a \u00e9t\u00e9 ouverte afin de d\u00e9terminer les circonstances exactes de l\u2019accident selon le Parquet de Villefranche-sur-Sa\u00f4ne. La piste du suicide par d\u00e9fenestration est pour l\u2019instant privil\u00e9gi\u00e9e.<\/p>\n","protected":false},"excerpt":{"rendered":"Une femme est d\u00e9c\u00e9d\u00e9e apr\u00e8s avoir chut\u00e9 du 3e \u00e9tage de l\u2019Ehpad du Centre hospitalier de Belleville-en-Beaujolais ce&hellip;\n","protected":false},"author":2,"featured_media":232380,"comment_status":"","ping_status":"","sticky":false,"template":"","format":"standard","meta":{"footnotes":""},"categories":[1889],"tags":[1111,11,2813,2190,2430,1109,251,1112,2811,1777,674,118,1011,27,1922,1110,1114,2428,2810,12,241,316,25,2812,517,800],"class_list":{"0":"post-232379","1":"post","2":"type-post","3":"status-publish","4":"format-standard","5":"has-post-thumbnail","7":"category-lyon","8":"tag-actu","9":"tag-actualites","10":"tag-article","11":"tag-asvel","12":"tag-auvergne-rhone-alpes","13":"tag-breves","14":"tag-culture","15":"tag-depeches","16":"tag-economique","17":"tag-eu","18":"tag-europe","19":"tag-faits-divers","20":"tag-fr","21":"tag-france","22":"tag-info","23":"tag-informations","24":"tag-infos","25":"tag-lyon","26":"tag-lyonmag","27":"tag-news","28":"tag-ol","29":"tag-politique","30":"tag-republique-francaise","31":"tag-sociale","32":"tag-sport","33":"tag-transports"},"share_on_mastodon":{"url":"https:\/\/pubeurope.com\/@fr\/114811404556738195","error":""},"_links":{"self":[{"href":"https:\/\/www.europesays.com\/fr\/wp-json\/wp\/v2\/posts\/232379","targetHints":{"allow":["GET"]}}],"collection":[{"href":"https:\/\/www.europesays.com\/fr\/wp-json\/wp\/v2\/posts"}],"about":[{"href":"https:\/\/www.europesays.com\/fr\/wp-json\/wp\/v2\/types\/post"}],"author":[{"embeddable":true,"href":"https:\/\/www.europesays.com\/fr\/wp-json\/wp\/v2\/users\/2"}],"replies":[{"embeddable":true,"href":"https:\/\/www.europesays.com\/fr\/wp-json\/wp\/v2\/comments?post=232379"}],"version-history":[{"count":0,"href":"https:\/\/www.europesays.com\/fr\/wp-json\/wp\/v2\/posts\/232379\/revisions"}],"wp:featuredmedia":[{"embeddable":true,"href":"https:\/\/www.europesays.com\/fr\/wp-json\/wp\/v2\/media\/232380"}],"wp:attachment":[{"href":"https:\/\/www.europesays.com\/fr\/wp-json\/wp\/v2\/media?parent=232379"}],"wp:term":[{"taxonomy":"category","embeddable":true,"href":"https:\/\/www.europesays.com\/fr\/wp-json\/wp\/v2\/categories?post=232379"},{"taxonomy":"post_tag","embeddable":true,"href":"https:\/\/www.europesays.com\/fr\/wp-json\/wp\/v2\/tags?post=232379"}],"curies":[{"name":"wp","href":"https:\/\/api.w.org\/{rel}","templated":true}]}}