{"id":232381,"date":"2025-07-07T10:09:09","date_gmt":"2025-07-07T10:09:09","guid":{"rendered":"https:\/\/www.europesays.com\/fr\/232381\/"},"modified":"2025-07-07T10:09:09","modified_gmt":"2025-07-07T10:09:09","slug":"non-lieu-attendu-dans-la-gestion-du-covid-19-un-cortege-de-mariage-degenere-au-sud-de-lyon-reforme-du-statut-de-lelu-local-les-3-infos-a-retenir-a-la-mi-journee","status":"publish","type":"post","link":"https:\/\/www.europesays.com\/fr\/232381\/","title":{"rendered":"Non-lieu attendu dans la gestion du Covid-19, un cort\u00e8ge de mariage d\u00e9g\u00e9n\u00e8re au sud de Lyon, r\u00e9forme du statut de l\u2019\u00e9lu local&#8230; Les 3 infos \u00e0 retenir \u00e0 la mi-journ\u00e9e"},"content":{"rendered":"<p><strong>LE POINT DE MIDI &#8211;<\/strong> Retrouvez l\u2019essentiel de l\u2019actualit\u00e9 parue ce lundi 7 juillet au matin sur notre site.<\/p>\n<p>Gestion du Covid-19\u00a0: non-lieu attendu ce lundi pour trois ex-membres du gouvernement<\/p>\n<p>    Le maire du Havre, pr\u00e9sident du parti Horizons et ancien Premier ministre \u00c9douard Philippe \u00e0 l\u2019h\u00f4tel Matignon, bureau du Premier ministre \u00e0 Paris, le 22 mai 2025.<br \/>\n                St\u00e9phane DE SAKUTIN \/ AFP<\/p>\n<p class=\"fig-paragraph\">Le 21 mai, un non-lieu avait \u00e9t\u00e9 requis en faveur de l\u2019ancien Premier ministre\u00a0<a href=\"http:\/\/www.lefigaro.fr\/actualite-france\/gestion-du-covid-19-non-lieu-attendu-ce-lundi-pour-trois-ex-membres-du-gouvernement-dont-edouard-philippe-20250707\" data-fig-type=\"NewsFlash\" data-gtm-custom-categorie=\"navigation\" data-gtm-custom-action=\"crossclick\" data-gtm-custom-label=\"Contextuel\" data-gtm-event=\"customEventSPE\" data-fig-domain=\"LEFIGARO\" target=\"_blank\" rel=\"noopener\">\u00c9douard Philippe<\/a>, l\u2019ancienne ministre de la Sant\u00e9 Agn\u00e8s Buzyn et son successeur Olivier V\u00e9ran. Il doit \u00eatre prononc\u00e9 ce lundi dans l\u2019enqu\u00eate men\u00e9e \u00e0 la Cour de justice de la R\u00e9publique (CJR) sur la gestion du Covid-19.<\/p>\n<p>Un cort\u00e8ge de mariage d\u00e9g\u00e9n\u00e8re au sud de Lyon\u00a0: 26 contraventions et 4 v\u00e9hicules saisis<\/p>\n<p>    22 verbalisations ont \u00e9t\u00e9 effectu\u00e9es par la police municipale. 4 par les gendarmes.<br \/>\n                ADOBE STOCK<\/p>\n<p class=\"fig-paragraph\">Un\u00a0<a href=\"http:\/\/www.lefigaro.fr\/lyon\/un-cortege-de-mariage-degenere-au-sud-de-lyon-26-contraventions-et-4-vehicules-saisis-20250707\" data-fig-type=\"NewsFlash\" data-gtm-custom-categorie=\"navigation\" data-gtm-custom-action=\"crossclick\" data-gtm-custom-label=\"Contextuel\" data-gtm-event=\"customEventSPE\" data-fig-domain=\"LEFIGARO\" target=\"_blank\" rel=\"noopener\">cort\u00e8ge de mariage a commis de nombreuses infractions<\/a>\u00a0vendredi 4 juillet sur la commune de Saint-Genis-Laval, au sud de Lyon. Trois \u00e9quipages de gendarmerie, dont deux du Psig, ont \u00e9t\u00e9 mobilis\u00e9s \u00e0 Saint-Genis-Laval pour accompagner la police municipale.<\/p>\n<p>Augmentation des indemnit\u00e9s, cr\u00e9ation d\u2019un \u00abcong\u00e9 \u00e9lectif\u00bb&#8230; La r\u00e9forme du statut de l\u2019\u00e9lu local arrive \u00e0 l\u2019Assembl\u00e9e<\/p>\n<p>    La proposition de loi, adopt\u00e9e par le S\u00e9nat en mars 2024, sera d\u00e9battue par les d\u00e9put\u00e9s \u00e0 partir de ce lundi.<br \/>\n                Tom NICHOLSON \/ REUTERS<\/p>\n<p>                                    <a class=\"fig-a11y-skip a11y-hidden\" href=\"#fig-a11y-skip-main-inarticle\"><br \/>\n        Passer la publicit\u00e9<br \/>\n    <\/a><\/p>\n<p class=\"fig-paragraph\">Les d\u00e9put\u00e9s s\u2019emparent lundi d\u2019une proposition de loi visant \u00e0\u00a0<a href=\"http:\/\/www.lefigaro.fr\/politique\/augmentation-des-indemnites-creation-d-un-conge-electif-la-reforme-du-statut-de-l-elu-local-arrive-a-l-assemblee-20250707\" data-fig-type=\"NewsFlash\" data-gtm-custom-categorie=\"navigation\" data-gtm-custom-action=\"crossclick\" data-gtm-custom-label=\"Contextuel\" data-gtm-event=\"customEventSPE\" data-fig-domain=\"LEFIGARO\" target=\"_blank\" rel=\"noopener\">encourager l\u2019engagement des \u00e9lus locaux<\/a>. D\u00e8s l\u2019entame des discussions, ils d\u00e9battront sur l\u2019augmentation des indemnit\u00e9s des maires et de leurs adjoints, que le gouvernement souhaite contenir pour des raisons budg\u00e9taires.<\/p>\n<p>Le chiffre du jour\u00a0: 865.881<\/p>\n<p class=\"fig-paragraph\">C\u2019est le nombre de coll\u00e9giens inscrits au\u00a0<a href=\"https:\/\/etudiant.lefigaro.fr\/vos-etudes\/etudes-secondaires\/33916-resultat-du-brevet-2025-les-premiers-resultats-et-les-heures-par-academie\/\" target=\"_blank\" rel=\"noopener\" data-gtm-custom-categorie=\"navigation\" data-gtm-custom-action=\"crossclick\" data-gtm-custom-label=\"Contextuel\" data-gtm-event=\"customEventSPE\">brevet des coll\u00e8ges<\/a>\u00a0cette ann\u00e9e et qui attendent d\u00e9sormais leurs r\u00e9sultats. Ces derniers doivent \u00eatre annonc\u00e9s entre le lundi 7 et le jeudi 10 juillet 2025, selon l\u2019acad\u00e9mie d\u2019affectation des coll\u00e9giens.<\/p>\n<p>Notre enqu\u00eate<\/p>\n<p>Fiscalit\u00e9\u00a0: au Portugal, la fin progressive d\u2019un eldorado pour les retrait\u00e9s fran\u00e7ais<\/p>\n<p class=\"fig-paragraph\">Longtemps privil\u00e9gi\u00e9 par les retrait\u00e9s pour son cadre de vie et son r\u00e9gime de faveur, le Portugal a d\u00fb revoir sa politique fiscale face \u00e0 la crise des prix immobiliers.<\/p>\n<p class=\"fig-body-cta-link\" data-module=\"fig-cta-link\" data-context=\"was @visible\">\n    <a class=\"fig-body-cta-link__link\" href=\"https:\/\/www.lefigaro.fr\/impots\/fiscalite-au-portugal-la-fin-progressive-d-un-eldorado-pour-les-retraites-francais-20250707\" target=\"_blank\" rel=\"follow noopener\" data-js-gtm=\"{&quot;event&quot;:&quot;customEventGA4&quot;,&quot;eventName&quot;:&quot;click_navigation&quot;,&quot;button_action&quot;:&quot;crossclick&quot;,&quot;feature&quot;:&quot;Contextuel_bouton&quot;,&quot;feature_details&quot;:&quot;NOTRE ENQU\\u00caTE&quot;,&quot;link_url&quot;:&quot;https:\\\/\\\/www.lefigaro.fr\\\/impots\\\/fiscalite-au-portugal-la-fin-progressive-d-un-eldorado-pour-les-retraites-francais-20250707&quot;}\"><br \/>\n                NOTRE ENQU\u00caTE<br \/>\n    <\/a>\n<\/p>\n<p>La photo \u00e0 retenir<\/p>\n<p>    Des pompiers luttent contre un incendie proche de la ville c\u00f4ti\u00e8re de Lerapetra, dans le sud-est de l\u2019\u00eele grecque de Cr\u00e8te.<br \/>\n                Costas METAXAKIS \/ AFP<\/p>\n<p>La vid\u00e9o du jour<\/p>\n","protected":false},"excerpt":{"rendered":"LE POINT DE MIDI &#8211; Retrouvez l\u2019essentiel de l\u2019actualit\u00e9 parue ce lundi 7 juillet au matin sur notre&hellip;\n","protected":false},"author":2,"featured_media":232382,"comment_status":"","ping_status":"","sticky":false,"template":"","format":"standard","meta":{"footnotes":""},"categories":[1889],"tags":[1111,11,2430,4357,3080,1777,674,1011,27,2428,1930,12,4190,25],"class_list":{"0":"post-232381","1":"post","2":"type-post","3":"status-publish","4":"format-standard","5":"has-post-thumbnail","7":"category-lyon","8":"tag-actu","9":"tag-actualites","10":"tag-auvergne-rhone-alpes","11":"tag-covid-19","12":"tag-edouard-philippe","13":"tag-eu","14":"tag-europe","15":"tag-fr","16":"tag-france","17":"tag-lyon","18":"tag-mariage","19":"tag-news","20":"tag-reforme","21":"tag-republique-francaise"},"share_on_mastodon":{"url":"https:\/\/pubeurope.com\/@fr\/114811408391015604","error":""},"_links":{"self":[{"href":"https:\/\/www.europesays.com\/fr\/wp-json\/wp\/v2\/posts\/232381","targetHints":{"allow":["GET"]}}],"collection":[{"href":"https:\/\/www.europesays.com\/fr\/wp-json\/wp\/v2\/posts"}],"about":[{"href":"https:\/\/www.europesays.com\/fr\/wp-json\/wp\/v2\/types\/post"}],"author":[{"embeddable":true,"href":"https:\/\/www.europesays.com\/fr\/wp-json\/wp\/v2\/users\/2"}],"replies":[{"embeddable":true,"href":"https:\/\/www.europesays.com\/fr\/wp-json\/wp\/v2\/comments?post=232381"}],"version-history":[{"count":0,"href":"https:\/\/www.europesays.com\/fr\/wp-json\/wp\/v2\/posts\/232381\/revisions"}],"wp:featuredmedia":[{"embeddable":true,"href":"https:\/\/www.europesays.com\/fr\/wp-json\/wp\/v2\/media\/232382"}],"wp:attachment":[{"href":"https:\/\/www.europesays.com\/fr\/wp-json\/wp\/v2\/media?parent=232381"}],"wp:term":[{"taxonomy":"category","embeddable":true,"href":"https:\/\/www.europesays.com\/fr\/wp-json\/wp\/v2\/categories?post=232381"},{"taxonomy":"post_tag","embeddable":true,"href":"https:\/\/www.europesays.com\/fr\/wp-json\/wp\/v2\/tags?post=232381"}],"curies":[{"name":"wp","href":"https:\/\/api.w.org\/{rel}","templated":true}]}}