{"id":232383,"date":"2025-07-07T10:11:10","date_gmt":"2025-07-07T10:11:10","guid":{"rendered":"https:\/\/www.europesays.com\/fr\/232383\/"},"modified":"2025-07-07T10:11:10","modified_gmt":"2025-07-07T10:11:10","slug":"carambolage-pluie-circulation-ardue-sur-les-routes-de-paris-et-dile-de-france-les-bouchons-senvolent","status":"publish","type":"post","link":"https:\/\/www.europesays.com\/fr\/232383\/","title":{"rendered":"Carambolage, pluie&#8230; Circulation ardue sur les routes de Paris et d&rsquo;\u00cele-de-France, les bouchons s&rsquo;envolent"},"content":{"rendered":"<p>            Par<br \/>\n        <strong><br \/>\n            <a href=\"https:\/\/actu.fr\/auteur\/redaction-paris\" title=\"Consulter tous les articles de R\u00e9daction Paris\" rel=\"nofollow noopener\" target=\"_blank\">R\u00e9daction Paris<\/a><br \/>\n        <\/strong><\/p>\n<p>        Publi\u00e9 le<\/p>\n<p>            7 juil. 2025 \u00e0 11h30        <\/p>\n<p>La chaleur du soleil a <a href=\"https:\/\/actu.fr\/meteo\/risque-d-orages-fortes-pluies-temperatures-en-chute-libre-une-meteo-d-automne-a-paris-et-en-ile-de-france_62874931.html\" rel=\"nofollow noopener\" target=\"_blank\">laiss\u00e9 place aux nuages et \u00e0 la pluie<\/a>. La m\u00e9t\u00e9o automnale de ce lundi 7\u00a0juillet 2025, semble avoir quelques r\u00e9percussions sur les routes \u00e0 Paris et en \u00cele-de-France. Comme c\u2019est souvent le cas lors d\u2019intemp\u00e9ries, le <strong>trafic est plus difficile<\/strong>, des <a href=\"https:\/\/actu.fr\/tag\/accident\" rel=\"nofollow noopener\" target=\"_blank\">accidents<\/a> se produisent, et les bouchons commencent \u00e0 s\u2019accumuler.<\/p>\n<p>Accidents de poids lourds<\/p>\n<p class=\" wall-content\">Selon le barom\u00e8tre de la circulation de Sytadin.fr, les embouteillages \u00e0 11\u00a0heures atteignent <strong>247 kilom\u00e8tres<\/strong>. En temps normal, lors d\u2019un lundi fluide, ils se situent sous la barre des 100 kilom\u00e8tres.<\/p>\n<p class=\" wall-content\">Hormis la m\u00e9t\u00e9o, quelques incidents peuvent expliquer cette situation, dont un accident sur l\u2019A104 sens ext\u00e9rieur entre Coll\u00e9gien et Villeparisis.\u00a0Un <strong>v\u00e9hicule l\u00e9ger<\/strong> et <strong>deux poids lourds<\/strong> sont impliqu\u00e9s. Sur les deux voies, celle de droite est ferm\u00e9e.<\/p>\n<p>    <img   decoding=\"async\" loading=\"lazy\" src=\"https:\/\/www.europesays.com\/fr\/wp-content\/uploads\/2025\/07\/sans-titre-2-960x640.png\" alt=\"La courbe des bouchons ce lundi 7 juillet 2025 sur les routes de Paris et d'\u00cele-de-France.\" width=\"960\" height=\"640\"\/><br \/>\n    La courbe des bouchons ce lundi 7 juillet 2025 sur les routes de Paris et d\u2019\u00cele-de-France. (\u00a9Capture d\u2019\u00e9cran Sytadin.fr)<\/p>\n<p class=\" wall-content\">\u00ab\u2009Direction Charles de Gaulle \u00e0 hauteur de la station Esso de Villevaud\u00e9, plusieurs PL impliqu\u00e9s sur la<strong> voie de droite<\/strong>, axe coup\u00e9 \u00e0 la circulation le temps de l\u2019\u00e9vacuation\u2009\u00bb, d\u00e9taille un automobiliste sur le groupe Info Radar IDF.<\/p>\n<p>Vid\u00e9os : en ce moment sur Actu<br \/>\n    <a href=\"https:\/\/www.facebook.com\/plugins\/video.php?height=476&amp;href=https%3A%2F%2Fwww.facebook.com%2FInfoRadarIDF%2Fvideos%2F4100743713496618%2F&amp;show_text=false&amp;width=350&amp;t=0\" title=\"Ouvrie le lien\" rel=\"nofollow noopener\" target=\"_blank\">Cliquez ici pour visualiser le contenu<\/a><\/p>\n<p class=\" wall-content\">D\u2019apr\u00e8s les calculs de <a href=\"https:\/\/www.sytadin.fr\/sys\/barometre_bouchon.jsp.html\" rel=\"nofollow noopener\" target=\"_blank\">Sytadin.fr<\/a>, il faut <strong>1 heure<\/strong> pour parcourir les 11 kilom\u00e8tres qui s\u00e9parent l\u2019A4-A104\/Coll\u00e9gien et la N3-93D933-A104\/Villeparisis.<\/p>\n<p class=\" wall-content\">Un autre accident perturbe l\u2019avanc\u00e9e des automobilistes\u2009: \u00ab\u2009plusieurs v\u00e9hicules dont deux poids lourds en travers des voies, <strong>l\u2019autoroute A104<\/strong> est coup\u00e9e dans le sens ext\u00e9rieur, entre les commues de Pomponne et de Le Pin\u2009\u00bb, fait savoir la Direction des routes \u00cele-de-France (DiRIF).<\/p>\n<p class=\" wall-content\">Suivez toute l\u2019actualit\u00e9 de vos villes et m\u00e9dias favoris en vous inscrivant \u00e0 <a href=\"https:\/\/moncompte.actu.fr\" title=\"D\u00e9couvez Mon Actu\" rel=\"nofollow noopener\" data-trk=\"{&quot;cta&quot;:{&quot;action&quot;:&quot;https:\\\/\\\/moncompte.actu.fr&quot;,&quot;category&quot;:&quot;mon compte&quot;,&quot;from&quot;:&quot;article footer&quot;,&quot;name&quot;:&quot;Mon actu&quot;,&quot;type&quot;:&quot;cta&quot;}}\" target=\"_blank\">Mon Actu<\/a>.<\/p>\n","protected":false},"excerpt":{"rendered":"Par R\u00e9daction Paris Publi\u00e9 le 7 juil. 2025 \u00e0 11h30 La chaleur du soleil a laiss\u00e9 place aux&hellip;\n","protected":false},"author":2,"featured_media":232384,"comment_status":"","ping_status":"","sticky":false,"template":"","format":"standard","meta":{"footnotes":""},"categories":[1592],"tags":[119,1111,11,3542,1777,674,1011,27,662,12,626,25,104],"class_list":{"0":"post-232383","1":"post","2":"type-post","3":"status-publish","4":"format-standard","5":"has-post-thumbnail","7":"category-ile-de-france","8":"tag-accident","9":"tag-actu","10":"tag-actualites","11":"tag-circulation","12":"tag-eu","13":"tag-europe","14":"tag-fr","15":"tag-france","16":"tag-ile-de-france","17":"tag-news","18":"tag-paris","19":"tag-republique-francaise","20":"tag-societe"},"share_on_mastodon":{"url":"https:\/\/pubeurope.com\/@fr\/114811416354417610","error":""},"_links":{"self":[{"href":"https:\/\/www.europesays.com\/fr\/wp-json\/wp\/v2\/posts\/232383","targetHints":{"allow":["GET"]}}],"collection":[{"href":"https:\/\/www.europesays.com\/fr\/wp-json\/wp\/v2\/posts"}],"about":[{"href":"https:\/\/www.europesays.com\/fr\/wp-json\/wp\/v2\/types\/post"}],"author":[{"embeddable":true,"href":"https:\/\/www.europesays.com\/fr\/wp-json\/wp\/v2\/users\/2"}],"replies":[{"embeddable":true,"href":"https:\/\/www.europesays.com\/fr\/wp-json\/wp\/v2\/comments?post=232383"}],"version-history":[{"count":0,"href":"https:\/\/www.europesays.com\/fr\/wp-json\/wp\/v2\/posts\/232383\/revisions"}],"wp:featuredmedia":[{"embeddable":true,"href":"https:\/\/www.europesays.com\/fr\/wp-json\/wp\/v2\/media\/232384"}],"wp:attachment":[{"href":"https:\/\/www.europesays.com\/fr\/wp-json\/wp\/v2\/media?parent=232383"}],"wp:term":[{"taxonomy":"category","embeddable":true,"href":"https:\/\/www.europesays.com\/fr\/wp-json\/wp\/v2\/categories?post=232383"},{"taxonomy":"post_tag","embeddable":true,"href":"https:\/\/www.europesays.com\/fr\/wp-json\/wp\/v2\/tags?post=232383"}],"curies":[{"name":"wp","href":"https:\/\/api.w.org\/{rel}","templated":true}]}}