{"id":232396,"date":"2025-07-07T10:18:09","date_gmt":"2025-07-07T10:18:09","guid":{"rendered":"https:\/\/www.europesays.com\/fr\/232396\/"},"modified":"2025-07-07T10:18:09","modified_gmt":"2025-07-07T10:18:09","slug":"le-dollar-profite-de-lincertitude-de-la-politique-douaniere-americaine","status":"publish","type":"post","link":"https:\/\/www.europesays.com\/fr\/232396\/","title":{"rendered":"Le dollar profite de l&rsquo;incertitude de la politique douani\u00e8re am\u00e9ricaine"},"content":{"rendered":"<p class=\"fig-paragraph\">Le dollar r\u00e9cup\u00e8re un peu de ses pertes lundi, profitant de l&rsquo;incertitude sur les droits de douane qui seront finalement impos\u00e9s par\u00a0<a href=\"http:\/\/www.lefigaro.fr\/international\/a-washington-netanyahou-face-a-un-trump-decide-a-arracher-un-cessez-le-feu-dans-la-bande-de-gaza-20250706\" data-fig-type=\"Article\" data-gtm-custom-categorie=\"navigation\" data-gtm-custom-action=\"crossclick\" data-gtm-custom-label=\"Contextuel\" data-gtm-event=\"customEventSPE\" data-fig-domain=\"LEFIGARO\" target=\"_blank\" rel=\"noopener\">Washington\u00a0<\/a>\u00e0 ses partenaires commerciaux. La suspension partielle des droits de douane am\u00e9ricains arrivait \u00e0 \u00e9ch\u00e9ance le 9 juillet, mais Donald Trump a annonc\u00e9 vendredi une instauration des surtaxes au 1er ao\u00fbt.<\/p>\n<p class=\"fig-paragraph\">Donald Trump a aussi pr\u00e9venu que les premi\u00e8res lettres mena\u00e7ant de droits de douane exorbitants les pays r\u00e9calcitrants \u00e0 conclure un accord commercial avec Washington seront envoy\u00e9es lundi \u00e0 16h00 GMT. Le pr\u00e9sident am\u00e9ricain a par ailleurs menac\u00e9 d&rsquo;imposer 10% de droits de douane en plus sur les pays qui s&rsquo;alignent avec le groupe des\u00a0<a href=\"http:\/\/www.lefigaro.fr\/international\/face-a-trump-les-brics-s-inquietent-des-droits-de-douane-unilateraux-20250706\" data-fig-type=\"NewsFlash\" data-gtm-custom-categorie=\"navigation\" data-gtm-custom-action=\"crossclick\" data-gtm-custom-label=\"Contextuel\" data-gtm-event=\"customEventSPE\" data-fig-domain=\"LEFIGARO\" target=\"_blank\" rel=\"noopener\">Brics<\/a>, men\u00e9s par le Br\u00e9sil, la Russie, l&rsquo;Inde, la Chine et l&rsquo;Afrique du Sud.<\/p>\n<p>                                    <a class=\"fig-a11y-skip a11y-hidden\" href=\"#fig-a11y-skip-main-inarticle\"><br \/>\n        Passer la publicit\u00e9<br \/>\n    <\/a><\/p>\n<p class=\"fig-paragraph\">Habitu\u00e9s \u00e0 ses fr\u00e9quentes volte-faces, \u00ables traders et les investisseurs ne prennent plus le pr\u00e9sident au mot\u00bb, et \u00abrares sont ceux qui s&rsquo;attendent \u00e0 ce qu&rsquo;il r\u00e9tablisse les taux de droits de douane d\u00e9vastateurs qu&rsquo;il avait propos\u00e9s en avril\u00bb, estime Kathleen Brooks, analyste chez XTB. Les investisseurs pourraient ainsi continuer d&rsquo;adopter la strat\u00e9gie dites du \u00abTACO trade\u00bb (pour \u00abTrump Always Chickens Out\u00bb, en fran\u00e7ais, \u00abTrump se d\u00e9gonfle toujours\u00bb), explique Susannah Streeter, analyste chez Hargreaves Lansdow, \u00abestimant qu&rsquo;il reste du temps pour que Trump finisse encore une fois par se r\u00e9tracter\u00bb.<\/p>\n<p class=\"fig-body-link\">\n            \u00c0 lire aussi<br \/>\n        <a class=\"fig-body-link__link\" href=\"http:\/\/www.lefigaro.fr\/international\/washington-va-imposer-des-surtaxes-douanieres-aux-pays-recalcitrants-le-1er-aout-20250707\" data-fig-type=\"NewsFlash\" data-gtm-custom-categorie=\"navigation\" data-gtm-custom-action=\"crossclick\" data-gtm-custom-label=\"Contextuel\" data-gtm-event=\"customEventSPE\" data-fig-domain=\"LEFIGARO\" target=\"_blank\" rel=\"noopener\">Washington va imposer des surtaxes douani\u00e8res aux pays r\u00e9calcitrants le 1er ao\u00fbt<br \/>\n    <\/a>\n<\/p>\n<p class=\"fig-paragraph\">Vers 09h20 GMT (11h20 \u00e0 Paris), le billet vert remontait de 0,43% par rapport \u00e0 l&rsquo;euro, \u00e0 1,1727 dollar, et montait de 0,51% par rapport \u00e0 la livre, \u00e0 1,3580 dollar. Le billet vert reste cependant proche de son plus bas depuis f\u00e9vrier 2022 atteint au d\u00e9but du mois, d&rsquo;apr\u00e8s le Dollar Index, qui le compare \u00e0 un panier d&rsquo;autres devises. Le dollar australien, en chute de 1,03% face au dollar am\u00e9ricain, \u00abest l&rsquo;une des devises majeures les plus durement touch\u00e9es\u00bb lundi, remarque Ipek Ozkardeskaya, de Swissquote. L&rsquo;analyste s&rsquo;attend en effet \u00e0 ce \u00abque la banque centrale australienne (RBA) annonce\u00bb mardi \u00abune nouvelle baisse d&rsquo;un quart de point de pourcentage de son taux directeur pour soutenir l&rsquo;\u00e9conomie\u00bb.<\/p>\n","protected":false},"excerpt":{"rendered":"Le dollar r\u00e9cup\u00e8re un peu de ses pertes lundi, profitant de l&rsquo;incertitude sur les droits de douane qui&hellip;\n","protected":false},"author":2,"featured_media":232397,"comment_status":"","ping_status":"","sticky":false,"template":"","format":"standard","meta":{"footnotes":""},"categories":[1589],"tags":[11,9322,73,1866,12,2549,1864,1865,1863,308],"class_list":{"0":"post-232396","1":"post","2":"type-post","3":"status-publish","4":"format-standard","5":"has-post-thumbnail","7":"category-etats-unis","8":"tag-actualites","9":"tag-brics","10":"tag-etats-unis","11":"tag-etats-unis-damerique","12":"tag-news","13":"tag-taxe","14":"tag-united-states","15":"tag-united-states-of-america","16":"tag-us","17":"tag-usa"},"share_on_mastodon":{"url":"https:\/\/pubeurope.com\/@fr\/114811443870762414","error":""},"_links":{"self":[{"href":"https:\/\/www.europesays.com\/fr\/wp-json\/wp\/v2\/posts\/232396","targetHints":{"allow":["GET"]}}],"collection":[{"href":"https:\/\/www.europesays.com\/fr\/wp-json\/wp\/v2\/posts"}],"about":[{"href":"https:\/\/www.europesays.com\/fr\/wp-json\/wp\/v2\/types\/post"}],"author":[{"embeddable":true,"href":"https:\/\/www.europesays.com\/fr\/wp-json\/wp\/v2\/users\/2"}],"replies":[{"embeddable":true,"href":"https:\/\/www.europesays.com\/fr\/wp-json\/wp\/v2\/comments?post=232396"}],"version-history":[{"count":0,"href":"https:\/\/www.europesays.com\/fr\/wp-json\/wp\/v2\/posts\/232396\/revisions"}],"wp:featuredmedia":[{"embeddable":true,"href":"https:\/\/www.europesays.com\/fr\/wp-json\/wp\/v2\/media\/232397"}],"wp:attachment":[{"href":"https:\/\/www.europesays.com\/fr\/wp-json\/wp\/v2\/media?parent=232396"}],"wp:term":[{"taxonomy":"category","embeddable":true,"href":"https:\/\/www.europesays.com\/fr\/wp-json\/wp\/v2\/categories?post=232396"},{"taxonomy":"post_tag","embeddable":true,"href":"https:\/\/www.europesays.com\/fr\/wp-json\/wp\/v2\/tags?post=232396"}],"curies":[{"name":"wp","href":"https:\/\/api.w.org\/{rel}","templated":true}]}}