{"id":232404,"date":"2025-07-07T10:22:12","date_gmt":"2025-07-07T10:22:12","guid":{"rendered":"https:\/\/www.europesays.com\/fr\/232404\/"},"modified":"2025-07-07T10:22:12","modified_gmt":"2025-07-07T10:22:12","slug":"protecteu-comment-lunion-europeenne-veut-affaiblir-le-chiffrement-de-bout-en-bout","status":"publish","type":"post","link":"https:\/\/www.europesays.com\/fr\/232404\/","title":{"rendered":"ProtectEU : comment l\u2019Union europ\u00e9enne veut affaiblir le chiffrement de bout en bout"},"content":{"rendered":"<p>L\u2019Union europ\u00e9enne travaille sur une nouvelle strat\u00e9gie de s\u00e9curit\u00e9 qui pourrait se traduire par une porte d\u00e9rob\u00e9e dans les messageries. En avril dernier, la Commission a d\u00e9voil\u00e9 le plan <a rel=\"nofollow noopener\" href=\"https:\/\/ec.europa.eu\/commission\/presscorner\/detail\/fr\/ip_25_920\" target=\"_blank\">ProtectEU<\/a> : celui-ci ambitionne de \u00ab\u00a0renforcer la capacit\u00e9 de l&rsquo;UE \u00e0 garantir la s\u00e9curit\u00e9 de ses citoyens\u00a0\u00bb, ce qui va passer par des \u00ab\u00a0outils plus efficaces pour les services r\u00e9pressifs\u00a0\u00bb. La proposition vise \u00e0 <a rel=\"nofollow noopener\" href=\"https:\/\/eur-lex.europa.eu\/legal-content\/EN\/TXT\/?uri=CELEX%3A52025DC0349\" target=\"_blank\">donner<\/a> aux autorit\u00e9s \u00ab\u00a0un acc\u00e8s aux donn\u00e9es chiffr\u00e9es de mani\u00e8re l\u00e9gale, en pr\u00e9servant la cybers\u00e9curit\u00e9 et les droits fondamentaux\u00a0\u00bb. La Commission a r\u00e9cemment publi\u00e9 sa feuille de route, d\u00e9taillant comment elle compte s\u2019y prendre.<\/p>\n<p><img decoding=\"async\" loading=\"lazy\" src=\"https:\/\/www.europesays.com\/fr\/wp-content\/uploads\/2025\/07\/mg-7a847435-w1500-w828-w1300.jpg\"   data-jslghtbx=\"https:\/\/cdn.mgig.fr\/2025\/07\/mg-7a847435-w1500.jpg\"\/><\/p>\n<p>En juin 2023, la Commission avait <a rel=\"nofollow noopener\" href=\"https:\/\/home-affairs.ec.europa.eu\/networks\/high-level-group-hlg-access-data-effective-law-enforcement_en#mission\" target=\"_blank\">charg\u00e9<\/a> un groupe d\u2019\u00e9tudier les d\u00e9fis auxquels sont confront\u00e9es les forces de l\u2019ordre dans leur travail et de proposer des solutions pour les surmonter. Leur rapport a <a rel=\"nofollow noopener\" href=\"https:\/\/data.consilium.europa.eu\/doc\/document\/ST-15941-2024-REV-2\/en\/pdf\" target=\"_blank\">estim\u00e9<\/a> que la principale limitation vient du chiffrement des conversations et des donn\u00e9es, visant directement les apps de messageries et les services de VPN. La feuille de route, publi\u00e9e \u00e0<a rel=\"nofollow noopener\" href=\"https:\/\/eur-lex.europa.eu\/legal-content\/EN\/TXT\/?uri=CELEX%3A52025DC0349\" target=\"_blank\"> la fin du mois dernier<\/a>, se concentre sur 6 points :<\/p>\n<ul>&#13;<\/p>\n<li>revoir les r\u00e8gles de l&rsquo;UE en mati\u00e8re de conservation des donn\u00e9es et renforcer la coop\u00e9ration entre les fournisseurs de services et les autorit\u00e9s d\u2019ici 2027.<\/li>\n<p>&#13;<\/p>\n<li>renforcer les d\u00e9marches pour obtenir des preuves \u00e0 travers les syst\u00e8mes et les juridictions.<\/li>\n<p>&#13;<\/p>\n<li>d\u00e9velopper les syst\u00e8mes permettant de r\u00e9cup\u00e9rer des preuves \u00e0 partir d&rsquo;appareils saisis dans le cadre d&rsquo;une enqu\u00eate.<\/li>\n<p>&#13;<\/p>\n<li>fournir une feuille de route technologique sur le chiffrement pour 2026. L\u2019ambition est de doter Europol de capacit\u00e9s de d\u00e9chiffrement avanc\u00e9es d\u2019ici 2030..<\/li>\n<p>&#13;<\/p>\n<li>d\u00e9velopper une standardisation entre les \u00c9tats en coop\u00e9ration avec Europol pour g\u00e9rer ces diff\u00e9rents changements.<\/li>\n<p>&#13;<\/p>\n<li>lancer des outils d\u2019IA pour les forces de l\u2019ordre permettant le filtrage et l&rsquo;analyse de gros paquets de donn\u00e9es d\u2019ici 2026.<\/li>\n<p>&#13;\n<\/ul>\n<p>Les experts sont nombreux \u00e0 critiquer ce plan visant \u00e0 affaiblir le chiffrement, une porte d\u00e9rob\u00e9e ayant des chances d\u2019amener des vuln\u00e9rabilit\u00e9s tombant entre les mains d\u2019acteurs malveillants. Une <a href=\"https:\/\/www.globalencryption.org\/2025\/05\/joint-letter-on-the-european-internal-security-strategy-protecteu\/\" target=\"_blank\" rel=\"noopener\">lettre ouverte<\/a> contre ce projet a \u00e9t\u00e9 sign\u00e9e par plus de 80 organisations, parmi lesquelles on retrouve de grands noms comme Signal, Proton, Mozilla ou <a rel=\"nofollow noopener\" href=\"https:\/\/www.eff.org\/deeplinks\/2025\/06\/eus-encryption-roadmap-makes-everyone-less-safe\" target=\"_blank\">l\u2019EFF<\/a>. Ce n\u2019est pas la premi\u00e8re fois que l\u2019UE s\u2019attaque au chiffrement : elle a d\u00e9j\u00e0 propos\u00e9 \u00ab\u00a0Chat Control\u00a0\u00bb, un projet visant \u00e0 cr\u00e9er un syst\u00e8me de filtrage des messageries instantan\u00e9es \u00e0 la recherche de contenus p\u00e9docriminels. Soumis en 2022, il a finalement \u00e9t\u00e9 abandonn\u00e9 <a href=\"https:\/\/www.igen.fr\/ailleurs\/2024\/06\/europe-le-projet-de-chat-control-est-renvoye-plus-tard-144331\" target=\"_blank\" rel=\"noopener\">en 2024<\/a>.<\/p>\n","protected":false},"excerpt":{"rendered":"L\u2019Union europ\u00e9enne travaille sur une nouvelle strat\u00e9gie de s\u00e9curit\u00e9 qui pourrait se traduire par une porte d\u00e9rob\u00e9e dans&hellip;\n","protected":false},"author":2,"featured_media":232405,"comment_status":"","ping_status":"","sticky":false,"template":"","format":"standard","meta":{"footnotes":""},"categories":[1586],"tags":[11,1338,1777,674,1779,1011,27,12,37142,25,1778,364],"class_list":{"0":"post-232404","1":"post","2":"type-post","3":"status-publish","4":"format-standard","5":"has-post-thumbnail","7":"category-europe","8":"tag-actualites","9":"tag-chiffrement","10":"tag-eu","11":"tag-europe","12":"tag-european-union","13":"tag-fr","14":"tag-france","15":"tag-news","16":"tag-protecteu","17":"tag-republique-francaise","18":"tag-ue","19":"tag-union-europeenne"},"share_on_mastodon":{"url":"https:\/\/pubeurope.com\/@fr\/114811459625033610","error":""},"_links":{"self":[{"href":"https:\/\/www.europesays.com\/fr\/wp-json\/wp\/v2\/posts\/232404","targetHints":{"allow":["GET"]}}],"collection":[{"href":"https:\/\/www.europesays.com\/fr\/wp-json\/wp\/v2\/posts"}],"about":[{"href":"https:\/\/www.europesays.com\/fr\/wp-json\/wp\/v2\/types\/post"}],"author":[{"embeddable":true,"href":"https:\/\/www.europesays.com\/fr\/wp-json\/wp\/v2\/users\/2"}],"replies":[{"embeddable":true,"href":"https:\/\/www.europesays.com\/fr\/wp-json\/wp\/v2\/comments?post=232404"}],"version-history":[{"count":0,"href":"https:\/\/www.europesays.com\/fr\/wp-json\/wp\/v2\/posts\/232404\/revisions"}],"wp:featuredmedia":[{"embeddable":true,"href":"https:\/\/www.europesays.com\/fr\/wp-json\/wp\/v2\/media\/232405"}],"wp:attachment":[{"href":"https:\/\/www.europesays.com\/fr\/wp-json\/wp\/v2\/media?parent=232404"}],"wp:term":[{"taxonomy":"category","embeddable":true,"href":"https:\/\/www.europesays.com\/fr\/wp-json\/wp\/v2\/categories?post=232404"},{"taxonomy":"post_tag","embeddable":true,"href":"https:\/\/www.europesays.com\/fr\/wp-json\/wp\/v2\/tags?post=232404"}],"curies":[{"name":"wp","href":"https:\/\/api.w.org\/{rel}","templated":true}]}}