{"id":232412,"date":"2025-07-07T10:26:08","date_gmt":"2025-07-07T10:26:08","guid":{"rendered":"https:\/\/www.europesays.com\/fr\/232412\/"},"modified":"2025-07-07T10:26:08","modified_gmt":"2025-07-07T10:26:08","slug":"cest-un-green-de-golf-kovac-critique-la-pelouse-du-metlife-stadium-theatre-de-psg-real","status":"publish","type":"post","link":"https:\/\/www.europesays.com\/fr\/232412\/","title":{"rendered":"\u00ab\u00a0C\u2019est un green de golf\u00a0\u00bb, Kovac critique la pelouse du Metlife Stadium, th\u00e9\u00e2tre de PSG-Real"},"content":{"rendered":"<p>L\u2019entra\u00eeneur du Borussia Dortmund, Niko Kovac, a d\u00e9nonc\u00e9 l\u2019\u00e9tat de la pelouse du Metlife Stadium, pr\u00e8s de New York, qui accueillera les trois derniers matchs de la Coupe du monde des clubs, dont PSG-Real Madrid mercredi (21h).<\/p>\n<p><a href=\"https:\/\/rmcsport.bfmtv.com\/football\/coupe-du-monde\/couep-du-monde-2026-si-j-etais-la-fifa-je-bougerais-la-finale-dans-un-stade-couvert-la-meteo-inquiete-avant-le-mondial_AD-202507030035.html\" title=\"Coupe du monde 2026: &quot;Si j\u2019\u00e9tais la FIFA, je bougerais la finale dans un stade couvert&quot;, la m\u00e9t\u00e9o inqui\u00e8te avant le Mondial\" class=\"internal_link\" rel=\"nofollow noopener\" target=\"_blank\">Les fortes chaleurs enregistr\u00e9es<\/a> ces derni\u00e8res semaines aux Etats-Unis ont rendu les pelouses des stades accueillant des matchs de la Coupe du monde des clubs difficilement praticables. <a href=\"https:\/\/rmcsport.bfmtv.com\/football\/coupe-du-monde\/comment-une-nouvelle-regle-pourrait-permettre-de-lutter-contre-la-chaleur-a-la-coupe-du-monde-2026_AV-202506300787.html\" title=\"Comment une nouvelle r\u00e8gle pourrait permettre de lutter contre la chaleur \u00e0 la Coupe du monde 2026\" class=\"internal_link\" rel=\"nofollow noopener\" target=\"_blank\">De quoi s\u2019interroger \u00e0 un an du Mondial 2026<\/a>. Tr\u00e8s critique depuis le d\u00e9but de la comp\u00e9tition, Niko Kovac a remis le couvert samedi apr\u00e8s l\u2019\u00e9limination du Borussia Dortmund face au Real Madrid en quart de finale (3-2).<\/p>\n<p>Le coach allemand s\u2019est emport\u00e9 contre la qualit\u00e9 de la pelouse du MetLife Stadium \u00e0 East Rutherford (New Jersey), qui accueillera les trois derniers matchs de la comp\u00e9tition, dont <a href=\"https:\/\/rmcsport.bfmtv.com\/football\/mondial-des-clubs\/vols-billet-du-match-hotel-l-offre-folle-a-prix-tres-reduit-du-psg-a-ses-supporters-pour-le-choc-face-au-real-madrid_AV-202507070317.html\" title=\"Vols, billet du match, h\u00f4tel\u2026 l&#039;offre folle \u00e0 prix tr\u00e8s r\u00e9duit du PSG \u00e0 ses supporters pour le choc face au Real Madrid\" class=\"internal_link\" rel=\"nofollow noopener\" target=\"_blank\">PSG-Real mercredi<\/a> (21h, heure fran\u00e7aise). \u00ab\u00a0C&rsquo;est plut\u00f4t un green de golf, on peut donc putter ici\u00a0\u00bb, a-t-il pest\u00e9. \u00ab\u00a0C&rsquo;est tr\u00e8s court. Mais ce n&rsquo;est pas le gazon sur lequel nous avons l&rsquo;habitude de jouer en Bundesliga, ni dans les deux autres stades.\u00a0\u00bb<\/p>\n<p>\u00ab\u00a0Quand c\u2019est trop sec, \u00e7a colle\u00a0\u00bb<\/p>\n<p>Le BVB jouait son deuxi\u00e8me match de la comp\u00e9tition dans la r\u00e9gion de New York (apr\u00e8s le nul face \u00e0 Fluminense en phase de groupe). L\u2019\u00e9quipe allemande a jou\u00e9 deux fois \u00e0 Cincinnati et son huiti\u00e8me de finale au Mercedes-Benz Stadium d\u2019Atlanta. \u00ab\u00a0Comme vous l&rsquo;avez vu, l&rsquo;arrosage n&rsquo;\u00e9tait pas suffisant parce que vous n&rsquo;avez pas les appareils n\u00e9cessaires. Quand c&rsquo;est trop sec, c&rsquo;est incroyable. \u00c7a colle\u00a0\u00bb, a encore insist\u00e9 Kovac, cit\u00e9 par <a href=\"https:\/\/www.espn.com\/soccer\/story\/_\/id\/45679937\/borussia-dortmund-coach-kovac-metlife-stadium-field-golf\" target=\"_blank\" class=\"external_link\" rel=\"nofollow noopener\">ESPN<\/a>.<\/p>\n<p>L\u2019ancien entra\u00eeneur de Monaco s\u2019est \u00e9galement plaint des horaires des matchs. Afin d\u2019\u00e9viter de mettre en danger la sant\u00e9 des joueurs en raison des temp\u00e9ratures parfois extr\u00eames, <a href=\"https:\/\/rmcsport.bfmtv.com\/football\/mondial-des-clubs\/la-demande-de-niko-kovac-a-la-fifa-en-vue-de-la-coupe-du-monde-2026_AV-202507060231.html\" title=\"La demande de Niko Kovac \u00e0 la Fifa en vue de la Coupe du monde 2026\" class=\"internal_link\" rel=\"nofollow noopener\" target=\"_blank\">il a appel\u00e9 la Fifa \u00e0 changer les horaires des rencontres<\/a> pour la Coupe du monde 2026, co-organis\u00e9e par les Etats-Unis avec le Canada et le Mexique. \u00ab\u00a0Le tournoi n\u00e9cessite des adaptations dans certains domaines\u00a0\u00bb, a \u00e9tay\u00e9 Niko Kovac, sans attribuer la d\u00e9faite de son \u00e9quipe \u00e0 ces conditions difficiles. \u00ab\u00a0Un point important, \u00e0 mon avis, est l&rsquo;heure de d\u00e9but des matchs. Les joueurs ne devraient pas avoir \u00e0 travailler en plein soleil, alors qu&rsquo;il fait si chaud qu&rsquo;ils ne devraient m\u00eame pas sortir de chez eux. Dans ces conditions, ils ont d\u00fb donner le meilleur d&rsquo;eux-m\u00eames. Nous verrons comment cela sera g\u00e9r\u00e9 l&rsquo;ann\u00e9e prochaine, lors de la Coupe du monde. Il faut vraiment penser aux joueurs.\u00a0\u00bb<\/p>\n","protected":false},"excerpt":{"rendered":"L\u2019entra\u00eeneur du Borussia Dortmund, Niko Kovac, a d\u00e9nonc\u00e9 l\u2019\u00e9tat de la pelouse du Metlife Stadium, pr\u00e8s de New&hellip;\n","protected":false},"author":2,"featured_media":232413,"comment_status":"","ping_status":"","sticky":false,"template":"","format":"standard","meta":{"footnotes":""},"categories":[1418],"tags":[1011,27,1472,60],"class_list":{"0":"post-232412","1":"post","2":"type-post","3":"status-publish","4":"format-standard","5":"has-post-thumbnail","7":"category-golf","8":"tag-fr","9":"tag-france","10":"tag-golf","11":"tag-sports"},"share_on_mastodon":{"url":"https:\/\/pubeurope.com\/@fr\/114811475240784494","error":""},"_links":{"self":[{"href":"https:\/\/www.europesays.com\/fr\/wp-json\/wp\/v2\/posts\/232412","targetHints":{"allow":["GET"]}}],"collection":[{"href":"https:\/\/www.europesays.com\/fr\/wp-json\/wp\/v2\/posts"}],"about":[{"href":"https:\/\/www.europesays.com\/fr\/wp-json\/wp\/v2\/types\/post"}],"author":[{"embeddable":true,"href":"https:\/\/www.europesays.com\/fr\/wp-json\/wp\/v2\/users\/2"}],"replies":[{"embeddable":true,"href":"https:\/\/www.europesays.com\/fr\/wp-json\/wp\/v2\/comments?post=232412"}],"version-history":[{"count":0,"href":"https:\/\/www.europesays.com\/fr\/wp-json\/wp\/v2\/posts\/232412\/revisions"}],"wp:featuredmedia":[{"embeddable":true,"href":"https:\/\/www.europesays.com\/fr\/wp-json\/wp\/v2\/media\/232413"}],"wp:attachment":[{"href":"https:\/\/www.europesays.com\/fr\/wp-json\/wp\/v2\/media?parent=232412"}],"wp:term":[{"taxonomy":"category","embeddable":true,"href":"https:\/\/www.europesays.com\/fr\/wp-json\/wp\/v2\/categories?post=232412"},{"taxonomy":"post_tag","embeddable":true,"href":"https:\/\/www.europesays.com\/fr\/wp-json\/wp\/v2\/tags?post=232412"}],"curies":[{"name":"wp","href":"https:\/\/api.w.org\/{rel}","templated":true}]}}