{"id":232424,"date":"2025-07-07T10:36:12","date_gmt":"2025-07-07T10:36:12","guid":{"rendered":"https:\/\/www.europesays.com\/fr\/232424\/"},"modified":"2025-07-07T10:36:12","modified_gmt":"2025-07-07T10:36:12","slug":"aux-rencontres-darles-rachida-dati-relance-encore-lidee-dun-musee-de-la-photographie-liberation","status":"publish","type":"post","link":"https:\/\/www.europesays.com\/fr\/232424\/","title":{"rendered":"Aux Rencontres d\u2019Arles, Rachida Dati relance (encore) l\u2019id\u00e9e d\u2019un mus\u00e9e de la photographie \u2013 Lib\u00e9ration"},"content":{"rendered":"<p class=\"sc-ksZaOG ehjQrN text-element\">Un nouveau mus\u00e9e de la photographie ? C\u2019est le lapin sorti du chapeau par la ministre de la Culture, Rachida Dati, dimanche 6 juillet \u00e0 la fin de la visite de presse des <a href=\"https:\/\/www.liberation.fr\/culture\/jeux-video\/rencontres-darles-2025-en-avant-toutes-20250320_4UR4HDD4MFEJZI67OOLBBJ5HDA\/\" target=\"_blank\" rel=\"noreferrer noopener\" title=\"https:\/\/www.liberation.fr\/culture\/jeux-video\/rencontres-darles-2025-en-avant-toutes-20250320_4UR4HDD4MFEJZI67OOLBBJ5HDA\/\">Rencontres de la photographie d\u2019Arles<\/a>. Apr\u00e8s un tour de deux heures dans les expositions, Rachida Dati a fait ses d\u00e9clarations en mode furtif lors d\u2019un micro tendu \u00e0 la <a href=\"https:\/\/www.liberation.fr\/culture\/arts\/art-contemporain\/luma-arles-la-fete-en-friche-20210624_LAHVCRXQZRBDTBZQWZK2SD5T2Y\/\" target=\"_blank\" rel=\"noreferrer noopener\" title=\"https:\/\/www.liberation.fr\/culture\/arts\/art-contemporain\/luma-arles-la-fete-en-friche-20210624_LAHVCRXQZRBDTBZQWZK2SD5T2Y\/\">fondation Luma<\/a>, entour\u00e9e de la cr\u00e9atrice du lieu, Maja Hoffmann, et du maire d\u2019Arles, Patrick de Carolis (out la traditionnelle conf\u00e9rence de presse \u00e0 Fanton \u2013 la ministre dit ne pas faire de \u00abdistinction entre le public et le priv\u00e9\u00bb).<\/p>\n<p class=\"sc-ksZaOG ehjQrN text-element\">Tout le monde attendait des billes concernant l\u2019ann\u00e9e du bicentenaire qui s\u2019ouvrira \u00e0 partir de septembre 2026 pour f\u00eater l\u2019anniversaire de l\u2019invention de Nic\u00e9phore Niepce \u2013 de fait \u00ab180 projets ont \u00e9t\u00e9 retenus \u00e0 ce jour parmi les 300 propos\u00e9s par le comit\u00e9 de s\u00e9lection\u00bb, a annonc\u00e9 la ministre. Parmi lesquels, on <\/p>\n","protected":false},"excerpt":{"rendered":"Un nouveau mus\u00e9e de la photographie ? C\u2019est le lapin sorti du chapeau par la ministre de la&hellip;\n","protected":false},"author":2,"featured_media":232425,"comment_status":"","ping_status":"","sticky":false,"template":"","format":"standard","meta":{"footnotes":""},"categories":[1358],"tags":[9417,1348,1384,1385,1386,58,59,1011,27],"class_list":{"0":"post-232424","1":"post","2":"type-post","3":"status-publish","4":"format-standard","5":"has-post-thumbnail","7":"category-arts-et-design","8":"tag-arles","9":"tag-arts","10":"tag-arts-and-design","11":"tag-arts-et-design","12":"tag-design","13":"tag-divertissement","14":"tag-entertainment","15":"tag-fr","16":"tag-france"},"share_on_mastodon":{"url":"https:\/\/pubeurope.com\/@fr\/114811514616143232","error":""},"_links":{"self":[{"href":"https:\/\/www.europesays.com\/fr\/wp-json\/wp\/v2\/posts\/232424","targetHints":{"allow":["GET"]}}],"collection":[{"href":"https:\/\/www.europesays.com\/fr\/wp-json\/wp\/v2\/posts"}],"about":[{"href":"https:\/\/www.europesays.com\/fr\/wp-json\/wp\/v2\/types\/post"}],"author":[{"embeddable":true,"href":"https:\/\/www.europesays.com\/fr\/wp-json\/wp\/v2\/users\/2"}],"replies":[{"embeddable":true,"href":"https:\/\/www.europesays.com\/fr\/wp-json\/wp\/v2\/comments?post=232424"}],"version-history":[{"count":0,"href":"https:\/\/www.europesays.com\/fr\/wp-json\/wp\/v2\/posts\/232424\/revisions"}],"wp:featuredmedia":[{"embeddable":true,"href":"https:\/\/www.europesays.com\/fr\/wp-json\/wp\/v2\/media\/232425"}],"wp:attachment":[{"href":"https:\/\/www.europesays.com\/fr\/wp-json\/wp\/v2\/media?parent=232424"}],"wp:term":[{"taxonomy":"category","embeddable":true,"href":"https:\/\/www.europesays.com\/fr\/wp-json\/wp\/v2\/categories?post=232424"},{"taxonomy":"post_tag","embeddable":true,"href":"https:\/\/www.europesays.com\/fr\/wp-json\/wp\/v2\/tags?post=232424"}],"curies":[{"name":"wp","href":"https:\/\/api.w.org\/{rel}","templated":true}]}}