{"id":232426,"date":"2025-07-07T10:37:09","date_gmt":"2025-07-07T10:37:09","guid":{"rendered":"https:\/\/www.europesays.com\/fr\/232426\/"},"modified":"2025-07-07T10:37:09","modified_gmt":"2025-07-07T10:37:09","slug":"frederic-jacques-bourgade-se-livre-au-service-des-femmes-et-enfants-violentes-il-sera-a-laire-de-broca-a-pont-labbe-samedi-12-juillet","status":"publish","type":"post","link":"https:\/\/www.europesays.com\/fr\/232426\/","title":{"rendered":"Fr\u00e9d\u00e9ric-Jacques Bourgade se livre au service des femmes et enfants violent\u00e9s\u00a0: il sera \u00e0 l\u2019Aire de Broca, \u00e0 Pont-l\u2019Abb\u00e9, samedi 12\u00a0juillet"},"content":{"rendered":"<p>Fr\u00e9d\u00e9ric-Jacques Bourgade sera \u00e0 l\u2019Aire de Broca, \u00e0 Pont-l\u2019Abb\u00e9, samedi 12 juillet. Il proposera une conf\u00e9rence sur le th\u00e8me des violences intrafamiliales, \u00ab\u00a0L\u2019enfant qui parle \u00e0 l\u2019Oc\u00e9an, entre traumatisme et r\u00e9silience\u00a0\u00bb, \u00e0 partir de 14\u00a0h\u00a030. Celui qui jette r\u00e9guli\u00e8rement l\u2019ancre \u00e0 Loctudy d\u00e9dicacera \u00e9galement son roman, \u00ab\u00a0Les perles nacr\u00e9es de nos larmes\u00a0\u00bb. Dans ce premier roman, sorti le 30 avril aux \u00e9ditions Ovadia, <a href=\"https:\/\/www.letelegramme.fr\/finistere\/pont-l-abbe-29120\/dans-le-pays-bigouden-frederic-jacques-bourgade-fait-des-traumatismes-de-lenfance-un-roman-6814432.php\" title=\"www.letelegramme.fr\" target=\"_blank\" rel=\"noopener\">l\u2019auteur revient sur son parcours<\/a>. \u00ab\u00a0Ancien pupille de l\u2019assistance, j\u2019ai v\u00e9cu la mis\u00e8re\u00a0: abandon, violence physique et psychologique, viol de ma m\u00e8re biologique, j\u2019en suis le r\u00e9sultat, puis de ma m\u00e8re adoptive, sous mes yeux. J\u2019avais 10 ans. Une femme, une jeune fille, un jeune gar\u00e7on, qui subit un viol n\u2019a plus rien d\u2019humain. On lui a vol\u00e9 son humanit\u00e9. Elle ou il devient un(e) esclave, un(e) objet. L\u2019enfant en gardera les traces \u00e0 jamais\u00a0\u00bb.<\/p>\n<p>Avec ce roman autour de faits dont l\u2019actualit\u00e9 se fait r\u00e9guli\u00e8rement \u00e9cho, Fr\u00e9d\u00e9ric-Jacques Bourgade entend communiquer, sensibiliser, expliquer.<\/p>\n<p>Pratique<\/p>\n<p class=\"note\">\u00c0 l\u2019Aire de Broca, 42 place de la R\u00e9publique, \u00e0 Pont-l\u2019Abb\u00e9, samedi 12 juillet, \u00e0 partir de 14\u00a0h\u00a030, conf\u00e9rence \u00ab\u00a0L\u2019enfant qui parle \u00e0 l\u2019Oc\u00e9an, entre traumatisme et r\u00e9silience\u00a0\u00bb et d\u00e9dicace du roman \u00ab\u00a0Les perles nacr\u00e9es de nos larmes\u00a0\u00bb.<\/p>\n","protected":false},"excerpt":{"rendered":"Fr\u00e9d\u00e9ric-Jacques Bourgade sera \u00e0 l\u2019Aire de Broca, \u00e0 Pont-l\u2019Abb\u00e9, samedi 12 juillet. Il proposera une conf\u00e9rence sur le&hellip;\n","protected":false},"author":2,"featured_media":232427,"comment_status":"","ping_status":"","sticky":false,"template":"","format":"standard","meta":{"footnotes":""},"categories":[1357],"tags":[1379,251,58,59,1011,27,1351,1380,3323,2004,37144,798],"class_list":{"0":"post-232426","1":"post","2":"type-post","3":"status-publish","4":"format-standard","5":"has-post-thumbnail","7":"category-livres","8":"tag-books","9":"tag-culture","10":"tag-divertissement","11":"tag-entertainment","12":"tag-fr","13":"tag-france","14":"tag-litterature","15":"tag-livres","16":"tag-pont-labbe","17":"tag-roman","18":"tag-violences-intra-familiales","19":"tag-violences-conjugales"},"share_on_mastodon":{"url":"https:\/\/pubeurope.com\/@fr\/114811518604989994","error":""},"_links":{"self":[{"href":"https:\/\/www.europesays.com\/fr\/wp-json\/wp\/v2\/posts\/232426","targetHints":{"allow":["GET"]}}],"collection":[{"href":"https:\/\/www.europesays.com\/fr\/wp-json\/wp\/v2\/posts"}],"about":[{"href":"https:\/\/www.europesays.com\/fr\/wp-json\/wp\/v2\/types\/post"}],"author":[{"embeddable":true,"href":"https:\/\/www.europesays.com\/fr\/wp-json\/wp\/v2\/users\/2"}],"replies":[{"embeddable":true,"href":"https:\/\/www.europesays.com\/fr\/wp-json\/wp\/v2\/comments?post=232426"}],"version-history":[{"count":0,"href":"https:\/\/www.europesays.com\/fr\/wp-json\/wp\/v2\/posts\/232426\/revisions"}],"wp:featuredmedia":[{"embeddable":true,"href":"https:\/\/www.europesays.com\/fr\/wp-json\/wp\/v2\/media\/232427"}],"wp:attachment":[{"href":"https:\/\/www.europesays.com\/fr\/wp-json\/wp\/v2\/media?parent=232426"}],"wp:term":[{"taxonomy":"category","embeddable":true,"href":"https:\/\/www.europesays.com\/fr\/wp-json\/wp\/v2\/categories?post=232426"},{"taxonomy":"post_tag","embeddable":true,"href":"https:\/\/www.europesays.com\/fr\/wp-json\/wp\/v2\/tags?post=232426"}],"curies":[{"name":"wp","href":"https:\/\/api.w.org\/{rel}","templated":true}]}}