{"id":232428,"date":"2025-07-07T10:38:12","date_gmt":"2025-07-07T10:38:12","guid":{"rendered":"https:\/\/www.europesays.com\/fr\/232428\/"},"modified":"2025-07-07T10:38:12","modified_gmt":"2025-07-07T10:38:12","slug":"the-voice-kids-cette-nouvelle-recrue-a-fracasse-le-jury-historique-son-arrivee-ne-laisse-personne-indifferent","status":"publish","type":"post","link":"https:\/\/www.europesays.com\/fr\/232428\/","title":{"rendered":"\u00ab\u00a0The Voice Kids\u00a0\u00bb : cette nouvelle recrue a \u00ab\u00a0fracass\u00e9\u00a0\u00bb le jury historique, son arriv\u00e9e ne laisse personne indiff\u00e9rent"},"content":{"rendered":"<p>      R\u00e9sum\u00e9<\/p>\n<p>La saison 11 de The Voice Kids arrive avec un jury renouvel\u00e9 et une nouvelle coach qui impressionne d\u00e9j\u00e0 ses coll\u00e8gues par son talent et sa complicit\u00e9.<\/p>\n<p>        Sommaire<\/p>\n<p>La nouvelle saison de <strong><a href=\"https:\/\/www.public.fr\/the-voice-kids-une-ancienne-candidate-plus-ravie-que-jamais-de-ne-pas-avoir-ete-selectionnee\" target=\"_blank\" rel=\"noopener\">The Voice Kids<\/a> s&rsquo;appr\u00eate \u00e0 faire son grand retour sur TF1<\/strong>\u2026 avec un jury enti\u00e8rement revisit\u00e9\u202f!<\/p>\n<p>Si <a href=\"https:\/\/www.public.fr\/cette-solitude-la-je-ne-my-fais-pas-patrick-fiori-plus-triste-que-jamais-apres-ses-concerts\" target=\"_blank\" rel=\"noopener\"><strong>Patrick Fiori<\/strong><\/a> reste fid\u00e8le au poste, <a href=\"https:\/\/www.public.fr\/tag\/m-pokora\" target=\"_blank\" rel=\"noopener\"><strong>M. Pokora<\/strong><\/a> signe son come-back apr\u00e8s plusieurs ann\u00e9es d&rsquo;absence. D\u00e9j\u00e0 coach lors des saisons 3 et 4, il pourra cette fois compter sur le soutien de <a href=\"https:\/\/www.public.fr\/soprano-refuse-de-participer-a-fort-boyard-et-la-raison-peut-vous-surprendre\" target=\"_blank\" rel=\"noopener\"><strong>Soprano<\/strong><\/a>.<\/p>\n<p>Grande nouveaut\u00e9 : <strong>Santa<\/strong> rejoint pour la premi\u00e8re fois l&rsquo;aventure. Et \u00e0 en croire l&rsquo;interpr\u00e8te de Ferme les yeux et imagine-toi, ce nouveau r\u00f4le lui colle parfaitement \u00e0 la peau. <\/p>\n<p>Santa au top dans son nouveau r\u00f4le<\/p>\n<p>Invit\u00e9 de la derni\u00e8re \u00e9mission On refait la t\u00e9l\u00e9 sur <a href=\"https:\/\/www.instagram.com\/rtl_france\/?hl=fr\" target=\"_blank\" rel=\"noreferrer noopener\">RTL<\/a>, Soprano n&rsquo;a pas tari d&rsquo;\u00e9loges sur sa nouvelle camarade de The Voice Kids. <\/p>\n<p>Pour lui, <strong>Santa \u00ab\u00a0assure\u00a0\u00bb dans son nouveau r\u00f4le. \u00ab\u00a0Mais bon, on n&rsquo;\u00e9tait pas trop inquiets !\u00a0\u00bb<\/strong>, a pr\u00e9cis\u00e9 le rappeur. <\/p>\n<p>\u00ab\u00a0<strong>Elle assure, les petits sont contents de la voir, elle donne de super conseils<\/strong>\u00ab\u00a0, a confi\u00e9 l&rsquo;artiste avant de revenir sur les premiers pas de sa cons\u0153ur sur le plateau : \u00ab\u00a0<strong>Elle nous a dit &lsquo;J&rsquo;ai un peu la pression !&rsquo; Mais apr\u00e8s&#8230; Elle nous a fracass\u00e9s ! Mais bon, Patrick\u00a0[Fiori], il est l\u00e0 depuis tellement longtemps qu&rsquo;il est fort ! Il est fort, le Patrick !<\/strong>\u00ab\u00a0<\/p>\n<p>The Voice Kids : la \u00ab\u00a0meilleure\u00a0\u00bb saison bient\u00f4t diffus\u00e9e<\/p>\n<p>Malgr\u00e9 la comp\u00e9tition entre coachs dans The Voice Kids, Soprano a ador\u00e9 le tournage de cette nouvelle saison. \u00ab\u00a0<strong>On s&rsquo;est \u00e9clat\u00e9s<\/strong>\u00ab\u00a0, a ajout\u00e9 le Marseillais lors de son entretien avec Jade et\u00a0Eric Dussart : \u00ab\u00a0<strong>Je pense que c&rsquo;est une des meilleures saisons<\/strong>. Pourquoi ? Parce que, d\u00e9j\u00e0, les quatre coachs, d\u00e8s que l&rsquo;on a vu qui \u00e9taient les coachs avec nous, on \u00e9tait d\u00e9j\u00e0 tous souriants. On s&rsquo;est tous appel\u00e9s, et \u00e7a se voit, je pense. \u00c7a va se voir \u00e0 l&rsquo;\u00e9cran !\u00a0\u00bb<\/p>\n<p>Pour rappel, la saison 10 du programme culte diffus\u00e9 sur la une avait \u00e9t\u00e9 marqu\u00e9e par la victoire de Tim, un jeune coll\u00e9gien de 10 ans originaire des Hauts-de-Seine. <\/p>\n<p>Coach\u00e9 par Lara Fabian, ce jeune talent avait boulevers\u00e9 le public avec sa reprise saisissante de Creep de Radiohead, puis \u00e9mu la France enti\u00e8re en chantant Qui a le droit aux c\u00f4t\u00e9s de Patrick Bruel en finale.<\/p>\n<p>      Mentionn\u00e9s dans cet article<\/p>\n<p>\u00c0 lire aussi<\/p>\n<p><script async src=\"\/\/www.instagram.com\/embed.js\"><\/script><\/p>\n","protected":false},"excerpt":{"rendered":"R\u00e9sum\u00e9 La saison 11 de The Voice Kids arrive avec un jury renouvel\u00e9 et une nouvelle coach qui&hellip;\n","protected":false},"author":2,"featured_media":232429,"comment_status":"","ping_status":"","sticky":false,"template":"","format":"standard","meta":{"footnotes":""},"categories":[1356],"tags":[58,59,1011,27,20497,252,10828,1364],"class_list":{"0":"post-232428","1":"post","2":"type-post","3":"status-publish","4":"format-standard","5":"has-post-thumbnail","7":"category-television","8":"tag-divertissement","9":"tag-entertainment","10":"tag-fr","11":"tag-france","12":"tag-jury","13":"tag-television","14":"tag-the-voice-kids","15":"tag-tv"},"share_on_mastodon":{"url":"https:\/\/pubeurope.com\/@fr\/114811522557857469","error":""},"_links":{"self":[{"href":"https:\/\/www.europesays.com\/fr\/wp-json\/wp\/v2\/posts\/232428","targetHints":{"allow":["GET"]}}],"collection":[{"href":"https:\/\/www.europesays.com\/fr\/wp-json\/wp\/v2\/posts"}],"about":[{"href":"https:\/\/www.europesays.com\/fr\/wp-json\/wp\/v2\/types\/post"}],"author":[{"embeddable":true,"href":"https:\/\/www.europesays.com\/fr\/wp-json\/wp\/v2\/users\/2"}],"replies":[{"embeddable":true,"href":"https:\/\/www.europesays.com\/fr\/wp-json\/wp\/v2\/comments?post=232428"}],"version-history":[{"count":0,"href":"https:\/\/www.europesays.com\/fr\/wp-json\/wp\/v2\/posts\/232428\/revisions"}],"wp:featuredmedia":[{"embeddable":true,"href":"https:\/\/www.europesays.com\/fr\/wp-json\/wp\/v2\/media\/232429"}],"wp:attachment":[{"href":"https:\/\/www.europesays.com\/fr\/wp-json\/wp\/v2\/media?parent=232428"}],"wp:term":[{"taxonomy":"category","embeddable":true,"href":"https:\/\/www.europesays.com\/fr\/wp-json\/wp\/v2\/categories?post=232428"},{"taxonomy":"post_tag","embeddable":true,"href":"https:\/\/www.europesays.com\/fr\/wp-json\/wp\/v2\/tags?post=232428"}],"curies":[{"name":"wp","href":"https:\/\/api.w.org\/{rel}","templated":true}]}}