{"id":232432,"date":"2025-07-07T10:40:17","date_gmt":"2025-07-07T10:40:17","guid":{"rendered":"https:\/\/www.europesays.com\/fr\/232432\/"},"modified":"2025-07-07T10:40:17","modified_gmt":"2025-07-07T10:40:17","slug":"superman-est-evidemment-politique-dapres-son-realisateur-james-gunn","status":"publish","type":"post","link":"https:\/\/www.europesays.com\/fr\/232432\/","title":{"rendered":"Superman est \u00e9videmment politique d&rsquo;apr\u00e8s son r\u00e9alisateur, James Gunn"},"content":{"rendered":"<p>Le fameux super-h\u00e9ros va bient\u00f4t conna\u00eetre une nouvelle vie au cin\u00e9ma, sous la direction de James Gunn (Les Gardiens de la Galaxie). L\u2019occasion pour le r\u00e9alisateur de rappeler \u00e0 quel point, selon lui, l\u2019histoire de Superman est profond\u00e9ment politique.<\/p>\n<p>Plus de 10 ans apr\u00e8s <a href=\"https:\/\/www.numerama.com\/pop-culture\/1992867-le-nouveau-film-superman-boycotte-par-des-fans-de-zack-snyder-james-gunn-ironise.html\" target=\"_blank\" rel=\"noopener\">Man of Steel et les d\u00e9buts du Snyderverse<\/a>, Clark Kent va enfin b\u00e9n\u00e9ficier d\u2019une petite cure de jouvence au cin\u00e9ma. D\u00e9sormais, le super-h\u00e9ros prendra les traits de David Corenswet (<a href=\"https:\/\/www.numerama.com\/series-tv\/the-politician\/\" data-type=\"tv-shows\" data-id=\"992447\" target=\"_blank\" rel=\"noopener\">The Politician<\/a>) dans <a href=\"https:\/\/www.numerama.com\/films\/superman-legacy\/\" data-type=\"movies\" data-id=\"1620132\" target=\"_blank\" rel=\"noopener\">Superman<\/a>, dont la sortie est pr\u00e9vue pour le 9 juillet 2025 dans les salles obscures.<\/p>\n<p>Un film ambitieux, <a href=\"https:\/\/www.numerama.com\/pop-culture\/1978485-superman-date-de-sortie-casting-personnages-tout-savoir-sur-le-film-evenement-de-lete-2025.html\" target=\"_blank\" rel=\"noopener\">qui r\u00e9unira de nombreux personnages iconiques de DC Comics<\/a>, dont <a href=\"https:\/\/www.numerama.com\/pop-culture\/1983225-le-prochain-film-superman-a-un-lien-special-avec-smallville.html\" target=\"_blank\" rel=\"noopener\">Lex Luthor<\/a>, et qui poss\u00e8de un message \u00e9minemment politique, d\u2019apr\u00e8s son r\u00e9alisateur, James Gunn.<\/p>\n<\/p>\n<p>            Ce contenu est bloqu\u00e9 car vous n\u2019avez pas accept\u00e9 les cookies et autres traceurs. Ce contenu est fourni par YouTube.<br \/>Pour pouvoir le visualiser, vous devez accepter l\u2019usage \u00e9tant op\u00e9r\u00e9 par YouTube avec vos donn\u00e9es qui pourront \u00eatre utilis\u00e9es pour les finalit\u00e9s suivantes : vous permettre de visualiser et de partager des contenus avec des m\u00e9dias sociaux, favoriser le d\u00e9veloppement et l\u2019am\u00e9lioration des produits d\u2019Humanoid et de ses partenaires, vous afficher des publicit\u00e9s personnalis\u00e9es par rapport \u00e0 votre profil et activit\u00e9, vous d\u00e9finir un profil publicitaire personnalis\u00e9, mesurer la performance des publicit\u00e9s et du contenu de ce site et mesurer l\u2019audience de ce site <a href=\"#\" class=\"js-privacy\" target=\"_blank\">(en savoir plus)<\/a>        <\/p>\n<p>            En cliquant sur \u00ab J\u2019accepte tout \u00bb, vous consentez aux finalit\u00e9s susmentionn\u00e9es pour l\u2019ensemble des cookies et autres traceurs d\u00e9pos\u00e9s par Humanoid et <a class=\"embed-consent-overlay-vendors-link\" href=\"#preferences-vendeurs\">ses partenaires<\/a>.        <\/p>\n<p>            Vous gardez la possibilit\u00e9 de retirer votre consentement \u00e0 tout moment. Pour plus d\u2019informations, nous vous invitons \u00e0 prendre connaissance de notre <a href=\"https:\/\/www.numerama.com\/politique-cookies\" target=\"_blank\" rel=\"noopener\">Politique cookies<\/a>.        <\/p>\n<p>        J\u2019accepte tout    <\/p>\n<p class=\"embed-consent-overlay-manage-choices\">        <a href=\"#preferences-publicitaires\">G\u00e9rer mes choix<\/a>    <\/p>\n<p>\u00ab La gentillesse humaine est une valeur que nous avons perdue \u00bb<\/p>\n<p><a target=\"_blank\" href=\"https:\/\/www.thetimes.com\/culture\/film\/article\/james-gunn-interview-superman-film-2025-david-corenswet-dhb3bw3rp\" rel=\"noopener\">Dans un entretien accord\u00e9 \u00e0 The Times of London<\/a>, le cin\u00e9aste a ainsi \u00e9voqu\u00e9 sa vision de Superman qui repr\u00e9sente, selon lui, \u00ab toute l\u2019histoire de l\u2019Am\u00e9rique \u00bb : \u00ab Il s\u2019agit d\u2019un immigr\u00e9 venu d\u2019autres contr\u00e9es pour habiter ce pays. Mais pour moi, c\u2019est surtout un r\u00e9cit qui nous rappelle que la gentillesse humaine est une valeur que nous avons perdue. \u00bb<\/p>\n<p><a href=\"https:\/\/www.numerama.com\/wp-content\/uploads\/2024\/01\/capture-decran-2025-05-27-a-095045.jpg\" target=\"_blank\" rel=\"noopener\"><img decoding=\"async\" width=\"1024\" height=\"576\" loading=\"lazy\" alt=\"Lois Lane et Clark Kent dans Superman \/\/ Source : Warner Bros.\" title=\"Lois Lane et Clark Kent dans Superman \/\/ Source : Warner Bros.\" class=\"wp-image-1978591 placeholder-default wp-image\" src=\"https:\/\/www.europesays.com\/fr\/wp-content\/uploads\/2025\/07\/capture-decran-2025-05-27-a-095045-1024x576.jpg\" \/><\/a>Lois Lane et Clark Kent dans Superman. \/\/ Source : Warner Bros.<\/p>\n<p>James Gunn est ainsi convaincu que les th\u00e9matiques de Superman sont profond\u00e9ment \u00ab politiques \u00bb, et que des personnes seront potentiellement offusqu\u00e9es par sa vision du super-h\u00e9ros : \u00ab On parle ici de moralit\u00e9. Est-ce qu\u2019il faut tuer, quoi qu\u2019il en co\u00fbte, comme le croit Superman, ou est-ce qu\u2019il faut trouver un \u00e9quilibre, comme le pense Lois ? Le r\u00e9cit se concentre vraiment sur leur relation et \u00e0 quel point diff\u00e9rentes opinions autour de croyances morales basiques peuvent s\u00e9parer deux personnes. \u00bb<\/p>\n<p>\u00c0 l\u2019heure o\u00f9 Donald Trump poursuit <a target=\"_blank\" href=\"https:\/\/www.france24.com\/fr\/vid%C3%A9o\/20250705-l-offensive-anti-immigration-de-donald-trump-c-est-inqui%C3%A9tant-mais-pas-surprenant\" rel=\"noopener\">sa croisade anti-immigration aux \u00c9tats-Unis<\/a>, certains groupes politiques pourraient ainsi se sentir vis\u00e9s par le parti-pris du film. Une offensive qui ne fait pas peur \u00e0 James Gunn : \u00ab Il y aura toujours des ordures qui sont loin d\u2019\u00eatre aimables et qui vont le prendre mal, juste parce que cela parle de bont\u00e9. Mais qu\u2019ils aillent se faire foutre. \u00bb Cela a le m\u00e9rite d\u2019\u00eatre parfaitement clair.<\/p>\n<p>    Pour aller plus loin<\/p>\n<p>                <img decoding=\"async\" width=\"87\" height=\"87\" loading=\"lazy\" alt=\"Superman \/\/ Source : Warner Bros.\" title=\"Superman \/\/ Source : Warner Bros.\" class=\"placeholder-default wp-image\" src=\"https:\/\/www.europesays.com\/fr\/wp-content\/uploads\/2025\/07\/orctvzcevzamn5lvjobq4c-1200-80-200x200.jpg\" \/>            <\/p>\n<p>                        <a href=\"https:\/\/www.numerama.com\/films\/superman-legacy\/\" class=\"is-block\" target=\"_blank\" rel=\"noopener\"><br \/>\n                            <img decoding=\"async\" width=\"350\" height=\"210\" loading=\"lazy\" alt=\"Superman \/\/ Source : Warner Bros.\" title=\"Superman \/\/ Source : Warner Bros.\" class=\"is-block is-radiused placeholder-default wp-image\" src=\"https:\/\/www.europesays.com\/fr\/wp-content\/uploads\/2025\/07\/orctvzcevzamn5lvjobq4c-1200-80-680x383.jpg\" \/>                        <\/a><\/p>\n<p>                        <a href=\"https:\/\/www.numerama.com\/films\/superman-legacy\/\" class=\"is-family-serif is-block has-text-body has-text-primary-hover has-text-decoration-none mb-1\" target=\"_blank\" rel=\"noopener\"><br \/>\n                Superman            <\/a><\/p>\n<p>        Il n\u2019y a pas d\u2019offres pour le moment\n                                            <\/p>\n<p>            <img decoding=\"async\" src=\"https:\/\/www.europesays.com\/fr\/wp-content\/uploads\/2025\/04\/iPhone-16-pro.png\" alt=\"Toute l'actu tech en un clien d'oeil\"\/><\/p>\n<p class=\"card-install-pwa__title\">Toute l&rsquo;actu tech en un clin d&rsquo;\u0153il<\/p>\n<p class=\"card-install-pwa__description\">Ajoutez Numerama \u00e0 votre \u00e9cran d&rsquo;accueil et restez connect\u00e9s au futur !<\/p>\n<p>            <img decoding=\"async\" src=\"https:\/\/www.numerama.com\/wp-content\/themes\/numerama-next\/assets\/images\/premium\/logo-card-pwa-coupe.svg\" alt=\"Logo PWA\"\/><\/p>\n<p>       Installer Numerama<\/p>\n","protected":false},"excerpt":{"rendered":"Le fameux super-h\u00e9ros va bient\u00f4t conna\u00eetre une nouvelle vie au cin\u00e9ma, sous la direction de James Gunn (Les&hellip;\n","protected":false},"author":2,"featured_media":232433,"comment_status":"","ping_status":"","sticky":false,"template":"","format":"standard","meta":{"footnotes":""},"categories":[1354],"tags":[650,11960,58,59,1346,1011,27,1360,30658],"class_list":{"0":"post-232432","1":"post","2":"type-post","3":"status-publish","4":"format-standard","5":"has-post-thumbnail","7":"category-films","8":"tag-cinema","9":"tag-dc-comics","10":"tag-divertissement","11":"tag-entertainment","12":"tag-films","13":"tag-fr","14":"tag-france","15":"tag-movies","16":"tag-superman-2025"},"share_on_mastodon":{"url":"https:\/\/pubeurope.com\/@fr\/114811530576198685","error":""},"_links":{"self":[{"href":"https:\/\/www.europesays.com\/fr\/wp-json\/wp\/v2\/posts\/232432","targetHints":{"allow":["GET"]}}],"collection":[{"href":"https:\/\/www.europesays.com\/fr\/wp-json\/wp\/v2\/posts"}],"about":[{"href":"https:\/\/www.europesays.com\/fr\/wp-json\/wp\/v2\/types\/post"}],"author":[{"embeddable":true,"href":"https:\/\/www.europesays.com\/fr\/wp-json\/wp\/v2\/users\/2"}],"replies":[{"embeddable":true,"href":"https:\/\/www.europesays.com\/fr\/wp-json\/wp\/v2\/comments?post=232432"}],"version-history":[{"count":0,"href":"https:\/\/www.europesays.com\/fr\/wp-json\/wp\/v2\/posts\/232432\/revisions"}],"wp:featuredmedia":[{"embeddable":true,"href":"https:\/\/www.europesays.com\/fr\/wp-json\/wp\/v2\/media\/232433"}],"wp:attachment":[{"href":"https:\/\/www.europesays.com\/fr\/wp-json\/wp\/v2\/media?parent=232432"}],"wp:term":[{"taxonomy":"category","embeddable":true,"href":"https:\/\/www.europesays.com\/fr\/wp-json\/wp\/v2\/categories?post=232432"},{"taxonomy":"post_tag","embeddable":true,"href":"https:\/\/www.europesays.com\/fr\/wp-json\/wp\/v2\/tags?post=232432"}],"curies":[{"name":"wp","href":"https:\/\/api.w.org\/{rel}","templated":true}]}}