{"id":232436,"date":"2025-07-07T10:45:25","date_gmt":"2025-07-07T10:45:25","guid":{"rendered":"https:\/\/www.europesays.com\/fr\/232436\/"},"modified":"2025-07-07T10:45:25","modified_gmt":"2025-07-07T10:45:25","slug":"les-meilleures-offres-sur-amazon-co","status":"publish","type":"post","link":"https:\/\/www.europesays.com\/fr\/232436\/","title":{"rendered":"les meilleures offres sur Amazon &#038; Co"},"content":{"rendered":"<p>Cela fait d\u00e9j\u00e0 presque deux semaines que les soldes d\u2019\u00e9t\u00e9 ont d\u00e9but\u00e9 sur l\u2019Hexagone. En ce moment, c\u2019est la deuxi\u00e8me d\u00e9marque et vient avec elle de nombreuses nouvelles promotions et baisses de prix. On fait le tri des meilleures offres pour vous !<\/p>\n<p><a href=\"https:\/\/images.frandroid.com\/wp-content\/uploads\/2025\/07\/soldes-dete-2025-deuxieme-demarque-1-1.jpg\" target=\"_blank\" class=\"article-content__figure\" rel=\"noopener\"><img loading=\"lazy\" decoding=\"async\" width=\"1200\" height=\"799\" src=\"https:\/\/www.europesays.com\/fr\/wp-content\/uploads\/2025\/07\/1751885053_431_soldes-dete-2025-deuxieme-demarque-1-1.jpg\" alt=\"\" class=\"wp-image-2718587 wp-image wp-image\"  \/><\/a><\/p>\n<p>Il n\u2019est jamais trop tard pour faire de bonnes affaires pendant les soldes d\u2019\u00e9t\u00e9 ! La deuxi\u00e8me arrive bient\u00f4t \u00e0 son terme, et il reste encore deux d\u00e9marques apr\u00e8s \u00e7a. Plus vous attendrez, plus vous aurez l\u2019opportunit\u00e9 de payer de moins en moins, mais cela d\u00e9pend \u00e9videmment des stocks des e-commer\u00e7ants.<\/p>\n<p>Bref, si vous recherchez \u00e0 faire l\u2019acquisition d\u2019un nouveau <a href=\"https:\/\/www.frandroid.com\/bons-plans\/bons-plans-smartphone\" target=\"_blank\" rel=\"noreferrer noopener\">smartphone<\/a>, <a href=\"https:\/\/www.frandroid.com\/bons-plans\/bons-plans-tablette\" target=\"_blank\" rel=\"noreferrer noopener\">tablette<\/a>, <a href=\"https:\/\/www.frandroid.com\/bons-plans\/bons-plans-pc-portable\" target=\"_blank\" rel=\"noreferrer noopener\">PC portable<\/a>, <a href=\"https:\/\/www.frandroid.com\/bons-plans\/bons-plans-audio\" target=\"_blank\" rel=\"noreferrer noopener\">casque ou \u00e9couteurs sans fil<\/a> et <a href=\"https:\/\/www.frandroid.com\/bons-plans\/bons-plans-tv\" target=\"_blank\" rel=\"noreferrer noopener\">TV 4K<\/a>, vous \u00eates au bon endroit ! La liste des offres sera tr\u00e8s r\u00e9guli\u00e8rement mise \u00e0 jour, revenez donc y faire un tour plus tard si vous ne trouvez pas votre bonheur la premi\u00e8re fois. <\/p>\n<p>Les meilleures offres de la 2\u00e8me d\u00e9marque des soldes d\u2019\u00e9t\u00e9<\/p>\n<p>                                            12:38<br \/>\n                                                                MSI Crosshair 16 HX AI<\/p>\n<p>Les promotions sur\u00a0les PC portables dot\u00e9s de RTX\u00a0s\u00e9rie 5000 se font rares, mais\u00a0pendant les soldes on trouve de belles config \u00e0 prix cass\u00e9, comme ce laptop MSI \u00e9quip\u00e9 d\u2019une RTX 5070 et un bel \u00e9cran QHD+ \u00e0 240 Hz, le tout avec 300 euros de moins.<\/p>\n<p><img class=\"wp-image wp-image\" decoding=\"async\" src=\"https:\/\/www.europesays.com\/fr\/wp-content\/uploads\/2025\/07\/msi-crosshair-16-hx-ai-soldes-dete-2025-1200x799.jpg\"\/><\/p>\n<ul class=\"wp-block-list\">\n<li>Un \u00e9cran QHD+ de 16 pouces \u00e0 240 Hz<\/li>\n<li>Une carte graphique RTX 5070 avec un Intel Core Ultra 7 255HX<\/li>\n<li>Accompagn\u00e9e de 16 Go de RAM et 512 Go de SSD NVMe<\/li>\n<\/ul>\n<p>Avec un prix barr\u00e9 \u00e0 1 999,99 euros, le MSI Crosshair 16 HX AI est en ce moment\u00a0<a href=\"https:\/\/shop.frandroid.com\/r1egxz5o\" target=\"_blank\" rel=\"noreferrer noopener affiliate nofollow\" data-gtm=\"{&quot;event&quot;:&quot;afficlic&quot;,&quot;nom_marchand&quot;:&quot;fnac&quot;,&quot;nom_produit&quot;:&quot;inconnu&quot;,&quot;categorie_produit&quot;:&quot;inconnu&quot;,&quot;module_produit&quot;:&quot;editolink&quot;,&quot;position_marchand&quot;:0,&quot;texte&quot;:&quot;en-promotion-a-1-699-99-euros-sur-le-site-de-la-fnac&quot;,&quot;offer_url&quot;:&quot;https:\/\/shop.frandroid.com\/r1egxz5o&quot;,&quot;zone&quot;:&quot;contenu-page&quot;}\">en promotion \u00e0 1 699,99 euros sur le site de la Fnac<\/a>\u00a0et\u00a0<a href=\"https:\/\/shop.frandroid.com\/8v21aadq\" target=\"_blank\" rel=\"noreferrer noopener affiliate nofollow\" data-gtm=\"{&quot;event&quot;:&quot;afficlic&quot;,&quot;nom_marchand&quot;:&quot;darty&quot;,&quot;nom_produit&quot;:&quot;inconnu&quot;,&quot;categorie_produit&quot;:&quot;inconnu&quot;,&quot;module_produit&quot;:&quot;editolink&quot;,&quot;position_marchand&quot;:0,&quot;texte&quot;:&quot;darty&quot;,&quot;offer_url&quot;:&quot;https:\/\/shop.frandroid.com\/8v21aadq&quot;,&quot;zone&quot;:&quot;contenu-page&quot;}\">Darty<\/a>.<\/p>\n<p>                                            12:04<br \/>\n                                                                Huawei Watch GT 4<\/p>\n<p>La\u00a0Huawei GT 4\u00a0n\u2019est certes pas le mod\u00e8le le plus r\u00e9cent de la marque, elle reste encore comp\u00e9titive, surtout quand elle est affich\u00e9e \u00e0 moins de 100 euros lors des soldes.<\/p>\n<p><img class=\"wp-image wp-image\" decoding=\"async\" src=\"https:\/\/www.europesays.com\/fr\/wp-content\/uploads\/2025\/07\/huawei-watch-gt-4-soldes-dete-2025-1200x799.jpg\"\/><\/p>\n<ul class=\"wp-block-list\">\n<li>Sa dalle Amoled de 1,43 pouce bien \u00e9clair\u00e9e<\/li>\n<li>Un bon suivi des activit\u00e9s sportives<\/li>\n<li>La couronne rotative, pratique et agr\u00e9able \u00e0 l\u2019usage<\/li>\n<\/ul>\n<p>La version de la Huawei Watch GT 4 46 mm avec un bracelet en silicone noir a \u00e9t\u00e9 lanc\u00e9e \u00e0 249,99 euros. Aujourd\u2019hui, vous la retrouvez sur le site de la\u00a0<a href=\"https:\/\/shop.frandroid.com\/ahg7pyzv\" target=\"_blank\" rel=\"noreferrer noopener affiliate nofollow\" data-gtm=\"{&quot;event&quot;:&quot;afficlic&quot;,&quot;nom_marchand&quot;:&quot;fnac&quot;,&quot;nom_produit&quot;:&quot;inconnu&quot;,&quot;categorie_produit&quot;:&quot;inconnu&quot;,&quot;module_produit&quot;:&quot;editolink&quot;,&quot;position_marchand&quot;:0,&quot;texte&quot;:&quot;fnac&quot;,&quot;offer_url&quot;:&quot;https:\/\/shop.frandroid.com\/ahg7pyzv&quot;,&quot;zone&quot;:&quot;contenu-page&quot;}\">Fnac<\/a>\u00a0et\u00a0<a href=\"https:\/\/shop.frandroid.com\/n3j798lt\" target=\"_blank\" rel=\"noreferrer noopener affiliate nofollow\" data-gtm=\"{&quot;event&quot;:&quot;afficlic&quot;,&quot;nom_marchand&quot;:&quot;darty&quot;,&quot;nom_produit&quot;:&quot;inconnu&quot;,&quot;categorie_produit&quot;:&quot;inconnu&quot;,&quot;module_produit&quot;:&quot;editolink&quot;,&quot;position_marchand&quot;:0,&quot;texte&quot;:&quot;darty&quot;,&quot;offer_url&quot;:&quot;https:\/\/shop.frandroid.com\/n3j798lt&quot;,&quot;zone&quot;:&quot;contenu-page&quot;}\">Darty<\/a>\u00a0pour 99,99 euros.<\/p>\n<p>                                            11:32<br \/>\n                                                                LG OLED55B5<\/p>\n<p>Si vous souhaitez changer de t\u00e9l\u00e9viseur, vous devriez trouver votre bonheur avec le r\u00e9cent LG OLED55B5. Ce TV offre une belle qualit\u00e9 d\u2019image pour regarder confortablement ses contenus favoris avec un prix plus attractif lors des soldes apr\u00e8s 300 euros de remise.<\/p>\n<p><a href=\"https:\/\/images.frandroid.com\/wp-content\/uploads\/2025\/06\/lg-oled-55b5-soldes-dete-2025.jpg\" target=\"_blank\" rel=\"noopener\" class=\"article-content__figure\"><img fetchpriority=\"high\" loading=\"eager\" decoding=\"async\" width=\"1200\" height=\"675\" class=\"wp-image-2723673 wp-image wp-image\" src=\"https:\/\/www.europesays.com\/fr\/wp-content\/uploads\/2025\/07\/lg-oled-55b5-soldes-dete-2025-1200x675.jpg\" alt=\"\"  \/><\/a><\/p>\n<ul class=\"wp-block-list\">\n<li style=\"list-style-type: none\">\n<ul class=\"wp-block-list\">\n<li>Sa dalle OLED 4K UHD avec un taux de rafra\u00eechissement natif de 120 Hz<\/li>\n<\/ul>\n<\/li>\n<\/ul>\n<ul class=\"wp-block-list\">\n<li style=\"list-style-type: none\">\n<ul class=\"wp-block-list\">\n<li>Sa compatibilit\u00e9 avec les normes HDR10, HLG et Dolby Vision et Atmos<\/li>\n<\/ul>\n<\/li>\n<\/ul>\n<ul class=\"wp-block-list\">\n<li style=\"list-style-type: none\">\n<ul class=\"wp-block-list\">\n<li>Ses ports HDMI 2.1 et webOS 2025<\/li>\n<\/ul>\n<\/li>\n<\/ul>\n<p>Lanc\u00e9 \u00e0 1 699 euros, le t\u00e9l\u00e9viseur LG OLED de la s\u00e9rie B5 en 55 pouces se trouve <a href=\"https:\/\/shop.frandroid.com\/dhorhubh\" target=\"_blank\" rel=\"noreferrer noopener affiliate nofollow\" data-gtm=\"{&quot;event&quot;:&quot;afficlic&quot;,&quot;nom_marchand&quot;:&quot;ubaldi&quot;,&quot;nom_produit&quot;:&quot;inconnu&quot;,&quot;categorie_produit&quot;:&quot;inconnu&quot;,&quot;module_produit&quot;:&quot;editolink&quot;,&quot;position_marchand&quot;:0,&quot;texte&quot;:&quot;moins-cher-sur-le-site-ubaldi-1-390-euros&quot;,&quot;offer_url&quot;:&quot;https:\/\/shop.frandroid.com\/dhorhubh&quot;,&quot;zone&quot;:&quot;contenu-page&quot;}\">moins cher sur le site Ubaldi : 1 390 euros<\/a>.<\/p>\n<p>On trouve aussi <a href=\"https:\/\/shop.frandroid.com\/feygb5my\" target=\"_blank\" rel=\"noreferrer noopener affiliate nofollow\" data-gtm=\"{&quot;event&quot;:&quot;afficlic&quot;,&quot;nom_marchand&quot;:&quot;boulanger&quot;,&quot;nom_produit&quot;:&quot;inconnu&quot;,&quot;categorie_produit&quot;:&quot;inconnu&quot;,&quot;module_produit&quot;:&quot;editolink&quot;,&quot;position_marchand&quot;:0,&quot;texte&quot;:&quot;le-modele-65-pouces-de-ce-televiseur-lg-a-1-699-euros&quot;,&quot;offer_url&quot;:&quot;https:\/\/shop.frandroid.com\/feygb5my&quot;,&quot;zone&quot;:&quot;contenu-page&quot;}\">le mod\u00e8le 65 pouces de ce t\u00e9l\u00e9viseur LG \u00e0 1 699 euros<\/a> au lieu de 2 299 euros chez Boulanger.<\/p>\n<p>                                            11:13<br \/>\n                                                                Samsung Galaxy A34<\/p>\n<p>Avec l\u2019arriv\u00e9e du Samsung Galaxy A36, on trouve de belles remises sur les anciennes g\u00e9n\u00e9rations, comme le Galaxy A34 qui chute sous les 200 euros aujourd\u2019hui.<\/p>\n<p><a href=\"https:\/\/images.frandroid.com\/wp-content\/uploads\/2025\/07\/samsung-galaxy-a34-soldes-dete-2025-1.jpg\" target=\"_blank\" rel=\"noopener\" class=\"article-content__figure\"><img loading=\"lazy\" decoding=\"async\" class=\"aligncenter size-large wp-image-2718075 wp-image wp-image\" src=\"https:\/\/www.europesays.com\/fr\/wp-content\/uploads\/2025\/07\/samsung-galaxy-a34-soldes-dete-2025-1-1200x799.jpg\" alt=\"\" width=\"1200\" height=\"799\"  \/><\/a><\/p>\n<ul class=\"wp-block-list\">\n<li>Son joli design et son \u00e9cran, digne d\u2019un haut de gamme<\/li>\n<li>Son capteur principal et son autonomie<\/li>\n<li>Sans oublier ses quatre ans de mises \u00e0 jour majeures<\/li>\n<\/ul>\n<p>Lanc\u00e9 \u00e0 399 euros dans sa version 6 + 128 Go, le Samsung Galaxy A34 est aujourd\u2019hui disponible\u00a0<a href=\"https:\/\/shop.frandroid.com\/9b7xui0z\" target=\"_blank\" rel=\"noreferrer noopener affiliate nofollow\" data-gtm=\"{&quot;event&quot;:&quot;afficlic&quot;,&quot;nom_marchand&quot;:&quot;electro_depot&quot;,&quot;nom_produit&quot;:&quot;inconnu&quot;,&quot;categorie_produit&quot;:&quot;inconnu&quot;,&quot;module_produit&quot;:&quot;editolink&quot;,&quot;position_marchand&quot;:0,&quot;texte&quot;:&quot;en-promotion-a-seulement-199-euros-chez-auchan&quot;}\">en promotion \u00e0 seulement 199 euros chez Auchan<\/a>.<\/p>\n<p>                                            10:51<br \/>\n                                                                Samsung T9<\/p>\n<p>Successeur du tr\u00e8s efficace T7, le Samsung T9 est un SSD externe proposant une meilleure fiche technique que son pr\u00e9d\u00e9cesseur. Le T9 promet des vitesses de transfert plus rapides et une robustesse \u00e0 toute \u00e9preuve, le tout dans un design revu.<\/p>\n<p><a href=\"https:\/\/images.frandroid.com\/wp-content\/uploads\/2025\/07\/ssd-samsung-t9-soldes-dete-2025.jpg\" target=\"_blank\" rel=\"noopener\" class=\"article-content__figure\"><img loading=\"lazy\" decoding=\"async\" width=\"1200\" height=\"799\" class=\"wp-image-2723329 wp-image wp-image\" src=\"https:\/\/www.europesays.com\/fr\/wp-content\/uploads\/2025\/07\/ssd-samsung-t9-soldes-dete-2025-1200x799.jpg\" alt=\"\"  \/><\/a><\/p>\n<ul class=\"wp-block-list\">\n<li style=\"list-style-type: none\">\n<ul class=\"wp-block-list\">\n<li>Pour son format compact et r\u00e9sistant<\/li>\n<\/ul>\n<\/li>\n<\/ul>\n<ul class=\"wp-block-list\">\n<li style=\"list-style-type: none\">\n<ul class=\"wp-block-list\">\n<li>Ses vitesses de transfert atteignant les 2 000 Mo\/s<\/li>\n<\/ul>\n<\/li>\n<\/ul>\n<ul class=\"wp-block-list\">\n<li style=\"list-style-type: none\">\n<ul class=\"wp-block-list\">\n<li>Sa capacit\u00e9 de stockage : 2 000 Go<\/li>\n<\/ul>\n<\/li>\n<\/ul>\n<p>Avec un prix conseill\u00e9 \u00e0 279,99 euros, le SSD externe Samsung T9 avec 2 To de stockage se trouve actuellement <a href=\"https:\/\/shop.frandroid.com\/ikf59mr7\" target=\"_blank\" rel=\"noreferrer noopener affiliate nofollow\" data-gtm=\"{&quot;event&quot;:&quot;afficlic&quot;,&quot;nom_marchand&quot;:&quot;amazon_fr&quot;,&quot;nom_produit&quot;:&quot;inconnu&quot;,&quot;categorie_produit&quot;:&quot;inconnu&quot;,&quot;module_produit&quot;:&quot;editolink&quot;,&quot;position_marchand&quot;:0,&quot;texte&quot;:&quot;en-promotion-a-174-99-euros-sur-amazon&quot;,&quot;offer_url&quot;:&quot;https:\/\/shop.frandroid.com\/ikf59mr7&quot;,&quot;zone&quot;:&quot;contenu-page&quot;}\">en promotion \u00e0 174,99 euros sur Amazon.<\/a><\/p>\n<p>                10:36<\/p>\n<p>                    LG OLED55B4<\/p>\n<p>Parmi\u00a0les t\u00e9l\u00e9viseurs Oled LG de 2024, la s\u00e9rie B4 est l\u2019option la plus \u00e9conomique pour profiter d\u2019une bonne qualit\u00e9 d\u2019image sans se ruiner. Autrefois, cette gamme \u00e9tait per\u00e7ue comme un compromis entre qualit\u00e9 et prix, mais LG a donn\u00e9 \u00e0 cette\u00a0s\u00e9rie B4 un air r\u00e9solument haut de gamme\u00a0: \u00e9cran OLED qui pointe \u00e0 120 Hz, ports HDMI 2.1\u2026<\/p>\n<p><a href=\"https:\/\/images.frandroid.com\/wp-content\/uploads\/2025\/07\/lg-oled-55b4-soldes-dete-2025.jpg\" target=\"_blank\" rel=\"noopener\" class=\"article-content__figure\"><img loading=\"lazy\" decoding=\"async\" class=\"aligncenter size-large wp-image-2717837 wp-image wp-image\" src=\"https:\/\/www.europesays.com\/fr\/wp-content\/uploads\/2025\/07\/lg-oled-55b4-soldes-dete-2025-1200x799.jpg\" alt=\"\" width=\"1200\" height=\"799\"  \/><\/a><\/p>\n<ul class=\"wp-block-list\">\n<li>Une dalle 4K OLED de 55 pouces<\/li>\n<li>Un taux de rafra\u00eechissement pouvant atteindre 120 Hz<\/li>\n<li>Compatible HDR10, HLG et Dolby Vision<\/li>\n<li>Des ports HDMI 2.1<\/li>\n<\/ul>\n<p>De base \u00e0 1 290 euros, le TV LG OLED55B4 est actuellement propos\u00e9\u00a0<a href=\"https:\/\/shop.frandroid.com\/8mjfg3e6\" target=\"_blank\" rel=\"sponsored nofollow noopener\" data-gtm=\"{&quot;event&quot;:&quot;afficlic&quot;,&quot;nom_marchand&quot;:&quot;Cdiscount&quot;,&quot;nom_produit&quot;:&quot;inconnu&quot;,&quot;categorie_produit&quot;:&quot;inconnu&quot;,&quot;module_produit&quot;:&quot;editolink&quot;,&quot;position_marchand&quot;:0,&quot;texte&quot;:&quot;en-promotion-a-799-euros-sur-Cdiscount&quot;}\">en promotion \u00e0 734 euros sur Cdiscount<\/a> avec le code promo <strong>15DES129<\/strong>.<\/p>\n<p>                                            10:03<br \/>\n                                                                Samsung Galaxy Watch FE<\/p>\n<p>La Samsung Galaxy Watch FE est une version de la c\u00e9l\u00e8bre smartwatch avec quelques concessions techniques pour proposer un prix bas.<\/p>\n<p><a href=\"https:\/\/images.frandroid.com\/wp-content\/uploads\/2025\/07\/samsung-galaxy-watch-fe-soldes-dete-2025.jpg\" target=\"_blank\" rel=\"noopener\" class=\"article-content__figure\"><img loading=\"lazy\" decoding=\"async\" width=\"1200\" height=\"675\" class=\"wp-image-2716531 wp-image wp-image\" src=\"https:\/\/www.europesays.com\/fr\/wp-content\/uploads\/2025\/07\/samsung-galaxy-watch-fe-soldes-dete-2025-1200x675.jpg\" alt=\"\"  \/><\/a><\/p>\n<ul class=\"wp-block-list\">\n<li style=\"list-style-type: none\">\n<ul class=\"wp-block-list\">\n<li>L\u2019\u00e9cran AMOLED pour sa lisibilit\u00e9, sa solidit\u00e9 et son confort<\/li>\n<\/ul>\n<\/li>\n<\/ul>\n<ul class=\"wp-block-list\">\n<li style=\"list-style-type: none\">\n<ul class=\"wp-block-list\">\n<li>L\u2019\u00e9cosyst\u00e8me Google complet : apps, paiement, GPS, assistant vocal<\/li>\n<\/ul>\n<\/li>\n<\/ul>\n<ul class=\"wp-block-list\">\n<li style=\"list-style-type: none\">\n<ul class=\"wp-block-list\">\n<li>La pr\u00e9cision des mesures de sant\u00e9<\/li>\n<\/ul>\n<\/li>\n<\/ul>\n<p>La Samsung Galaxy Watch FE a \u00e9t\u00e9 lanc\u00e9e, en juin 2024, pour 229 euros. De l\u2019eau a coul\u00e9 sous les ponts et gr\u00e2ce aux soldes d\u2019\u00e9t\u00e9 2025, elle est <a href=\"https:\/\/shop.frandroid.com\/ezf2oki2\" target=\"_blank\" rel=\"noreferrer noopener affiliate nofollow\" data-gtm=\"{&quot;event&quot;:&quot;afficlic&quot;,&quot;nom_marchand&quot;:&quot;e_leclerc&quot;,&quot;nom_produit&quot;:&quot;inconnu&quot;,&quot;categorie_produit&quot;:&quot;inconnu&quot;,&quot;module_produit&quot;:&quot;editolink&quot;,&quot;position_marchand&quot;:0,&quot;texte&quot;:&quot;disponible-a-129-euros&quot;,&quot;offer_url&quot;:&quot;https:\/\/shop.frandroid.com\/ezf2oki2&quot;,&quot;zone&quot;:&quot;contenu-page&quot;}\">disponible \u00e0 99 euros<\/a> chez E.Leclerc.<\/p>\n<p>                                            17:42<br \/>\n                                                                Bose QuietComfort Ultra Earbuds<\/p>\n<p>Les Bose QuietComfort Ultra Earbuds sont des \u00e9couteurs sans-fil avec la fameuse option de r\u00e9duction de bruit active, tr\u00e8s bien not\u00e9s chez nous, que vous retrouvez \u00e0 moiti\u00e9 prix aujourd\u2019hui.<\/p>\n<p><a href=\"https:\/\/images.frandroid.com\/wp-content\/uploads\/2025\/05\/bose-qc-ultra-earbuds-soldes-dete-2025.jpg\" target=\"_blank\" rel=\"noopener\" class=\"article-content__figure\"><img loading=\"lazy\" decoding=\"async\" width=\"1200\" height=\"799\" class=\"wp-image-2722431 wp-image wp-image\" src=\"https:\/\/www.europesays.com\/fr\/wp-content\/uploads\/2025\/07\/bose-qc-ultra-earbuds-soldes-dete-2025-1200x799.jpg\" alt=\"\"  \/><\/a><\/p>\n<ul class=\"wp-block-list\">\n<li style=\"list-style-type: none\">\n<ul class=\"wp-block-list\">\n<li>La qualit\u00e9 de la r\u00e9duction de bruit active<\/li>\n<\/ul>\n<\/li>\n<\/ul>\n<ul class=\"wp-block-list\">\n<li style=\"list-style-type: none\">\n<ul class=\"wp-block-list\">\n<li>Une autonomie de 24 h au total avec le boitier<\/li>\n<\/ul>\n<\/li>\n<\/ul>\n<ul class=\"wp-block-list\">\n<li style=\"list-style-type: none\">\n<ul class=\"wp-block-list\">\n<li>Ils sont adapt\u00e9s \u00e0 tous les usages<\/li>\n<\/ul>\n<\/li>\n<\/ul>\n<p>Initialement sortis \u00e0 349 euros, les Bose QuietComfort Ultra Earbuds sont actuellement <a href=\"https:\/\/shop.frandroid.com\/ad30grod\" target=\"_blank\" rel=\"noreferrer noopener affiliate nofollow\" data-gtm=\"{&quot;event&quot;:&quot;afficlic&quot;,&quot;nom_marchand&quot;:&quot;cdiscount&quot;,&quot;nom_produit&quot;:&quot;inconnu&quot;,&quot;categorie_produit&quot;:&quot;inconnu&quot;,&quot;module_produit&quot;:&quot;editolink&quot;,&quot;position_marchand&quot;:0,&quot;texte&quot;:&quot;accessibles-pour-169-99-euros&quot;,&quot;offer_url&quot;:&quot;https:\/\/shop.frandroid.com\/ad30grod&quot;,&quot;zone&quot;:&quot;contenu-page&quot;}\">accessibles pour 144,99 euros<\/a> en passant sur Cdiscount et en n\u2019oubliant pas d\u2019utiliser le code promo <strong>15DES129 <\/strong>avant de proc\u00e9der au paiement.<\/p>\n<p>                                            17:08<br \/>\n                                                                DJI Mic 2<\/p>\n<p>Si vous travaillez dans l\u2019audiovisuel ou comptez lancer une cha\u00eene YouTube, Twitch ou un podcast, rien de tel qu\u2019un micro pour bien capter votre voix. C\u2019est le r\u00f4le du DJI Mic 2 qui est en promotion aujourd\u2019hui.<\/p>\n<p><a href=\"https:\/\/images.frandroid.com\/wp-content\/uploads\/2025\/07\/dji-mic-2-soldes-ete-2025.jpg\" target=\"_blank\" rel=\"noopener\" class=\"article-content__figure\"><img loading=\"lazy\" decoding=\"async\" width=\"1200\" height=\"675\" class=\"wp-image-2722205 wp-image wp-image\" src=\"https:\/\/www.europesays.com\/fr\/wp-content\/uploads\/2025\/07\/dji-mic-2-soldes-ete-2025-1200x675.jpg\" alt=\"\"  \/><\/a><\/p>\n<ul class=\"wp-block-list\">\n<li style=\"list-style-type: none\">\n<ul class=\"wp-block-list\">\n<li>Une qualit\u00e9 audio pro avec un enregistrement 32 bits<\/li>\n<\/ul>\n<\/li>\n<\/ul>\n<ul class=\"wp-block-list\">\n<li style=\"list-style-type: none\">\n<ul class=\"wp-block-list\">\n<li>Autonomie, il fonctionne sans r\u00e9cepteur ni connexion<\/li>\n<\/ul>\n<\/li>\n<\/ul>\n<ul class=\"wp-block-list\">\n<li style=\"list-style-type: none\">\n<ul class=\"wp-block-list\">\n<li>La fixation magn\u00e9tique fait qu\u2019il est discret et la pose est rapide<\/li>\n<\/ul>\n<\/li>\n<\/ul>\n<p>Normalement un DJI Mic 2 co\u00fbterait 99 euros. Lou\u00e9es soient les soldes puisque vous pouvez le commander actuellement <a href=\"https:\/\/shop.frandroid.com\/7fov6cwi\" target=\"_blank\" rel=\"noreferrer noopener affiliate nofollow\" data-gtm=\"{&quot;event&quot;:&quot;afficlic&quot;,&quot;nom_marchand&quot;:&quot;amazon_fr&quot;,&quot;nom_produit&quot;:&quot;inconnu&quot;,&quot;categorie_produit&quot;:&quot;inconnu&quot;,&quot;module_produit&quot;:&quot;editolink&quot;,&quot;position_marchand&quot;:0,&quot;texte&quot;:&quot;pour-69-euros&quot;,&quot;offer_url&quot;:&quot;https:\/\/shop.frandroid.com\/7fov6cwi&quot;,&quot;zone&quot;:&quot;contenu-page&quot;}\">pour 69 euros<\/a>.<\/p>\n<p>                                            16:44<br \/>\n                                                                Xiaomi Redmi Buds 6 Active<\/p>\n<p>Avec ses Redmi Buds 6 Active, Xiaomi s\u00e9duit en proposant des \u00e9couteurs Bluetooth au look proche de celui des AirPods d\u2019Apple, l\u2019embout silicon\u00e9 en moins. On retrouve le design tige avec les commandes tactiles et un boitier de charge qui permet, en th\u00e9orie, d\u2019avoir une autonomie de 30 h au total.<\/p>\n<p><a href=\"https:\/\/images.frandroid.com\/wp-content\/uploads\/2025\/07\/redmi-buds-6-active-soldes-ete-2025.jpg\" target=\"_blank\" rel=\"noopener\" class=\"article-content__figure\"><img loading=\"lazy\" decoding=\"async\" width=\"1200\" height=\"675\" class=\"wp-image-2721915 wp-image wp-image\" src=\"https:\/\/www.europesays.com\/fr\/wp-content\/uploads\/2025\/07\/redmi-buds-6-active-soldes-ete-2025-1200x675.jpg\" alt=\"\"  \/><\/a><\/p>\n<ul class=\"wp-block-list\">\n<li style=\"list-style-type: none\">\n<ul class=\"wp-block-list\">\n<li>L\u2019autonomie de 6 h par cycle de charge, 30 h avec le boitier<\/li>\n<\/ul>\n<\/li>\n<\/ul>\n<ul class=\"wp-block-list\">\n<li style=\"list-style-type: none\">\n<ul class=\"wp-block-list\">\n<li>La r\u00e9duction de bruit pour les conversations<\/li>\n<\/ul>\n<\/li>\n<\/ul>\n<ul class=\"wp-block-list\">\n<li style=\"list-style-type: none\">\n<ul class=\"wp-block-list\">\n<li>La certification IPX4 pour r\u00e9sister aux \u00e9claboussures et \u00e0 la transpiration<\/li>\n<\/ul>\n<\/li>\n<\/ul>\n<p>Les Redmi Airbuds 6 Active de Xiaomi ne sont pas \u00e0 39,99 euros sur Amazon, comme \u00e0 leur lancement, <a href=\"https:\/\/shop.frandroid.com\/7izsfmnj\" target=\"_blank\" rel=\"noreferrer noopener affiliate nofollow\" data-gtm=\"{&quot;event&quot;:&quot;afficlic&quot;,&quot;nom_marchand&quot;:&quot;amazon_fr&quot;,&quot;nom_produit&quot;:&quot;inconnu&quot;,&quot;categorie_produit&quot;:&quot;inconnu&quot;,&quot;module_produit&quot;:&quot;editolink&quot;,&quot;position_marchand&quot;:0,&quot;texte&quot;:&quot;mais-bien-a-16-39-euros&quot;,&quot;offer_url&quot;:&quot;https:\/\/shop.frandroid.com\/7izsfmnj&quot;,&quot;zone&quot;:&quot;contenu-page&quot;}\">mais bien \u00e0 16,39 euros<\/a>. Pour le plaisir, vous avez le choix entre la version bleue avec boitier transparent, ou la version blanche et son boitier opaque.<\/p>\n<p>                16:22<\/p>\n<p>                    Bo\u00eete Sosh avec Livebox S<\/p>\n<p>Nouvelle box avec une connexion bien stable, fibre tr\u00e8s haut d\u00e9bit, appels illimit\u00e9s vers les fixes de plus de 100 destinations\u2026 Sosh ne fait pas les choses \u00e0 moiti\u00e9 avec sa Bo\u00eete Sosh Fibre et sa Livebox S.<\/p>\n<p><a href=\"https:\/\/images.frandroid.com\/wp-content\/uploads\/2025\/07\/offre-fibre-sosh-soldes-ete-2025.jpg\" target=\"_blank\" rel=\"noopener\" class=\"article-content__figure\"><img loading=\"lazy\" decoding=\"async\" width=\"1200\" height=\"675\" class=\"wp-image-2717689 wp-image wp-image\" src=\"https:\/\/www.europesays.com\/fr\/wp-content\/uploads\/2025\/07\/offre-fibre-sosh-soldes-ete-2025-1200x675.jpg\" alt=\"\"  \/><\/a><\/p>\n<ul class=\"wp-block-list\">\n<li style=\"list-style-type: none\">\n<ul class=\"wp-block-list\">\n<li>La Livebox S avec le Wi-Fi 7<\/li>\n<\/ul>\n<\/li>\n<\/ul>\n<ul class=\"wp-block-list\">\n<li style=\"list-style-type: none\">\n<ul class=\"wp-block-list\">\n<li>Jusqu\u2019\u00e0 2 Gbits\/s en t\u00e9l\u00e9chargement<\/li>\n<\/ul>\n<\/li>\n<\/ul>\n<ul class=\"wp-block-list\">\n<li style=\"list-style-type: none\">\n<ul class=\"wp-block-list\">\n<li>Les appels illimit\u00e9s vers les fixes<\/li>\n<\/ul>\n<\/li>\n<\/ul>\n<p>Actuellement, l\u2019abonnement Bo\u00eete Sosh Fibre avec la r\u00e9cente Livebox S est <a href=\"https:\/\/shop.frandroid.com\/jg6nyxom\" target=\"_blank\" rel=\"noreferrer noopener affiliate nofollow\" data-gtm=\"{&quot;event&quot;:&quot;afficlic&quot;,&quot;nom_marchand&quot;:&quot;sosh&quot;,&quot;nom_produit&quot;:&quot;inconnu&quot;,&quot;categorie_produit&quot;:&quot;inconnu&quot;,&quot;module_produit&quot;:&quot;editolink&quot;,&quot;position_marchand&quot;:0,&quot;texte&quot;:&quot;disponible-a-19-99-euros-par-mois-pendant-un-an&quot;,&quot;offer_url&quot;:&quot;https:\/\/shop.frandroid.com\/jg6nyxom&quot;,&quot;zone&quot;:&quot;contenu-page&quot;}\">disponible \u00e0 19,99 euros par mois pendant un an<\/a>, avant de repasser \u00e0 24,99 euros. Et c\u2019est sans engagement.<\/p>\n<p>                                            14:37<br \/>\n                                                                Samsung Galaxy A56<\/p>\n<p>Le Samsung Galaxy A56 est le fer de lance de la derni\u00e8re s\u00e9rie A de la marque cor\u00e9enne. Un smartphone qui ne se veut pas forc\u00e9ment innovant mais qui s\u2019am\u00e9liore sur tous les aspects.<\/p>\n<p><a href=\"https:\/\/images.frandroid.com\/wp-content\/uploads\/2025\/07\/samsung-galaxy-a56-5g-galaxy-fit-3-soldes-ete-2025.jpg\" target=\"_blank\" rel=\"noopener\" class=\"article-content__figure\"><img loading=\"lazy\" decoding=\"async\" width=\"1200\" height=\"675\" class=\"wp-image-2721137 wp-image wp-image\" src=\"https:\/\/www.europesays.com\/fr\/wp-content\/uploads\/2025\/07\/samsung-galaxy-a56-5g-galaxy-fit-3-soldes-ete-2025-1200x675.jpg\" alt=\"\"  \/><\/a><\/p>\n<ul class=\"wp-block-list\">\n<li style=\"list-style-type: none\">\n<ul class=\"wp-block-list\">\n<li>Une bonne int\u00e9gration de One UI 7 et 6 ans de MAJ<\/li>\n<\/ul>\n<\/li>\n<\/ul>\n<ul class=\"wp-block-list\">\n<li style=\"list-style-type: none\">\n<ul class=\"wp-block-list\">\n<li>Un processeur solide avec un NPU puissant<\/li>\n<\/ul>\n<\/li>\n<\/ul>\n<ul class=\"wp-block-list\">\n<li style=\"list-style-type: none\">\n<ul class=\"wp-block-list\">\n<li>Une autonomie qui d\u00e9passe la journ\u00e9e sans chargeur<\/li>\n<\/ul>\n<\/li>\n<\/ul>\n<p>Le Samsung Galaxy A56 a \u00e9t\u00e9 lanc\u00e9 en mars 2025 pour 499 euros. En ce moment, <a href=\"https:\/\/shop.frandroid.com\/rk61iq96\" target=\"_blank\" rel=\"noreferrer noopener affiliate nofollow\" data-gtm=\"{&quot;event&quot;:&quot;afficlic&quot;,&quot;nom_marchand&quot;:&quot;red_sfr&quot;,&quot;nom_produit&quot;:&quot;inconnu&quot;,&quot;categorie_produit&quot;:&quot;inconnu&quot;,&quot;module_produit&quot;:&quot;editolink&quot;,&quot;position_marchand&quot;:0,&quot;texte&quot;:&quot;red-by-sfr-le-propose-a-379-euros&quot;,&quot;offer_url&quot;:&quot;https:\/\/shop.frandroid.com\/rk61iq96&quot;,&quot;zone&quot;:&quot;contenu-page&quot;}\">RED by SFR le propose \u00e0 379 euros<\/a> sans forfait, 339 euros <a href=\"https:\/\/www.frandroid.com\/comparateur-forfaits\" target=\"_blank\" rel=\"noreferrer noopener\">avec le forfait<\/a> 5G 200 Go \u00e0 7,99 euros\/mois. Dans les deux cas, apr\u00e8s l\u2019achat, vous pouvez <a href=\"https:\/\/static.s-sfr.fr\/media\/RED\/ODR\/Serie_A_Fit3\/A_Series_Fit3_2506_au_22072025.pdf\" target=\"_blank\" rel=\"noreferrer noopener nofollow\">remplir ce formulaire<\/a> pour recevoir gratuitement un bracelet connect\u00e9 Samsung Galaxy Fit 3.<\/p>\n<p>                14:20<\/p>\n<p>                    Nintendo Switch 2 Pro Controller<\/p>\n<p>Plus performante que la premi\u00e8re version, la Nintendo Switch 2 Pro Controller est un accessoire id\u00e9al qui permet d\u2019exploiter tout le potentiel de la r\u00e9cente console de la marque.<\/p>\n<p><img class=\"wp-image wp-image\" decoding=\"async\" src=\"https:\/\/www.europesays.com\/fr\/wp-content\/uploads\/2025\/07\/1751885071_337_manette-nintendo-switch-2-pro-soldes-dete-2025.jpg\"\/><\/p>\n<p>Habituellement vendue \u00e0 89,99 euros, la manette Nintendo Switch 2 Pro Controller est aujourd\u2019hui\u00a0<a href=\"https:\/\/shop.frandroid.com\/r0xapfx7\" target=\"_blank\" rel=\"noreferrer noopener affiliate nofollow\" data-type=\"link\" data-id=\"https:\/\/www.amazon.fr\/dp\/B0F3JR79YY?smid=A1X6FK5RDHNB96&amp;tag=egcdealabs2-21&amp;ascsubtag=ppr-fr-1760799832\" data-gtm=\"{&quot;event&quot;:&quot;afficlic&quot;,&quot;nom_marchand&quot;:&quot;amazon_fr&quot;,&quot;nom_produit&quot;:&quot;inconnu&quot;,&quot;categorie_produit&quot;:&quot;inconnu&quot;,&quot;module_produit&quot;:&quot;editolink&quot;,&quot;position_marchand&quot;:0,&quot;texte&quot;:&quot;affichee-a-79-90-euros-sur-amazon&quot;,&quot;offer_url&quot;:&quot;https:\/\/shop.frandroid.com\/r0xapfx7&quot;,&quot;zone&quot;:&quot;contenu-page&quot;}\">affich\u00e9e \u00e0 79,90 euros sur Amazon<\/a>. On la trouve aussi au m\u00eame prix\u00a0<a href=\"https:\/\/shop.frandroid.com\/8kn2gxj2\" target=\"_blank\" rel=\"noreferrer noopener affiliate nofollow\">chez E.Leclerc<\/a>.<\/p>\n<p>                                            14:08<br \/>\n                                                                Samsung ViewFinity S5<\/p>\n<p>Avec sa gamme ViewFinity, Samsung r\u00e9pond aux besoins des professionnels et des cr\u00e9atifs. La marque propose des \u00e9crans haute d\u00e9finition polyvalents avec un bon rapport qualit\u00e9\/prix.<\/p>\n<p><a href=\"https:\/\/images.frandroid.com\/wp-content\/uploads\/2025\/07\/samsung-viewfinity-s5-soldes-ete-2025.jpg\" target=\"_blank\" rel=\"noopener\" class=\"article-content__figure\"><img loading=\"lazy\" decoding=\"async\" width=\"1200\" height=\"675\" class=\"wp-image-2721379 wp-image wp-image\" src=\"https:\/\/www.europesays.com\/fr\/wp-content\/uploads\/2025\/07\/samsung-viewfinity-s5-soldes-ete-2025-1200x675.jpg\" alt=\"\"  \/><\/a><\/p>\n<ul class=\"wp-block-list\">\n<li style=\"list-style-type: none\">\n<ul class=\"wp-block-list\">\n<li>La compatibilit\u00e9 HDR10 offre des couleurs riches avec un contraste \u00e9lev\u00e9<\/li>\n<\/ul>\n<\/li>\n<\/ul>\n<ul class=\"wp-block-list\">\n<li style=\"list-style-type: none\">\n<ul class=\"wp-block-list\">\n<li>Le format 21:9 UWQHD pour profiter du multit\u00e2che<\/li>\n<\/ul>\n<\/li>\n<\/ul>\n<ul class=\"wp-block-list\">\n<li style=\"list-style-type: none\">\n<ul class=\"wp-block-list\">\n<li>Une fluidit\u00e9 \u00e0 100 Hz tout de m\u00eame, ce n\u2019est pas rien<\/li>\n<\/ul>\n<\/li>\n<\/ul>\n<p>Lanc\u00e9 en 2023 pour 299,99 euros, le Samsung ViewFinity S5 de 34 pouces est actuellement affich\u00e9 \u00e0 214,99 euros sur Cdiscount. En ajoutant <strong>le code promo 15DES129<\/strong> dans le panier, <a href=\"https:\/\/shop.frandroid.com\/wjujvg2w\" target=\"_blank\" rel=\"noreferrer noopener affiliate nofollow\" data-gtm=\"{&quot;event&quot;:&quot;afficlic&quot;,&quot;nom_marchand&quot;:&quot;cdiscount&quot;,&quot;nom_produit&quot;:&quot;inconnu&quot;,&quot;categorie_produit&quot;:&quot;inconnu&quot;,&quot;module_produit&quot;:&quot;editolink&quot;,&quot;position_marchand&quot;:0,&quot;texte&quot;:&quot;il-passe-a-199-99-euros&quot;,&quot;offer_url&quot;:&quot;https:\/\/shop.frandroid.com\/wjujvg2w&quot;,&quot;zone&quot;:&quot;contenu-page&quot;}\">il passe \u00e0 199,99 euros<\/a>.<\/p>\n<p>                                            12:28<br \/>\n                                                                DJI Mini 3<\/p>\n<p>Plus l\u00e9ger et compact que les autres drones du catalogue de DJI, le DJI Mini 3 est un mod\u00e8le id\u00e9al pour celles et ceux qui souhaitent s\u2019essayer \u00e0 la vid\u00e9o a\u00e9rienne. Ce drone grand public est surtout plus facile \u00e0 prendre en main que les r\u00e9f\u00e9rences taill\u00e9es pour les professionnels.<\/p>\n<p><a href=\"https:\/\/images.frandroid.com\/wp-content\/uploads\/2025\/01\/dji-mini-3-soldes-dete-2025.jpg\" target=\"_blank\" rel=\"noopener\" class=\"article-content__figure\"><img loading=\"lazy\" decoding=\"async\" width=\"1200\" height=\"799\" class=\"wp-image-2721429 wp-image wp-image\" src=\"https:\/\/www.europesays.com\/fr\/wp-content\/uploads\/2025\/07\/dji-mini-3-soldes-dete-2025-1200x799.jpg\" alt=\"\"  \/><\/a><\/p>\n<p>Initialement propos\u00e9 \u00e0 818 euros, le DJI Mini 3 et son bundle Fly More est actuellement <a href=\"https:\/\/shop.frandroid.com\/5ng1lnaz\" target=\"_blank\" rel=\"sponsored nofollow noopener\">affich\u00e9 \u00e0 564 euros sur Amazon<\/a>.<\/p>\n<p>                                            11:06<br \/>\n                                                                pack TP-Link<\/p>\n<p>Pouvoir surveiller son domicile et \u00eatre alert\u00e9 instantan\u00e9ment en cas de mouvement suspect autour ou, pire, d\u2019intrusion est toujours plus rassurant au quotidien. Si vous n\u2019\u00eates pas encore \u00e9quip\u00e9, vous pourriez par exemple miser sur le pack TP-Link comprenant une cam\u00e9ra de surveillance 2K panoramique, des d\u00e9tecteurs de mouvements et d\u2019ouverture de portes ainsi qu\u2019un hub qui synchronise tout.<\/p>\n<p><a href=\"https:\/\/images.frandroid.com\/wp-content\/uploads\/2025\/07\/kit-tapo-soldes-ete-2025.jpg\" target=\"_blank\" rel=\"noopener\" class=\"article-content__figure\"><img loading=\"lazy\" decoding=\"async\" width=\"1200\" height=\"675\" class=\"wp-image-2721005 wp-image wp-image\" src=\"https:\/\/www.europesays.com\/fr\/wp-content\/uploads\/2025\/07\/kit-tapo-soldes-ete-2025-1200x675.jpg\" alt=\"\"  \/><\/a><\/p>\n<ul class=\"wp-block-list\">\n<li style=\"list-style-type: none\">\n<ul class=\"wp-block-list\">\n<li>Une cam\u00e9ra qui filme en 2K QHD avec un champ de vision \u00e0 360\u00b0<\/li>\n<\/ul>\n<\/li>\n<\/ul>\n<ul class=\"wp-block-list\">\n<li style=\"list-style-type: none\">\n<ul class=\"wp-block-list\">\n<li>Un d\u00e9tecteur de mouvements et un d\u00e9tecteur d\u2019ouverture\/de fermeture de portes et fen\u00eatres<\/li>\n<\/ul>\n<\/li>\n<\/ul>\n<ul class=\"wp-block-list\">\n<li style=\"list-style-type: none\">\n<ul class=\"wp-block-list\">\n<li>Un hub de connexion pour profiter d\u2019une longue port\u00e9e<\/li>\n<\/ul>\n<\/li>\n<\/ul>\n<p>Auparavant affich\u00e9 \u00e0 149,90 euros, le pack TP-Link avec une cam\u00e9ra de surveillance connect\u00e9e Tapo C225, un capteur de mouvement, un d\u00e9tecteur d\u2019ouverture\/fermeture et un hub de connexion est <a href=\"https:\/\/shop.frandroid.com\/1acxg6a7\" target=\"_blank\" rel=\"noreferrer noopener affiliate nofollow\" data-gtm=\"{&quot;event&quot;:&quot;afficlic&quot;,&quot;nom_marchand&quot;:&quot;darty&quot;,&quot;nom_produit&quot;:&quot;inconnu&quot;,&quot;categorie_produit&quot;:&quot;inconnu&quot;,&quot;module_produit&quot;:&quot;editolink&quot;,&quot;position_marchand&quot;:0,&quot;texte&quot;:&quot;aujourd-hui-disponible-a-59-90-euros-chez-darty&quot;,&quot;offer_url&quot;:&quot;https:\/\/shop.frandroid.com\/1acxg6a7&quot;,&quot;zone&quot;:&quot;contenu-page&quot;}\">aujourd\u2019hui disponible \u00e0 59,90 euros chez Darty<\/a>.<\/p>\n<p>                                            10:47<br \/>\n                                                                TCL 65C89B<\/p>\n<p>Avec le mod\u00e8le C89B pr\u00e9sent\u00e9 ici, TCL fait de beaux progr\u00e8s par rapport \u00e0 la g\u00e9n\u00e9ration pr\u00e9c\u00e9dente, la <a href=\"https:\/\/www.frandroid.com\/marques\/tcl\/1731387_test-tcl-65c845-tv-mini-led-gaming-55c845-75c845-85c845\" target=\"_blank\" rel=\"noreferrer noopener\">C845<\/a>. Avec cette nouvelle version, vous avez une dalle Quantum Dots avec mini-LED qui multiplie les zones de r\u00e9tro\u00e9clairages pour am\u00e9liorer la luminosit\u00e9. D\u2019ailleurs TCL ne s\u2019en cache pas, c\u2019est un t\u00e9l\u00e9viseur taill\u00e9 pour le divertissement multim\u00e9dia, que ce soit le gaming ou le cin\u00e9ma.<\/p>\n<p><a href=\"https:\/\/images.frandroid.com\/wp-content\/uploads\/2025\/07\/tcl-65c89b-soldes-ete-2025.jpg\" target=\"_blank\" rel=\"noopener\" class=\"article-content__figure\"><img loading=\"lazy\" decoding=\"async\" width=\"1200\" height=\"675\" class=\"wp-image-2720901 wp-image wp-image\" src=\"https:\/\/www.europesays.com\/fr\/wp-content\/uploads\/2025\/07\/tcl-65c89b-soldes-ete-2025-1200x675.jpg\" alt=\"\"  \/><\/a><\/p>\n<ul class=\"wp-block-list\">\n<li style=\"list-style-type: none\">\n<ul class=\"wp-block-list\">\n<li>Une luminosit\u00e9 puissante m\u00eame en plein jour<\/li>\n<\/ul>\n<\/li>\n<\/ul>\n<ul class=\"wp-block-list\">\n<li style=\"list-style-type: none\">\n<ul class=\"wp-block-list\">\n<li>L\u2019interface Google TV est fluide et riche en applications<\/li>\n<\/ul>\n<\/li>\n<\/ul>\n<p>Lanc\u00e9 en avril 2024 pour 1390 euros, le TCL 65C89B connait une belle chute de prix \u00e0 l\u2019occasion de ces soldes d\u2019\u00e9t\u00e9 2025 puisqu\u2019il est disponible en livraison gratuite <a href=\"https:\/\/shop.frandroid.com\/olty8auu\" target=\"_blank\" rel=\"noreferrer noopener affiliate nofollow\" data-gtm=\"{&quot;event&quot;:&quot;afficlic&quot;,&quot;nom_marchand&quot;:&quot;darty&quot;,&quot;nom_produit&quot;:&quot;inconnu&quot;,&quot;categorie_produit&quot;:&quot;inconnu&quot;,&quot;module_produit&quot;:&quot;editolink&quot;,&quot;position_marchand&quot;:0,&quot;texte&quot;:&quot;chez-darty-pour-720-62-euros&quot;,&quot;offer_url&quot;:&quot;https:\/\/shop.frandroid.com\/olty8auu&quot;,&quot;zone&quot;:&quot;contenu-page&quot;}\">chez Darty pour 720,62 euros<\/a> gr\u00e2ce \u00e0 une remise panier de 10 %.<\/p>\n<p>                                            10:26<br \/>\n                                                                Philips 65MLED910 2025<\/p>\n<p>Dalle QLED Mini LED, Ambilight, ports HDMI 2.1\u2026 Les points forts du t\u00e9l\u00e9viseur\u00a0Philips 65MLED910 de 2025 sont nombreux. En voici encore un : son prix, qui baisse de 500 euros pendant les soldes.<\/p>\n<p><img class=\"wp-image wp-image\" decoding=\"async\" src=\"https:\/\/www.europesays.com\/fr\/wp-content\/uploads\/2025\/07\/philips-65mled910-2025-soldes-dete-2025-1200x675.jpg\"\/><\/p>\n<ul class=\"wp-block-list\">\n<li>Une dalle QLED Mini LED de 65 pouces + Ambilight<\/li>\n<li>La 4K, HLG, le HDR10+ ou encore le Dolby Vision et Atmos<\/li>\n<li>HDMI 2.1, ALLM, VRR et 144 Hz<\/li>\n<\/ul>\n<p>De base \u00e0 1 599 euros, le t\u00e9l\u00e9viseur Philips 65MLED910 2025 se n\u00e9gocie \u00e0 1 199 euros chez Boulanger, mais gr\u00e2ce \u00e0 100 euros de remise dans le panier,\u00a0<a href=\"https:\/\/shop.frandroid.com\/l2ciu62l\" target=\"_blank\" rel=\"noreferrer noopener affiliate nofollow\" data-gtm=\"{&quot;event&quot;:&quot;afficlic&quot;,&quot;nom_marchand&quot;:&quot;boulanger&quot;,&quot;nom_produit&quot;:&quot;inconnu&quot;,&quot;categorie_produit&quot;:&quot;inconnu&quot;,&quot;module_produit&quot;:&quot;editolink&quot;,&quot;position_marchand&quot;:0,&quot;texte&quot;:&quot;il-passe-a-1-099-euros&quot;,&quot;offer_url&quot;:&quot;https:\/\/shop.frandroid.com\/l2ciu62l&quot;,&quot;zone&quot;:&quot;contenu-page&quot;}\">il passe \u00e0 1 099 euros<\/a>.<\/p>\n<p>                                            10:05<br \/>\n                                                                Thomson Streaming Box Plus 270<\/p>\n<p>D\u00e9voil\u00e9e en 2025, la Thomson Streaming Box Plus 270 est une box avec Google TV qui se d\u00e9marque de bien des concurrents gr\u00e2ce \u00e0 ses microphones int\u00e9gr\u00e9s lui permettant de recevoir des requ\u00eates vocales. Pratique pour ne plus avoir \u00e0 chercher pendant des heures sa t\u00e9l\u00e9commande pour changer de cha\u00eene.<\/p>\n<p><a href=\"https:\/\/images.frandroid.com\/wp-content\/uploads\/2025\/06\/thomson-box-270-soldes-dete-2025.jpg\" target=\"_blank\" rel=\"noopener\" class=\"article-content__figure\"><img loading=\"lazy\" decoding=\"async\" width=\"1200\" height=\"799\" class=\"wp-image-2720947 wp-image wp-image\" src=\"https:\/\/www.europesays.com\/fr\/wp-content\/uploads\/2025\/07\/thomson-box-270-soldes-dete-2025-1200x799.jpg\" alt=\"\"  \/><\/a><\/p>\n<ul class=\"wp-block-list\">\n<li style=\"list-style-type: none\">\n<ul class=\"wp-block-list\">\n<li>Des micros certifi\u00e9s par Google<\/li>\n<\/ul>\n<\/li>\n<\/ul>\n<ul class=\"wp-block-list\">\n<li style=\"list-style-type: none\">\n<ul class=\"wp-block-list\">\n<li>La compatibilit\u00e9 avec les formats Dolby Vision et Dolby Atmos<\/li>\n<\/ul>\n<\/li>\n<\/ul>\n<p>Habituellement affich\u00e9e \u00e0 129 euros, la Thomson Streaming Box Plus 270 est aujourd\u2019hui <a href=\"https:\/\/shop.frandroid.com\/a861ced6\" target=\"_blank\" rel=\"noreferrer noopener affiliate nofollow\" data-gtm=\"{&quot;event&quot;:&quot;afficlic&quot;,&quot;nom_marchand&quot;:&quot;amazon_fr&quot;,&quot;nom_produit&quot;:&quot;inconnu&quot;,&quot;categorie_produit&quot;:&quot;inconnu&quot;,&quot;module_produit&quot;:&quot;editolink&quot;,&quot;position_marchand&quot;:0,&quot;texte&quot;:&quot;disponible-en-promotion-a-79-euros-sur-amazon&quot;,&quot;offer_url&quot;:&quot;https:\/\/shop.frandroid.com\/a861ced6&quot;,&quot;zone&quot;:&quot;contenu-page&quot;}\">disponible en promotion \u00e0 69 euros sur Amazon<\/a>.<\/p>\n<p>                                            17:58<br \/>\n                                                                Crucial P310<\/p>\n<p>Le stockage de votre PS5 arrive \u00e0 saturation ? \u00c7a tombe bien, pendant les soldes, le SSD M.2 Crucial P310 avec 2 To de stockage et un dissipateur thermique int\u00e9gr\u00e9 tombe \u00e0 un super prix.<\/p>\n<p><a href=\"https:\/\/images.frandroid.com\/wp-content\/uploads\/2025\/07\/crucial-p310-soldes-dete-2025.jpg\" target=\"_blank\" rel=\"noopener\" class=\"article-content__figure\"><img loading=\"lazy\" decoding=\"async\" width=\"1200\" height=\"675\" class=\"wp-image-2720325 wp-image wp-image\" src=\"https:\/\/www.europesays.com\/fr\/wp-content\/uploads\/2025\/07\/crucial-p310-soldes-dete-2025-1200x675.jpg\" alt=\"\"  \/><\/a><\/p>\n<ul class=\"wp-block-list\">\n<li style=\"list-style-type: none\">\n<ul class=\"wp-block-list\">\n<li>Une vitesse de lecture allant jusqu\u2019\u00e0 7 100 Mo\/s<\/li>\n<\/ul>\n<\/li>\n<\/ul>\n<ul class=\"wp-block-list\">\n<li style=\"list-style-type: none\">\n<ul class=\"wp-block-list\">\n<li>Un dissipateur thermique thermique<\/li>\n<\/ul>\n<\/li>\n<\/ul>\n<ul class=\"wp-block-list\">\n<li style=\"list-style-type: none\">\n<ul class=\"wp-block-list\">\n<li>Un stockage cons\u00e9quent : 2 To<\/li>\n<\/ul>\n<\/li>\n<\/ul>\n<p>Habituellement propos\u00e9 aux alentours de 160 euros, le SSD M.2 Crucial P310 avec 2 To de stockage et un dissipateur thermique se vend <a href=\"https:\/\/shop.frandroid.com\/rvshms46\" target=\"_blank\" rel=\"noreferrer noopener affiliate nofollow\" data-gtm=\"{&quot;event&quot;:&quot;afficlic&quot;,&quot;nom_marchand&quot;:&quot;amazon_fr&quot;,&quot;nom_produit&quot;:&quot;inconnu&quot;,&quot;categorie_produit&quot;:&quot;inconnu&quot;,&quot;module_produit&quot;:&quot;editolink&quot;,&quot;position_marchand&quot;:0,&quot;texte&quot;:&quot;en-ce-moment-a-131-99-euros-sur-amazon&quot;,&quot;offer_url&quot;:&quot;https:\/\/shop.frandroid.com\/rvshms46&quot;,&quot;zone&quot;:&quot;contenu-page&quot;}\">en ce moment \u00e0 131,99 euros sur Amazon.<\/a><\/p>\n<p>                                            17:36<br \/>\n                                                                Xiaomi Smart Band 10<\/p>\n<p>Avec le Xiaomi Smart Band 10, la marque chinoise d\u00e9veloppe sa gamme d\u2019entr\u00e9e de gamme en proposant quelques nouveaut\u00e9s marquantes. Pour son lancement durant les soldes, il perd 10 % de son prix.<\/p>\n<p><a href=\"https:\/\/images.frandroid.com\/wp-content\/uploads\/2025\/06\/xiaomi-smart-band-10-soldes-ete-2025.jpg\" target=\"_blank\" rel=\"noopener\" class=\"article-content__figure\"><img loading=\"lazy\" decoding=\"async\" width=\"1200\" height=\"675\" class=\"wp-image-2714619 wp-image wp-image\" src=\"https:\/\/www.europesays.com\/fr\/wp-content\/uploads\/2025\/07\/xiaomi-smart-band-10-soldes-ete-2025-1200x675.jpg\" alt=\"\"  \/><\/a><\/p>\n<ul class=\"wp-block-list\">\n<li style=\"list-style-type: none\">\n<ul class=\"wp-block-list\">\n<li>Il ne fait que 27 g avec le bracelet<\/li>\n<\/ul>\n<\/li>\n<\/ul>\n<ul class=\"wp-block-list\">\n<li style=\"list-style-type: none\">\n<ul class=\"wp-block-list\">\n<li>Son capteur cardiaque est hyper pr\u00e9cis<\/li>\n<\/ul>\n<\/li>\n<\/ul>\n<ul class=\"wp-block-list\">\n<li style=\"list-style-type: none\">\n<ul class=\"wp-block-list\">\n<li>Une autonomie qui atteint la semaine en utilisation intensive<\/li>\n<\/ul>\n<\/li>\n<\/ul>\n<p>Le Xiaomi Smart Band 10 est arriv\u00e9 sur le march\u00e9 pour 49,99 euros. Avec le coupon \u00e0 activer sur la page du produit ou en utilisant le code promo <strong>AIOT<\/strong> dans le panier, il perd 10 %, soit 5 euros, donc <a href=\"https:\/\/www.mi.com\/fr\/product\/xiaomi-smart-band-10\/buy?gid=4223710198\" target=\"_blank\" rel=\"noreferrer noopener affiliate nofollow\">il passe \u00e0 44,99 euros<\/a>.<\/p>\n<p>                                            16:40<br \/>\n                                                                iPhone 16 Pro<\/p>\n<p>Avec sa puce plus puissante, son \u00e9cran l\u00e9g\u00e8rement agrandi et son exp\u00e9rience iOS toujours aussi premium, l\u2019iPhone 16 Pro marque clairement des points. De plus, pendant les soldes, il est en promotion.<\/p>\n<p><a href=\"https:\/\/images.frandroid.com\/wp-content\/uploads\/2025\/07\/iphone-16-pro-soldes-dete-2025.jpg\" target=\"_blank\" rel=\"noopener\" class=\"article-content__figure\"><img loading=\"lazy\" decoding=\"async\" width=\"1200\" height=\"675\" class=\"wp-image-2718167 wp-image wp-image\" src=\"https:\/\/www.europesays.com\/fr\/wp-content\/uploads\/2025\/07\/iphone-16-pro-soldes-dete-2025-1200x675.jpg\" alt=\"\"  \/><\/a><\/p>\n<ul class=\"wp-block-list\">\n<li style=\"list-style-type: none\">\n<ul class=\"wp-block-list\">\n<li>Une belle dalle OLED de 6,3 pouces<\/li>\n<\/ul>\n<\/li>\n<\/ul>\n<ul class=\"wp-block-list\">\n<li style=\"list-style-type: none\">\n<ul class=\"wp-block-list\">\n<li>Des performances exceptionnelles avec la puce A18 Pro<\/li>\n<\/ul>\n<\/li>\n<\/ul>\n<ul class=\"wp-block-list\">\n<li style=\"list-style-type: none\">\n<ul class=\"wp-block-list\">\n<li>La personnalisation pouss\u00e9e offerte par iOS 18 (et Apple Intelligence arrive bient\u00f4t !)<\/li>\n<\/ul>\n<\/li>\n<\/ul>\n<p>Lanc\u00e9 \u00e0 1 229 euros, l\u2019iPhone 16 Pro (128 Go) est aujourd\u2019hui <a href=\"https:\/\/shop.frandroid.com\/ajkvbq1s\" target=\"_blank\" rel=\"noreferrer noopener affiliate nofollow\" data-type=\"link\" data-id=\"https:\/\/shop.frandroid.com\/ajkvbq1s\" data-gtm=\"{&quot;event&quot;:&quot;afficlic&quot;,&quot;nom_marchand&quot;:&quot;ubaldi&quot;,&quot;nom_produit&quot;:&quot;inconnu&quot;,&quot;categorie_produit&quot;:&quot;inconnu&quot;,&quot;module_produit&quot;:&quot;editolink&quot;,&quot;position_marchand&quot;:0,&quot;texte&quot;:&quot;affiche-a-1-075-euros-sur-amazon&quot;}\">affich\u00e9 \u00e0 1 087 euros sur Amazon<\/a>.<\/p>\n<p>                                            15:56<br \/>\n                                                                HP Omen Tempest 32<\/p>\n<p>Le HP Omen Transcend 32 propose toutes les fonctions utiles aux gamers avec une dalle QD-OLED de 31,5 pouces, 240 Hz au compteur et un temps de r\u00e9ponse de 0,03 ms pour une fluidit\u00e9 chirurgicale.<\/p>\n<p><a href=\"https:\/\/images.frandroid.com\/wp-content\/uploads\/2025\/07\/omen-transcend-soldes-ete-2025-frandroid.jpg\" target=\"_blank\" rel=\"noopener\" class=\"article-content__figure\"><img loading=\"lazy\" decoding=\"async\" width=\"1200\" height=\"799\" class=\"wp-image-2719667 wp-image wp-image\" src=\"https:\/\/www.europesays.com\/fr\/wp-content\/uploads\/2025\/07\/omen-transcend-soldes-ete-2025-frandroid-1200x799.jpg\" alt=\"\"  \/><\/a><\/p>\n<ul class=\"wp-block-list\">\n<li style=\"list-style-type: none\">\n<ul class=\"wp-block-list\">\n<li>Une dalle QD-OLED UHD de 31,5 pouces avec 240 Hz<\/li>\n<\/ul>\n<\/li>\n<\/ul>\n<ul class=\"wp-block-list\">\n<li style=\"list-style-type: none\">\n<ul class=\"wp-block-list\">\n<li>Compatibilit\u00e9 G-SYNC et FreeSync Premium Pro<\/li>\n<\/ul>\n<\/li>\n<\/ul>\n<ul class=\"wp-block-list\">\n<li style=\"list-style-type: none\">\n<ul class=\"wp-block-list\">\n<li>R\u00e9glages complets, pivot, hauteur, KVM et plus encore<\/li>\n<\/ul>\n<\/li>\n<\/ul>\n<p>Au lieu de 1 399 euros, le HP Omen Tempest 32 est <a href=\"https:\/\/shop.frandroid.com\/xqaw7hvi\" target=\"_blank\" rel=\"noreferrer noopener affiliate nofollow\" data-type=\"link\" data-id=\"https:\/\/www.hp.com\/be-fr\/shop\/products\/monitors\/-cran-gamer-oled-uhd-240-hz-31-5-pouces-omen-transcend-omen-transcend-32-9r181aa-uug\" data-gtm=\"{&quot;event&quot;:&quot;afficlic&quot;,&quot;nom_marchand&quot;:&quot;hp&quot;,&quot;nom_produit&quot;:&quot;inconnu&quot;,&quot;categorie_produit&quot;:&quot;inconnu&quot;,&quot;module_produit&quot;:&quot;editolink&quot;,&quot;position_marchand&quot;:0,&quot;texte&quot;:&quot;aujourd-hui-disponible-en-promotion-a-799-euros-sur-le-site-de-hp&quot;,&quot;offer_url&quot;:&quot;https:\/\/shop.frandroid.com\/xqaw7hvi&quot;,&quot;zone&quot;:&quot;contenu-page&quot;}\">aujourd\u2019hui disponible en promotion \u00e0 799 euros sur le site de HP<\/a>.<\/p>\n<p>                                            14:14<br \/>\n                                                                HORI Split Pad Pro<\/p>\n<p>Cette manette un peu sp\u00e9ciale, sous licence Nintendo, s\u2019adresse uniquement \u00e0 ceux qui recherchent une alternative aux Joy-Con pour jouer en mode portable. Les Hori Split Pad Pro offrent en effet bien plus de confort, avec une forme plus ergonomique ainsi que des boutons et des joysticks plus larges. Deux g\u00e2chettes suppl\u00e9mentaires, personnalisables, sont d\u2019ailleurs pr\u00e9sentes \u00e0 l\u2019arri\u00e8re.<\/p>\n<p><a href=\"https:\/\/images.frandroid.com\/wp-content\/uploads\/2025\/07\/hori-split-pad-pro-soldes-dete-2025.jpg\" target=\"_blank\" rel=\"noopener\" class=\"article-content__figure\"><img loading=\"lazy\" decoding=\"async\" class=\"aligncenter size-large wp-image-2719637 wp-image wp-image\" src=\"https:\/\/www.europesays.com\/fr\/wp-content\/uploads\/2025\/07\/hori-split-pad-pro-soldes-dete-2025-1200x799.jpg\" alt=\"\" width=\"1200\" height=\"799\"  \/><\/a><\/p>\n<ul>\n<li class=\"is-size-6 has-text-weight-medium\">Un grand confort pour jouer en portable<\/li>\n<li class=\"is-size-6 has-text-weight-medium\">\u00a0Une alternative aux Joy-Con<\/li>\n<li class=\"is-size-6 has-text-weight-medium\">\u00a0Id\u00e9ales pour les FPS<\/li>\n<\/ul>\n<p>Au lieu de 49,99 euros habituellement, les manettes HORI Split Pad Pro sont actuellement <a href=\"https:\/\/shop.frandroid.com\/c2aae1bj\" target=\"_blank\" rel=\"sponsored nofollow noopener\" data-gtm=\"{&quot;event&quot;:&quot;afficlic&quot;,&quot;nom_marchand&quot;:&quot;Amazon&quot;,&quot;nom_produit&quot;:&quot;inconnu&quot;,&quot;categorie_produit&quot;:&quot;inconnu&quot;,&quot;module_produit&quot;:&quot;editolink&quot;,&quot;position_marchand&quot;:0,&quot;texte&quot;:&quot;en-promotion-a-seulement-34-99-euros-sur-Amazon&quot;}\">en promotion \u00e0 seulement 34,99 euros sur Amazon.<\/a><\/p>\n<p>                12:37<\/p>\n<p>                    Samsung Galaxy Tab S9<\/p>\n<p>La Samsung Galaxy Tab S9 n\u2019est pas la derni\u00e8re tablette haut de gamme du g\u00e9ant sud-cor\u00e9en, puisqu\u2019elle est sortie courant de l\u2019ann\u00e9e 2023. Depuis, il y a eu <a href=\"https:\/\/www.frandroid.com\/marques\/samsung\/2350070_les-nouvelles-tablettes-samsung-sont-la-les-galaxy-s10-ultra-et-s10-vont-vous-faire-de-loeil\" data-type=\"link\" data-id=\"https:\/\/www.frandroid.com\/marques\/samsung\/2350070_les-nouvelles-tablettes-samsung-sont-la-les-galaxy-s10-ultra-et-s10-vont-vous-faire-de-loeil\" target=\"_blank\" rel=\"noopener\">les sorties des Tab S10<\/a> l\u2019ann\u00e9e derni\u00e8re, mais si vous voulez une bonne tablette Samsung sans payer le prix fort, mieux vaut se tourner vers la g\u00e9n\u00e9ration pr\u00e9c\u00e9dente.<\/p>\n<p><a href=\"https:\/\/images.frandroid.com\/wp-content\/uploads\/2025\/07\/galaxy-tab-s9-book-cover-slim-soldes-ete-frandroid.jpg\" target=\"_blank\" rel=\"noopener\" class=\"article-content__figure\"><img loading=\"lazy\" decoding=\"async\" width=\"1200\" height=\"799\" class=\"wp-image-2719317 wp-image wp-image\" src=\"https:\/\/www.europesays.com\/fr\/wp-content\/uploads\/2025\/07\/galaxy-tab-s9-book-cover-slim-soldes-ete-frandroid-1200x799.jpg\" alt=\"\"  \/><\/a><\/p>\n<ul class=\"wp-block-list\">\n<li style=\"list-style-type: none\">\n<ul class=\"wp-block-list\">\n<li>Un \u00e9cran AMOLED 11\u2033 120 Hz<\/li>\n<\/ul>\n<\/li>\n<\/ul>\n<ul class=\"wp-block-list\">\n<li style=\"list-style-type: none\">\n<ul class=\"wp-block-list\">\n<li>Le clavier Book Cover Slim<\/li>\n<\/ul>\n<\/li>\n<\/ul>\n<ul class=\"wp-block-list\">\n<li style=\"list-style-type: none\">\n<ul class=\"wp-block-list\">\n<li>Un combo CPU Exynos 1380 et 8 Go de RAM<\/li>\n<\/ul>\n<\/li>\n<\/ul>\n<p>Au lieu de 899 euros lors de son lancement, le pack Galaxy Tab S9 et le Book Cover Slim <a href=\"https:\/\/shop.frandroid.com\/g0y3d3jt\" target=\"_blank\" rel=\"noreferrer noopener affiliate nofollow\" data-type=\"link\" data-id=\"https:\/\/fr.shopping.rakuten.com\/offer\/shop\/13480588188\/pack-tablette-tactile-samsung-galaxy-tab-s9-11-wifi-128-go-anthracite-book-cover-keyboard-slim.html?sellerLogin=DARTY\" data-gtm=\"{&quot;event&quot;:&quot;afficlic&quot;,&quot;nom_marchand&quot;:&quot;rakuten&quot;,&quot;nom_produit&quot;:&quot;inconnu&quot;,&quot;categorie_produit&quot;:&quot;inconnu&quot;,&quot;module_produit&quot;:&quot;editolink&quot;,&quot;position_marchand&quot;:0,&quot;texte&quot;:&quot;est-aujourd-hui-disponible-en-promotion-a-449-euros-sur-rakuten&quot;,&quot;offer_url&quot;:&quot;https:\/\/shop.frandroid.com\/g0y3d3jt&quot;,&quot;zone&quot;:&quot;contenu-page&quot;}\">est aujourd\u2019hui disponible en promotion \u00e0 499 euros sur Rakuten<\/a>.<\/p>\n<p>                                            12:03<br \/>\n                                                                Motorola Moto g13<\/p>\n<p>Ce pack Motorola sold\u00e9 \u00e0 79 euros comportant un\u00a0<a href=\"https:\/\/www.frandroid.com\/produits\/smartphones\/motorola\/1595815-motorola-moto-g13\" target=\"_blank\" rel=\"noopener\">Moto g13<\/a>\u00a0et des \u00e9couteurs sans fil Motorola Buds 120 est id\u00e9al pour celles et ceux qui ont un budget restreint, mais qui souhaitent tout de m\u00eame acqu\u00e9rir un smartphone suffisamment efficace et des true wireless endurants.<\/p>\n<p><img class=\"wp-image wp-image\" decoding=\"async\" src=\"https:\/\/www.europesays.com\/fr\/wp-content\/uploads\/2025\/07\/pack-motorola-g13-soldes-dete-2025-1200x675.jpg\"\/><\/p>\n<ul class=\"wp-block-list\">\n<li>Un smartphone avec un \u00e9cran de 6,5 pouces + 90 Hz<\/li>\n<li>Une batterie de 5 000 mAh<\/li>\n<li>Des true wireless avec 15h d\u2019autonomie<\/li>\n<\/ul>\n<p>Initialement affich\u00e9 \u00e0 249 euros, le pack Motorola Moto g13 + Motorola Moto Buds 120 est d\u00e9sormais\u00a0<a href=\"https:\/\/shop.frandroid.com\/qvifrcjd\" target=\"_blank\" rel=\"noreferrer noopener affiliate nofollow\" data-gtm=\"{&quot;event&quot;:&quot;afficlic&quot;,&quot;nom_marchand&quot;:&quot;e_leclerc&quot;,&quot;nom_produit&quot;:&quot;inconnu&quot;,&quot;categorie_produit&quot;:&quot;inconnu&quot;,&quot;module_produit&quot;:&quot;editolink&quot;,&quot;position_marchand&quot;:0,&quot;texte&quot;:&quot;propose-a-79-99-euros-chez-e-leclerc&quot;,&quot;offer_url&quot;:&quot;https:\/\/shop.frandroid.com\/qvifrcjd&quot;,&quot;zone&quot;:&quot;contenu-page&quot;}\">propos\u00e9 \u00e0 79,99 euros chez E.Leclerc.<\/a><\/p>\n<p>                                            11:17<br \/>\n                                                                Apple iPad Pro M4 13\u2033 (2 To)<\/p>\n<p>Apple enfonce le clou avec son iPad Pro 2024 de 13 pouces, un monstre de puissance qui flirte avec la fronti\u00e8re entre tablette et laptop, pour ceux qui refusent le moindre compromis. Et pour ces soldes d\u2019\u00e9t\u00e9, Cdiscount lance une promotion faisant passer le prix de la version 2 To sous les 2 000 euros.<\/p>\n<p><a href=\"https:\/\/images.frandroid.com\/wp-content\/uploads\/2025\/07\/ipad-pro-m4-soldes-ete-frandroid.jpg\" target=\"_blank\" rel=\"noopener\" class=\"article-content__figure\"><img loading=\"lazy\" decoding=\"async\" width=\"1200\" height=\"799\" class=\"wp-image-2719125 wp-image wp-image\" src=\"https:\/\/www.europesays.com\/fr\/wp-content\/uploads\/2025\/07\/ipad-pro-m4-soldes-ete-frandroid-1200x799.jpg\" alt=\"\"  \/><\/a><\/p>\n<ul class=\"wp-block-list\">\n<li style=\"list-style-type: none\">\n<ul class=\"wp-block-list\">\n<li>Un \u00e9cran OLED Ultra Retina XDR de 13 pouces<\/li>\n<\/ul>\n<\/li>\n<\/ul>\n<ul class=\"wp-block-list\">\n<li style=\"list-style-type: none\">\n<ul class=\"wp-block-list\">\n<li>Une puce M4 qui ridiculise la plupart des ordinateurs portables<\/li>\n<\/ul>\n<\/li>\n<\/ul>\n<ul class=\"wp-block-list\">\n<li style=\"list-style-type: none\">\n<ul class=\"wp-block-list\">\n<li>Un stockage rapide de 2 To<\/li>\n<\/ul>\n<\/li>\n<\/ul>\n<p>Au lieu de 2 279 euros sur le site d\u2019Apple, l\u2019iPad Pro 2024 de 13 pouces avec 2 To de stockage <a href=\"https:\/\/shop.frandroid.com\/inxl1z29\" target=\"_blank\" rel=\"noreferrer noopener affiliate nofollow\" data-type=\"link\" data-id=\"https:\/\/www.cdiscount.com\/informatique\/tablettes-tactiles-ebooks\/apple-ipad-pro-2024-13-wifi-2-to-arge\/f-10798-ippro2tbsilw13.html\" data-gtm=\"{&quot;event&quot;:&quot;afficlic&quot;,&quot;nom_marchand&quot;:&quot;cdiscount&quot;,&quot;nom_produit&quot;:&quot;inconnu&quot;,&quot;categorie_produit&quot;:&quot;inconnu&quot;,&quot;module_produit&quot;:&quot;editolink&quot;,&quot;position_marchand&quot;:0,&quot;texte&quot;:&quot;est-aujourd-hui-disponible-en-promotion-a-1-999-euros-sur-cdiscount&quot;,&quot;offer_url&quot;:&quot;https:\/\/shop.frandroid.com\/inxl1z29&quot;,&quot;zone&quot;:&quot;contenu-page&quot;}\">est aujourd\u2019hui disponible en promotion \u00e0 1 999 euros sur Cdiscount<\/a>.<\/p>\n<p>                                            10:35<br \/>\n                                                                TCL NXTVision A300 Pro <\/p>\n<p>Avec ses NXTVision A300 Pro, TCL veut rivaliser avec les\u00a0Samsung The Frame, et offre un t\u00e9l\u00e9viseur qui se mue en tableau sans oublier la qualit\u00e9 d\u2019image et les technologies d\u2019optimisation pour les jeux vid\u00e9o. La marque va encore plus loin, en y int\u00e9grant une barre de son et un caisson sans fil sign\u00e9 Bang &amp; Olufsen.<\/p>\n<p><a href=\"https:\/\/images.frandroid.com\/wp-content\/uploads\/2025\/07\/tcl-nxtvision-55a300pro-soldes-dete-2025.jpg\" target=\"_blank\" rel=\"noopener\" class=\"article-content__figure\"><img loading=\"lazy\" decoding=\"async\" width=\"1200\" height=\"675\" class=\"wp-image-2718277 wp-image wp-image\" src=\"https:\/\/www.europesays.com\/fr\/wp-content\/uploads\/2025\/07\/tcl-nxtvision-55a300pro-soldes-dete-2025-1200x675.jpg\" alt=\"\"  \/><\/a><\/p>\n<ul class=\"wp-block-list\">\n<li style=\"list-style-type: none\">\n<ul class=\"wp-block-list\">\n<li>Un design tableau qui fait de l\u2019effet<\/li>\n<\/ul>\n<\/li>\n<\/ul>\n<ul class=\"wp-block-list\">\n<li style=\"list-style-type: none\">\n<ul class=\"wp-block-list\">\n<li>Excellent calibrage et fid\u00e9lit\u00e9 des couleurs<\/li>\n<\/ul>\n<\/li>\n<\/ul>\n<ul class=\"wp-block-list\">\n<li style=\"list-style-type: none\">\n<ul class=\"wp-block-list\">\n<li>Des performances gaming et Google TV aux commandes<\/li>\n<\/ul>\n<\/li>\n<\/ul>\n<p>Dans sa version 55 pouces, le TCL NXTVision A300 Pro\u00a0est vendu \u00e0 1 090 euros, mais \u00e0 l\u2019occasion des soldes, il se n\u00e9gocie <a href=\"https:\/\/shop.frandroid.com\/iafvnolb\" target=\"_blank\" rel=\"noreferrer noopener affiliate nofollow\" data-gtm=\"{&quot;event&quot;:&quot;afficlic&quot;,&quot;nom_marchand&quot;:&quot;ubaldi&quot;,&quot;nom_produit&quot;:&quot;inconnu&quot;,&quot;categorie_produit&quot;:&quot;inconnu&quot;,&quot;module_produit&quot;:&quot;editolink&quot;,&quot;position_marchand&quot;:0,&quot;texte&quot;:&quot;a-seulement-881-euros-chez-ubaldi&quot;,&quot;offer_url&quot;:&quot;https:\/\/shop.frandroid.com\/iafvnolb&quot;,&quot;zone&quot;:&quot;contenu-page&quot;}\">\u00e0 seulement 881 euros chez Ubaldi<\/a> avec le code <strong>W2JF2625<\/strong>. On le trouve \u00e9galement en promotion <a href=\"https:\/\/shop.frandroid.com\/g56heken\" target=\"_blank\" rel=\"noreferrer noopener affiliate nofollow\" data-gtm=\"{&quot;event&quot;:&quot;afficlic&quot;,&quot;nom_marchand&quot;:&quot;fnac&quot;,&quot;nom_produit&quot;:&quot;inconnu&quot;,&quot;categorie_produit&quot;:&quot;inconnu&quot;,&quot;module_produit&quot;:&quot;editolink&quot;,&quot;position_marchand&quot;:0,&quot;texte&quot;:&quot;chez-la-fnac&quot;,&quot;offer_url&quot;:&quot;https:\/\/shop.frandroid.com\/g56heken&quot;,&quot;zone&quot;:&quot;contenu-page&quot;}\">chez la Fnac<\/a>, <a href=\"https:\/\/shop.frandroid.com\/uxp08dof\" target=\"_blank\" rel=\"noreferrer noopener affiliate nofollow\" data-gtm=\"{&quot;event&quot;:&quot;afficlic&quot;,&quot;nom_marchand&quot;:&quot;darty&quot;,&quot;nom_produit&quot;:&quot;inconnu&quot;,&quot;categorie_produit&quot;:&quot;inconnu&quot;,&quot;module_produit&quot;:&quot;editolink&quot;,&quot;position_marchand&quot;:0,&quot;texte&quot;:&quot;darty&quot;,&quot;offer_url&quot;:&quot;https:\/\/shop.frandroid.com\/uxp08dof&quot;,&quot;zone&quot;:&quot;contenu-page&quot;}\">Darty<\/a> et <a href=\"https:\/\/shop.frandroid.com\/cgtjncom\" target=\"_blank\" rel=\"noreferrer noopener affiliate nofollow\" data-gtm=\"{&quot;event&quot;:&quot;afficlic&quot;,&quot;nom_marchand&quot;:&quot;boulanger&quot;,&quot;nom_produit&quot;:&quot;inconnu&quot;,&quot;categorie_produit&quot;:&quot;inconnu&quot;,&quot;module_produit&quot;:&quot;editolink&quot;,&quot;position_marchand&quot;:0,&quot;texte&quot;:&quot;boulanger&quot;,&quot;offer_url&quot;:&quot;https:\/\/shop.frandroid.com\/cgtjncom&quot;,&quot;zone&quot;:&quot;contenu-page&quot;}\">Boulanger<\/a> \u00e0 899 euros.<\/p>\n<p>Le mod\u00e8le classique, vendu sans barre de son, est quant \u00e0 lui <a href=\"https:\/\/shop.frandroid.com\/cxj1dzd5\" target=\"_blank\" rel=\"noreferrer noopener affiliate nofollow\" data-gtm=\"{&quot;event&quot;:&quot;afficlic&quot;,&quot;nom_marchand&quot;:&quot;ubaldi&quot;,&quot;nom_produit&quot;:&quot;inconnu&quot;,&quot;categorie_produit&quot;:&quot;inconnu&quot;,&quot;module_produit&quot;:&quot;editolink&quot;,&quot;position_marchand&quot;:0,&quot;texte&quot;:&quot;en-promotion-a-569-euros&quot;,&quot;offer_url&quot;:&quot;https:\/\/shop.frandroid.com\/cxj1dzd5&quot;,&quot;zone&quot;:&quot;contenu-page&quot;}\">en promotion \u00e0 569 euros<\/a> avec le code <strong>W5JF2625<\/strong> chez Ubaldi.<\/p>\n<p>                10:04<\/p>\n<p>                    OnePlus 13R<\/p>\n<p>C\u2019est en d\u00e9but d\u2019ann\u00e9e que OnePlus a d\u00e9voil\u00e9 sa nouvelle gamme de smartphones, qui comprend le OnePlus 13 et son petit fr\u00e8re, le OnePlus 13R, un mod\u00e8le plus abordable et avec quelques l\u00e9g\u00e8res concessions. C\u2019est justement ce dernier qui nous int\u00e9resse. Si elle n\u2019est pas exempte de d\u00e9fauts, cette r\u00e9f\u00e9rence a de nombreux atouts, \u00e0 commencer par sa puce v\u00e9loce, sa polyvalence photo ou encore son autonomie rassurante.<\/p>\n<p><a href=\"https:\/\/images.frandroid.com\/wp-content\/uploads\/2025\/04\/oneplus-13r-soldes-dete-2025.jpg\" target=\"_blank\" rel=\"noopener\" class=\"article-content__figure\"><img loading=\"lazy\" decoding=\"async\" width=\"1200\" height=\"799\" class=\"wp-image-2718951 wp-image wp-image\" src=\"https:\/\/www.europesays.com\/fr\/wp-content\/uploads\/2025\/07\/oneplus-13r-soldes-dete-2025-1200x799.jpg\" alt=\"\"  \/><\/a><\/p>\n<ul class=\"wp-block-list\">\n<li style=\"list-style-type: none\">\n<ul class=\"wp-block-list\">\n<li>C\u2019est un smartphone soign\u00e9 et \u00e9pur\u00e9<\/li>\n<\/ul>\n<\/li>\n<\/ul>\n<ul class=\"wp-block-list\">\n<li style=\"list-style-type: none\">\n<ul class=\"wp-block-list\">\n<li>Avec un Snapdragon 8 Gen 3 performant et la pr\u00e9sence d\u2019un t\u00e9l\u00e9objectif avec zoom optique 2x<\/li>\n<\/ul>\n<\/li>\n<\/ul>\n<ul class=\"wp-block-list\">\n<li style=\"list-style-type: none\">\n<ul class=\"wp-block-list\">\n<li>Et une excellente autonomie<\/li>\n<\/ul>\n<\/li>\n<\/ul>\n<p>Avec un prix de lancement \u00e0 769 euros, le OnePlus 13R (12 + 256 Go) est <a href=\"https:\/\/shop.frandroid.com\/phvplhxd\" target=\"_blank\" rel=\"noreferrer noopener affiliate nofollow\">d\u00e9sormais propos\u00e9 \u00e0 549 euros sur le site officiel de la marque.<\/a> <strong>De plus, une coque et une protection d\u2019\u00e9cran, chacun d\u2019une valeur de 24,99 euros, sont offerts !<\/strong><\/p>\n<p>                                            09:55<br \/>\n                                                                Yaber L2S<\/p>\n<p>L\u00e9ger, facilement transportable et puissant, le petit vid\u00e9oprojecteur Yaber L2S marque aussi des points gr\u00e2ce au son sign\u00e9 JBL qu\u2019il d\u00e9livre.<\/p>\n<p><a href=\"https:\/\/images.frandroid.com\/wp-content\/uploads\/2025\/07\/yaber-l2s-soldes-ete-2025.jpg\" target=\"_blank\" rel=\"noopener\" class=\"article-content__figure\"><img loading=\"lazy\" decoding=\"async\" width=\"1200\" height=\"675\" class=\"wp-image-2718061 wp-image wp-image\" src=\"https:\/\/www.europesays.com\/fr\/wp-content\/uploads\/2025\/07\/yaber-l2s-soldes-ete-2025-1200x675.jpg\" alt=\"\"  \/><\/a><\/p>\n<ul class=\"wp-block-list\">\n<li style=\"list-style-type: none\">\n<ul class=\"wp-block-list\">\n<li>Des images en Full HD jusqu\u2019\u00e0 150 pouces<\/li>\n<\/ul>\n<\/li>\n<\/ul>\n<ul class=\"wp-block-list\">\n<li style=\"list-style-type: none\">\n<ul class=\"wp-block-list\">\n<li>Des haut-parleurs JBL int\u00e9gr\u00e9s<\/li>\n<\/ul>\n<\/li>\n<\/ul>\n<p>Auparavant affich\u00e9 \u00e0 259,99 euros, puis r\u00e9duit \u00e0 239,99 euros, le vid\u00e9oprojecteur Yaber L2S peut <a href=\"https:\/\/shop.frandroid.com\/u0lwzxwc\" target=\"_blank\" rel=\"noreferrer noopener affiliate nofollow\" data-gtm=\"{&quot;event&quot;:&quot;afficlic&quot;,&quot;nom_marchand&quot;:&quot;amazon_fr&quot;,&quot;nom_produit&quot;:&quot;inconnu&quot;,&quot;categorie_produit&quot;:&quot;inconnu&quot;,&quot;module_produit&quot;:&quot;editolink&quot;,&quot;position_marchand&quot;:0,&quot;texte&quot;:&quot;aujourd-hui-vous-revenir-a-189-99-euros-sur-amazon&quot;,&quot;offer_url&quot;:&quot;https:\/\/shop.frandroid.com\/u0lwzxwc&quot;,&quot;zone&quot;:&quot;contenu-page&quot;}\">aujourd\u2019hui vous revenir \u00e0 155,99 euros sur Amazon<\/a> gr\u00e2ce au coupon \u00e0 cocher avant de glisser le produit dans le panier et au code promo <strong>WJ9EZ6KZ<\/strong>. Ce coupon est valable <strong>jusqu\u2019au<\/strong> <strong>20 juillet 2025<\/strong>.<\/p>\n<p>                                            18:08<br \/>\n                                                                Dyson V8<\/p>\n<p>Dyson a revu sa copie du V8 avec cette version estampill\u00e9e Advanced qui fait des progr\u00e8s sur de nombreux niveaux. Un mod\u00e8le vendu au rabais en ce moment pour les soldes.<\/p>\n<p><a href=\"https:\/\/images.frandroid.com\/wp-content\/uploads\/2025\/07\/dyson-v8-advanced-soldes-ete-2025.jpg\" target=\"_blank\" rel=\"noopener\" class=\"article-content__figure\"><img loading=\"lazy\" decoding=\"async\" width=\"1200\" height=\"675\" class=\"wp-image-2716243 wp-image wp-image\" src=\"https:\/\/www.europesays.com\/fr\/wp-content\/uploads\/2025\/07\/dyson-v8-advanced-soldes-ete-2025-1200x675.jpg\" alt=\"\"  \/><\/a><\/p>\n<ul class=\"wp-block-list\">\n<li style=\"list-style-type: none\">\n<ul class=\"wp-block-list\">\n<li>Sa puissance de 130 AW s\u2019adapte \u00e0 tous les sols<\/li>\n<\/ul>\n<\/li>\n<\/ul>\n<ul class=\"wp-block-list\">\n<li style=\"list-style-type: none\">\n<ul class=\"wp-block-list\">\n<li>L\u2019autonomie monte jusqu\u2019\u00e0 40 minutes en mode Eco<\/li>\n<\/ul>\n<\/li>\n<\/ul>\n<ul class=\"wp-block-list\">\n<li style=\"list-style-type: none\">\n<ul class=\"wp-block-list\">\n<li>Il est particuli\u00e8rement silencieux<\/li>\n<\/ul>\n<\/li>\n<\/ul>\n<p>Le Dyson V8 Advanced est un aspirateur balai haut de gamme propos\u00e9 \u00e0 399 euros et m\u00eame 400 euros sur Fnac. Heureusement que les soldes passent par l\u00e0 puisque actuellement, <a href=\"https:\/\/shop.frandroid.com\/lhbawamo\" target=\"_blank\" rel=\"noreferrer noopener affiliate nofollow\" data-gtm=\"{&quot;event&quot;:&quot;afficlic&quot;,&quot;nom_marchand&quot;:&quot;fnac&quot;,&quot;nom_produit&quot;:&quot;inconnu&quot;,&quot;categorie_produit&quot;:&quot;inconnu&quot;,&quot;module_produit&quot;:&quot;editolink&quot;,&quot;position_marchand&quot;:0,&quot;texte&quot;:&quot;vous-pouvez-l-avoir-pour-279-euros&quot;,&quot;offer_url&quot;:&quot;https:\/\/shop.frandroid.com\/lhbawamo&quot;,&quot;zone&quot;:&quot;contenu-page&quot;}\">vous pouvez l\u2019avoir pour 279 euros<\/a>.<\/p>\n<p>                                            15:49<br \/>\n                                                                MSI Katana 15 (RTX 5070)<\/p>\n<p>En mati\u00e8re d\u2019ordinateurs portables destin\u00e9s au gaming, MSI figure en bonne place parmi les meilleurs constructeurs du march\u00e9.\u00a0Son Katana 15 HX B14WGK-006FR, avec une puce Intel de 14e g\u00e9n\u00e9ration et une RTX 5070, est parfait pour jouer partout, tout le temps, dans les meilleures conditions.<\/p>\n<p><img class=\"wp-image wp-image\" decoding=\"async\" src=\"https:\/\/www.europesays.com\/fr\/wp-content\/uploads\/2025\/07\/1751885102_154_msi-katana-15-hx-b14wgk-soldes-dete-2025.jpg\"\/><\/p>\n<p>Avec un prix barr\u00e9 \u00e0 1 999,99 euros, le MSI Katana 15 HX B14WGK-006FR est en ce moment\u00a0<a href=\"https:\/\/shop.frandroid.com\/irwol3ei\" target=\"_blank\" rel=\"noreferrer noopener affiliate nofollow\" data-gtm=\"{&quot;event&quot;:&quot;afficlic&quot;,&quot;nom_marchand&quot;:&quot;grosbill&quot;,&quot;nom_produit&quot;:&quot;inconnu&quot;,&quot;categorie_produit&quot;:&quot;inconnu&quot;,&quot;module_produit&quot;:&quot;editolink&quot;,&quot;position_marchand&quot;:0,&quot;texte&quot;:&quot;en-promotion-a-1-499-99-euros-sur-le-site-grosbill&quot;,&quot;offer_url&quot;:&quot;https:\/\/shop.frandroid.com\/irwol3ei&quot;,&quot;zone&quot;:&quot;contenu-page&quot;}\">en promotion \u00e0 1 499,99 euros sur le site grosbill<\/a>. On le trouve\u00a0<a href=\"https:\/\/shop.frandroid.com\/ktbpnqp3\" target=\"_blank\" rel=\"noreferrer noopener affiliate nofollow\" data-gtm=\"{&quot;event&quot;:&quot;afficlic&quot;,&quot;nom_marchand&quot;:&quot;cybertek&quot;,&quot;nom_produit&quot;:&quot;inconnu&quot;,&quot;categorie_produit&quot;:&quot;inconnu&quot;,&quot;module_produit&quot;:&quot;editolink&quot;,&quot;position_marchand&quot;:0,&quot;texte&quot;:&quot;au-meme-prix-sur-le-site-de-cyber-tek&quot;,&quot;offer_url&quot;:&quot;https:\/\/shop.frandroid.com\/ktbpnqp3&quot;,&quot;zone&quot;:&quot;contenu-page&quot;}\">au m\u00eame prix sur le site de CyberTek<\/a>.<\/p>\n<p>                                            14:46<br \/>\n                                                                Xbox Elite Series 2 Core<\/p>\n<p>Si vous jouez sur Xbox Series X ou Xbox Series S, vous avez forc\u00e9ment une manette qui va avec. Basique, elle n\u2019en reste pas moins ergonomique et a l\u2019avantage d\u2019\u00eatre compatible sur PC et appareils Android. Mais il existe des versions plus avanc\u00e9es de cette manette : la <a href=\"https:\/\/www.frandroid.com\/produits\/manettes\/microsoft\/1310823-manette-xbox-elite-series-2\" target=\"_blank\" rel=\"noreferrer noopener\">Xbox Elite Series 2<\/a>, qui est la d\u00e9clinaison ultime, et la <strong>Xbox Elite Series 2 Core<\/strong> qui se situe \u00e0 mi-chemin entre les deux. Quelques concessions sur la fiche technique, mais une prise en main toujours aussi agr\u00e9able et des options de personnalisation pouss\u00e9es pour optimiser l\u2019exp\u00e9rience de jeu.<\/p>\n<p><a href=\"https:\/\/images.frandroid.com\/wp-content\/uploads\/2025\/07\/microsoft-xbox-elite-series-2-core-soldes-ete-2025.jpg\" target=\"_blank\" rel=\"noopener\" class=\"article-content__figure\"><img loading=\"lazy\" decoding=\"async\" width=\"1200\" height=\"675\" class=\"wp-image-2715875 wp-image wp-image\" src=\"https:\/\/www.europesays.com\/fr\/wp-content\/uploads\/2025\/07\/microsoft-xbox-elite-series-2-core-soldes-ete-2025-1200x675.jpg\" alt=\"\"  \/><\/a><\/p>\n<ul class=\"wp-block-list\">\n<li style=\"list-style-type: none\">\n<ul class=\"wp-block-list\">\n<li>La course des g\u00e2chettes est modifiable<\/li>\n<\/ul>\n<\/li>\n<\/ul>\n<ul class=\"wp-block-list\">\n<li style=\"list-style-type: none\">\n<ul class=\"wp-block-list\">\n<li>L\u2019autonomie qui fr\u00f4le les 40 h sans recharge<\/li>\n<\/ul>\n<\/li>\n<\/ul>\n<ul class=\"wp-block-list\">\n<li style=\"list-style-type: none\">\n<ul class=\"wp-block-list\">\n<li>Le grip am\u00e9lior\u00e9 pens\u00e9 pour le jeu intensif<\/li>\n<\/ul>\n<\/li>\n<\/ul>\n<p>Au lieu de 139,99 euros, la manette Xbox Elite Series 2 Core est actuellement sold\u00e9e <a href=\"https:\/\/shop.frandroid.com\/61s3nfl3\" target=\"_blank\" rel=\"noreferrer noopener affiliate nofollow\" data-type=\"link\" data-id=\"https:\/\/www.fnac.com\/Manette-Xbox-sans-fil-Elite-Series-2-Core-Bleu\/a17938354\/w-4\" data-gtm=\"{&quot;event&quot;:&quot;afficlic&quot;,&quot;nom_marchand&quot;:&quot;fnac&quot;,&quot;nom_produit&quot;:&quot;inconnu&quot;,&quot;categorie_produit&quot;:&quot;inconnu&quot;,&quot;module_produit&quot;:&quot;editolink&quot;,&quot;position_marchand&quot;:0,&quot;texte&quot;:&quot;chez-fnac-a-99-99-euros&quot;,&quot;offer_url&quot;:&quot;https:\/\/shop.frandroid.com\/61s3nfl3&quot;,&quot;zone&quot;:&quot;contenu-page&quot;}\">chez Fnac \u00e0 99,99 euros<\/a>, avec le choix du roi pour les couleurs puisqu\u2019elle est disponible en bleu et en rouge. On trouve <a href=\"https:\/\/shop.frandroid.com\/kw2gdn6p\" target=\"_blank\" rel=\"noreferrer noopener affiliate nofollow\">la m\u00eame offre sur Amazon<\/a>.<\/p>\n<p>                                            14:25<br \/>\n                                                                Google Pixel Watch 3<\/p>\n<p>La Google Pixel Watch 3 est une montre polyvalente, aussi bien pour les sportifs que pour les autres, avec un design \u00e9l\u00e9gant et un \u00e9cran lumineux qui fait qu\u2019elle est parfaitement utilisable en toute circonstance. Pendant les soldes, elle est \u00e0 -25 %.<\/p>\n<p><a href=\"https:\/\/images.frandroid.com\/wp-content\/uploads\/2025\/07\/google-pixel-watch-3-soldes-dete-2025.jpg\" target=\"_blank\" rel=\"noopener\" class=\"article-content__figure\"><img loading=\"lazy\" decoding=\"async\" width=\"1200\" height=\"675\" class=\"wp-image-2716499 wp-image wp-image\" src=\"https:\/\/www.europesays.com\/fr\/wp-content\/uploads\/2025\/07\/google-pixel-watch-3-soldes-dete-2025-1200x675.jpg\" alt=\"\"  \/><\/a><\/p>\n<ul class=\"wp-block-list\">\n<li style=\"list-style-type: none\">\n<ul class=\"wp-block-list\">\n<li>Aussi agr\u00e9able \u00e0 porter qu\u2019\u00e0 utiliser<\/li>\n<\/ul>\n<\/li>\n<\/ul>\n<ul class=\"wp-block-list\">\n<li style=\"list-style-type: none\">\n<ul class=\"wp-block-list\">\n<li>Wear OS qui permet d\u2019installer des applications tierces<\/li>\n<\/ul>\n<\/li>\n<\/ul>\n<ul class=\"wp-block-list\">\n<li style=\"list-style-type: none\">\n<ul class=\"wp-block-list\">\n<li>La luminosit\u00e9 qui suit m\u00eame en plein soleil<\/li>\n<\/ul>\n<\/li>\n<\/ul>\n<p>Lanc\u00e9e \u00e0 399 euros, la Google Pixel Watch 3 (41mm, GPS) est aujourd\u2019hui <a href=\"https:\/\/shop.frandroid.com\/wzlqu5by\" target=\"_blank\" rel=\"noreferrer noopener affiliate nofollow\" data-gtm=\"{&quot;event&quot;:&quot;afficlic&quot;,&quot;nom_marchand&quot;:&quot;amazon_fr&quot;,&quot;nom_produit&quot;:&quot;inconnu&quot;,&quot;categorie_produit&quot;:&quot;inconnu&quot;,&quot;module_produit&quot;:&quot;editolink&quot;,&quot;position_marchand&quot;:0,&quot;texte&quot;:&quot;en-promotion-a-299-euros-sur-amazon&quot;,&quot;offer_url&quot;:&quot;https:\/\/shop.frandroid.com\/wzlqu5by&quot;,&quot;zone&quot;:&quot;contenu-page&quot;}\">en promotion \u00e0 299 euros sur Amazon<\/a>.<\/p>\n<p>                                            14:05<br \/>\n                                                                Dyson Wash G1 <\/p>\n<p>En 2024, Dyson a fait son entr\u00e9e sur le march\u00e9 des nettoyeurs de sols, \u00e9tendant ainsi sa domination. Car comme on pouvait s\u2019en douter, le Dyson Wash G1 est \u00e0 la fois performant et esth\u00e9tique, mais surtout tr\u00e8s co\u00fbteux. Sauf en p\u00e9riode de soldes.<\/p>\n<p><a href=\"https:\/\/images.frandroid.com\/wp-content\/uploads\/2025\/07\/dyson-g1-wash-soldes-dete-2025.jpg\" target=\"_blank\" rel=\"noopener\" class=\"article-content__figure\"><img loading=\"lazy\" decoding=\"async\" class=\"aligncenter size-large wp-image-2717993 wp-image wp-image\" src=\"https:\/\/www.europesays.com\/fr\/wp-content\/uploads\/2025\/07\/dyson-g1-wash-soldes-dete-2025-1200x799.jpg\" alt=\"\" width=\"1200\" height=\"799\"  \/><\/a><\/p>\n<ul class=\"wp-block-list\">\n<li>Une grande maniabilit\u00e9 et possibilit\u00e9 de tenir debout seul<\/li>\n<li>Une s\u00e9paration des d\u00e9bris intelligente<\/li>\n<li>Trois modes d\u2019hydratation<\/li>\n<\/ul>\n<p>Au lieu de 699 euros, le Dyson Wash G1 est aujourd\u2019hui disponible\u00a0<a href=\"https:\/\/www.boulanger.com\/ref\/1201676\" target=\"_blank\" rel=\"noreferrer noopener\">en promotion \u00e0 499 euros chez Boulanger<\/a>.<\/p>\n<p>                                            12:32<br \/>\n                                                                Rowenta Turbo Silence Extreme<\/p>\n<p>Apr\u00e8s une l\u00e9g\u00e8re rupture de stock, le ventilateur Rowenta Turbo Silence Extreme est de retour en promotion pour la deuxi\u00e8me d\u00e9marque.<\/p>\n<p><img class=\"wp-image wp-image\" decoding=\"async\" src=\"https:\/\/www.europesays.com\/fr\/wp-content\/uploads\/2025\/07\/1751885109_326_rowenta-turbo-silence-extreme-soldes-ete-frandroid.jpg\"\/><\/p>\n<ul class=\"wp-block-list\">\n<li>Un flux d\u2019air qui envoie (72 m\u00b3\/min)<\/li>\n<li>Un niveau sonore plancher (45 dB)<\/li>\n<li>Une orientation souple et oscillante pour couvrir toute la pi\u00e8ce<\/li>\n<\/ul>\n<p>Au lieu de 139 euros, le Rowenta Turbo Silence Extreme est\u00a0<a href=\"https:\/\/shop.frandroid.com\/nn5vgpsv\" target=\"_blank\" rel=\"noreferrer noopener affiliate nofollow\" data-type=\"link\" data-id=\"https:\/\/www.amazon.fr\/Rowenta-VU5640F0-Turbo-Silence-Ventilateur\/dp\/B01891LZBY\/\" data-gtm=\"{&quot;event&quot;:&quot;afficlic&quot;,&quot;nom_marchand&quot;:&quot;amazon_fr&quot;,&quot;nom_produit&quot;:&quot;inconnu&quot;,&quot;categorie_produit&quot;:&quot;inconnu&quot;,&quot;module_produit&quot;:&quot;editolink&quot;,&quot;position_marchand&quot;:0,&quot;texte&quot;:&quot;aujourd-hui-disponible-en-promotion-a-79-euros-sur-amazon&quot;,&quot;offer_url&quot;:&quot;https:\/\/shop.frandroid.com\/nn5vgpsv&quot;,&quot;zone&quot;:&quot;contenu-page&quot;}\">aujourd\u2019hui disponible en promotion \u00e0 99 euros sur Amazon<\/a>.<\/p>\n<p>                                            11:59<br \/>\n                                                                HP Victus 15-fb2032<\/p>\n<p>Les soldes d\u2019\u00e9t\u00e9 sont aussi l\u2019occasion de faire de tr\u00e8s bonnes affaires niveau PC portables taill\u00e9s pour le jeu vid\u00e9o. En ce moment, c\u2019est le HP Victus 15-fb2032 qui m\u00e9rite votre attention.<\/p>\n<p><a href=\"https:\/\/images.frandroid.com\/wp-content\/uploads\/2025\/07\/hp-victus-15fb2032-soldes-ete-2025.jpg\" target=\"_blank\" rel=\"noopener\" class=\"article-content__figure\"><img loading=\"lazy\" decoding=\"async\" width=\"1200\" height=\"675\" class=\"wp-image-2717549 wp-image wp-image\" src=\"https:\/\/www.europesays.com\/fr\/wp-content\/uploads\/2025\/07\/hp-victus-15fb2032-soldes-ete-2025-1200x675.jpg\" alt=\"\"  \/><\/a><\/p>\n<ul class=\"wp-block-list\">\n<li style=\"list-style-type: none\">\n<ul class=\"wp-block-list\">\n<li>Une grande dalle IPS Full HD de 15,6 pouces<\/li>\n<\/ul>\n<\/li>\n<\/ul>\n<ul class=\"wp-block-list\">\n<li style=\"list-style-type: none\">\n<ul class=\"wp-block-list\">\n<li>Un combo Ryzen 5 + Radeon RX 6550M + 16 Go de RAM<\/li>\n<\/ul>\n<\/li>\n<\/ul>\n<p>Initialement affich\u00e9 \u00e0 949,99 euros, le PC portable HP Victus 15-fb2032 est aujourd\u2019hui <a href=\"https:\/\/shop.frandroid.com\/u98jjbn3\" target=\"_blank\" rel=\"noreferrer noopener affiliate nofollow\" data-gtm=\"{&quot;event&quot;:&quot;afficlic&quot;,&quot;nom_marchand&quot;:&quot;darty&quot;,&quot;nom_produit&quot;:&quot;inconnu&quot;,&quot;categorie_produit&quot;:&quot;inconnu&quot;,&quot;module_produit&quot;:&quot;editolink&quot;,&quot;position_marchand&quot;:0,&quot;texte&quot;:&quot;disponible-en-promotion-a-649-99-euros-chez-darty&quot;,&quot;offer_url&quot;:&quot;https:\/\/shop.frandroid.com\/u98jjbn3&quot;,&quot;zone&quot;:&quot;contenu-page&quot;}\">disponible en promotion \u00e0 649,99 euros chez Darty<\/a>.<\/p>\n<p>                                            11:35<br \/>\n                                                                MSI Claw<\/p>\n<p>Malgr\u00e9 ses quelques d\u00e9fauts, la MSI Claw reste une excellente copie version team bleue de la ROG Ally. Cette console portable peut en int\u00e9resser plus d\u2019un, surtout maintenant qu\u2019elle se n\u00e9gocie moins cher qu\u2019une Switch 2.<\/p>\n<p><a href=\"https:\/\/images.frandroid.com\/wp-content\/uploads\/2025\/07\/msi-claw-soldes-dete-2025.jpg\" target=\"_blank\" rel=\"noopener\" class=\"article-content__figure\"><img loading=\"lazy\" decoding=\"async\" class=\"aligncenter size-large wp-image-2717809 wp-image wp-image\" src=\"https:\/\/www.europesays.com\/fr\/wp-content\/uploads\/2025\/07\/msi-claw-soldes-dete-2025-1200x799.jpg\" alt=\"\" width=\"1200\" height=\"799\"  \/><\/a><\/p>\n<ul class=\"wp-block-list\">\n<li>Pour son ergonomie parfaite<\/li>\n<li>Son logiciel sous Windows<\/li>\n<li>Sa chauffe tr\u00e8s bien ma\u00eetris\u00e9e<\/li>\n<\/ul>\n<p>Lanc\u00e9e \u00e0 799 euros, la MSI Claw AM1-042FR sous Intel Core Ultra 5 et avec 512 Go de SSD se retrouve aujourd\u2019hui <a href=\"https:\/\/shop.frandroid.com\/steflmkf\" target=\"_blank\" rel=\"sponsored nofollow noopener\" data-gtm=\"{&quot;event&quot;:&quot;afficlic&quot;,&quot;nom_marchand&quot;:&quot;E&quot;,&quot;nom_produit&quot;:&quot;inconnu&quot;,&quot;categorie_produit&quot;:&quot;inconnu&quot;,&quot;module_produit&quot;:&quot;editolink&quot;,&quot;position_marchand&quot;:0,&quot;texte&quot;:&quot;en-promotion-a-429-99-euros-chez-E-Leclerc&quot;}\">en promotion \u00e0 429,99 euros chez E.Leclerc<\/a>.<\/p>\n<p>Les meilleures offres encore disponibles de la 1\u00e8re d\u00e9marque<\/p>\n<p>Samsung Galaxy S25<\/p>\n<p>Le Galaxy S25 est l\u2019un des derniers repr\u00e9sentants de panier haut de gamme de Samsung en 2025. C\u2019est un smartphone Android qui r\u00e9serve quelques surprises, \u00e0 commencer par son prix pendant ces soldes.<\/p>\n<p><a href=\"https:\/\/images.frandroid.com\/wp-content\/uploads\/2025\/06\/samsung-galaxy-s25-soldes-ete-2025.jpg\" target=\"_blank\" rel=\"noreferrer noopener\" class=\"article-content__figure\"><img loading=\"lazy\" decoding=\"async\" width=\"1200\" height=\"799\" src=\"https:\/\/www.europesays.com\/fr\/wp-content\/uploads\/2025\/06\/samsung-galaxy-s25-soldes-ete-2025-1200x799.jpg\" alt=\"\" class=\"wp-image-2713175 wp-image\"  \/><\/a><\/p>\n<p>Lors de sa sortie en d\u00e9but d\u2019ann\u00e9e, le Samsung Galaxy S25 \u00e9tait vendu 899 euros. Depuis, son prix s\u2019est plut\u00f4t stabilis\u00e9 autour de 850 euros, mais les soldes sont bien s\u00fbr pass\u00e9es par l\u00e0 et on le trouve actuellement <a href=\"https:\/\/shop.frandroid.com\/z3a1aqaw\" target=\"_blank\" rel=\"noreferrer noopener affiliate nofollow\">\u00e0 602 euros sur Amazon<\/a>.<\/p>\n<p>Sony WH-1000XM4<\/p>\n<p>Le Sony WH-1000XM4 est un casque Bluetooth \u00e0 r\u00e9duction de bruit active qui est une vraie r\u00e9f\u00e9rence dans le domaine. M\u00eame si depuis est sortie le XM6, il reste un bon casque \u00e0 conseiller et qui se trouve bien plus abordable lors des soldes.<\/p>\n<p><a href=\"https:\/\/images.frandroid.com\/wp-content\/uploads\/2025\/06\/sony-wh-1000xm4-soldes-dete-2025.jpg\" target=\"_blank\" rel=\"noreferrer noopener\" class=\"article-content__figure\"><img loading=\"lazy\" decoding=\"async\" width=\"1200\" height=\"799\" src=\"https:\/\/www.europesays.com\/fr\/wp-content\/uploads\/2025\/06\/sony-wh-1000xm4-soldes-dete-2025-1200x799.jpg\" alt=\"\" class=\"wp-image-2659391 wp-image\"  \/><\/a><\/p>\n<p>Habituellement vendu \u00e0 269 euros, le Sony WH-1000XM4 est aujourd\u2019hui <a href=\"https:\/\/shop.frandroid.com\/p2m713p0\" target=\"_blank\" rel=\"noreferrer noopener affiliate nofollow\">propos\u00e9 seulement \u00e0 206,99 euros sur le site Boulanger<\/a> avec le code promo <strong>AUDIO10<\/strong>.<\/p>\n<p>On trouve \u00e9galement le XM5 <a href=\"https:\/\/shop.frandroid.com\/fuxyhic8\" target=\"_blank\" rel=\"noreferrer noopener affiliate nofollow\">en promotion \u00e0 299 euros<\/a> chez Boulanger, au lieu de 419 euros \u00e0 son lancement.<\/p>\n<p>Asus Vivobook 15 OLED<\/p>\n<p>Cet Asus VivoBook 15 OLED coche toutes les cases pour un usage pro ou quotidien, avec un \u00e9cran qui en met plein la r\u00e9tine, une configuration \u00e9quilibr\u00e9e et un ch\u00e2ssis sobre. De plus, il co\u00fbte moins de 500 euros pour les soldes !<\/p>\n<p><a href=\"https:\/\/images.frandroid.com\/wp-content\/uploads\/2025\/06\/asus-vivobook-15-oled-soldes-dete-2025.jpg\" target=\"_blank\" rel=\"noreferrer noopener\" class=\"article-content__figure\"><img loading=\"lazy\" decoding=\"async\" width=\"1200\" height=\"799\" src=\"https:\/\/www.europesays.com\/fr\/wp-content\/uploads\/2025\/06\/asus-vivobook-15-oled-soldes-dete-2025-1200x799.jpg\" alt=\"\" class=\"wp-image-2710549 wp-image\"  \/><\/a><\/p>\n<p>Au lieu de 649,99 euros, le VivoBook 15 OLED S1504 est\u00a0<a href=\"https:\/\/shop.frandroid.com\/p80iylxr\" target=\"_blank\" rel=\"noreferrer noopener affiliate nofollow\">aujourd\u2019hui disponible en promotion \u00e0 479 euros sur Cdiscount<\/a><\/p>\n<p>Nothing Phone (2)<\/p>\n<p>Un excellent smartphone qui valait 849 euros dans sa version 512 Go. Aujourd\u2019hui, le Nothing Phone (2) est \u00e0 moiti\u00e9 prix pour les soldes ! Une affaire \u00e0 ne pas rater, surtout que le prix du prochain mod\u00e8le devrait \u00eatre tr\u00e8s sal\u00e9.<\/p>\n<p><a href=\"https:\/\/images.frandroid.com\/wp-content\/uploads\/2025\/06\/copie-de-xiaomi-poco-f7-soldes-ete-2025-1.jpg\" target=\"_blank\" rel=\"noreferrer noopener\" class=\"article-content__figure\"><img loading=\"lazy\" decoding=\"async\" width=\"1200\" height=\"799\" src=\"https:\/\/www.europesays.com\/fr\/wp-content\/uploads\/2025\/06\/copie-de-xiaomi-poco-f7-soldes-ete-2025-1-1200x799.jpg\" alt=\"\" class=\"wp-image-2708389 wp-image\"  \/><\/a><\/p>\n<p>Au lieu de 849 euros au lancement, le Nothing Phone (2) est aujourd\u2019hui disponible <a href=\"https:\/\/shop.frandroid.com\/0dh9nfhf\" target=\"_blank\" rel=\"noreferrer noopener affiliate nofollow\">en promotion \u00e0 419 euros sur Cdiscount<\/a>.<\/p>\n<p>Samsung Galaxy Tab S6 Lite (2024)<\/p>\n<p>Si vous recherchez une bonne tablette Android pas ch\u00e8re, voici la Samsung Galaxy Tab S6 Lite. La version 2024 de cette ardoise s\u2019est mise \u00e0 jour pour afficher encore un meilleur rapport qualit\u00e9-prix, et c\u2019est sans compter sur les soldes qui la proposent \u00e0 moiti\u00e9 prix !<\/p>\n<p><a href=\"https:\/\/images.frandroid.com\/wp-content\/uploads\/2025\/06\/samsung-galaxy-tab-s6-lite-2024-soldes-dete-2025.jpg\" target=\"_blank\" rel=\"noreferrer noopener\" class=\"article-content__figure\"><img loading=\"lazy\" decoding=\"async\" width=\"1200\" height=\"799\" src=\"https:\/\/www.europesays.com\/fr\/wp-content\/uploads\/2025\/06\/samsung-galaxy-tab-s6-lite-2024-soldes-dete-2025-1200x799.jpg\" alt=\"\" class=\"wp-image-2684591 wp-image\"  \/><\/a><\/p>\n<p>De base \u00e0 449 euros, la Samsung Galaxy Tab S6 Lite est aujourd\u2019hui <a href=\"https:\/\/shop.frandroid.com\/01qb0whm\" target=\"_blank\" rel=\"noreferrer noopener affiliate nofollow\">remis\u00e9e \u00e0 224,79 euros sur le site de la Fnac<\/a> et <a href=\"https:\/\/shop.frandroid.com\/o7dmpype\" target=\"_blank\" rel=\"noreferrer noopener affiliate nofollow\">Darty<\/a>.<\/p>\n<p>Philips Hue Play<\/p>\n<p>Beaucoup recherche g\u00e9n\u00e9ralement du Philips Hue \u00e0 prix r\u00e9duit pendant ce genre d\u2019\u00e9v\u00e9nement. Voici donc les barres lumineuses Philips Hue Play, qui font partie des \u00e9clairages connect\u00e9s les plus int\u00e9ressants de la marque. Pendant les soldes d\u2019\u00e9t\u00e9, on peut d\u2019ailleurs en avoir quatre pour le prix quasi de deux.<\/p>\n<p><a href=\"https:\/\/images.frandroid.com\/wp-content\/uploads\/2025\/06\/philips-hue-play-soldes-ete-2025.jpg\" target=\"_blank\" rel=\"noreferrer noopener\" class=\"article-content__figure\"><img loading=\"lazy\" decoding=\"async\" width=\"1200\" height=\"799\" src=\"https:\/\/www.europesays.com\/fr\/wp-content\/uploads\/2025\/06\/philips-hue-play-soldes-ete-2025-1200x799.jpg\" alt=\"\" class=\"wp-image-2708753 wp-image\"  \/><\/a><\/p>\n<p>Au lieu de 279,98 euros, les deux packs de deux Philips Hue Play peut actuellement <a href=\"https:\/\/shop.frandroid.com\/hr7uhqwh\" target=\"_blank\" rel=\"noreferrer noopener affiliate nofollow\">vous revenir \u00e0 151,42 euros chez <\/a><\/p>\n<p>Samsung Galaxy A36<\/p>\n<p>Design renouvel\u00e9, \u00e9cran un poil plus grand, meilleure long\u00e9vit\u00e9 logicielle\u2026 et enfin quelques fonctions IA du constructeur : le Samsung Galaxy A36 5G a b\u00e9n\u00e9fici\u00e9 de nombreuses am\u00e9liorations par rapport \u00e0 son pr\u00e9d\u00e9cesseur, le Galaxy A35. <\/p>\n<p><a href=\"https:\/\/images.frandroid.com\/wp-content\/uploads\/2025\/06\/samsung-galaxy-a36-5g-soldes-ete-2025.jpg\" target=\"_blank\" rel=\"noreferrer noopener\" class=\"article-content__figure\"><img loading=\"lazy\" decoding=\"async\" width=\"1200\" height=\"799\" src=\"https:\/\/www.europesays.com\/fr\/wp-content\/uploads\/2025\/06\/samsung-galaxy-a36-5g-soldes-ete-2025-1200x799.jpg\" alt=\"\" class=\"wp-image-2658817 wp-image\"  \/><\/a><\/p>\n<p>Initialement affich\u00e9 \u00e0 399,99 euros, le Samsung Galaxy A36 5G est aujourd\u2019hui <a href=\"https:\/\/shop.frandroid.com\/9dk4sknp\" target=\"_blank\" rel=\"noreferrer noopener affiliate nofollow\">propos\u00e9 \u00e0 349 euros chez Boulanger<\/a>. De plus, <a href=\"https:\/\/boulanger.scene7.com\/is\/content\/Boulanger\/2.B.com\/Commerce\/EMS\/ME0125MICY.pdf\" target=\"_blank\" rel=\"noreferrer noopener nofollow\">une Galaxy Fit3 est offerte avec cet achat !<\/a><\/p>\n<p>Crivit Y.3<\/p>\n<p>Il y a quelques mois, Lidl a d\u00e9voil\u00e9 la troisi\u00e8me g\u00e9n\u00e9ration de ses v\u00e9los \u00e9lectriques abordables, parmi lesquels figure le Crivit Y.3. Un mod\u00e8le endurant taill\u00e9 pour la ville que l\u2019on trouve actuellement avec 600 euros de r\u00e9duction.<\/p>\n<p><a href=\"https:\/\/images.frandroid.com\/wp-content\/uploads\/2025\/06\/crivit-y3-soldes-dete-2025.jpg\" target=\"_blank\" rel=\"noreferrer noopener\" class=\"article-content__figure\"><img loading=\"lazy\" decoding=\"async\" width=\"1200\" height=\"799\" src=\"https:\/\/www.europesays.com\/fr\/wp-content\/uploads\/2025\/06\/crivit-y3-soldes-dete-2025-1200x799.jpg\" alt=\"\" class=\"wp-image-2709357 wp-image\"  \/><\/a><\/p>\n<p>Lanc\u00e9 \u00e0 1 599 euros, le v\u00e9lo \u00e9lectrique Crivit Y.3 avec courroie de Lidl est aujourd\u2019hui\u00a0<a href=\"https:\/\/shop.frandroid.com\/m0p8joys\" target=\"_blank\" rel=\"noreferrer noopener affiliate nofollow\">disponible en promotion \u00e0 999 euros chez Lidl<\/a>. Le mod\u00e8le dot\u00e9 d\u2019une transmission Shimano est lui aussi <a href=\"https:\/\/shop.frandroid.com\/sajuprcu\" target=\"_blank\" rel=\"noreferrer noopener affiliate nofollow\">\u00e0 999 euros au lieu de 1 699 euros<\/a>.<\/p>\n<p>Et c\u2019est sans compter les\u00a0<a href=\"https:\/\/www.frandroid.com\/survoltes\/velo-electrique\/801128_prime-a-lachat-dun-velo-electrique-quelles-sont-les-aides-par-region\" target=\"_blank\" rel=\"noopener\">aides de l\u2019\u00c9tat<\/a>\u00a0et des collectivit\u00e9s locales qui peuvent vous permettre de r\u00e9duire encore un peu plus la facture.<\/p>\n<p>Quelles dates pour les soldes d\u2019\u00e9t\u00e9 2025 ? <\/p>\n<p>Comme dit pr\u00e9c\u00e9demment, nous en sommes \u00e0 la deuxi\u00e8me d\u00e9marque des soldes d\u2019\u00e9t\u00e9. <strong>Elles ont commenc\u00e9 le 25 juin dernier, et se termineront le mardi 22 juillet \u00e0 23h59<\/strong>. <\/p>\n<p>Quels e-commer\u00e7ants participent aux soldes ?<\/p>\n<p>La plupart des enseignes fran\u00e7aises joueront assur\u00e9ment le jeu des promotions durant toute la p\u00e9riode des soldes, comme les plus grands noms du commerce en ligne. Vous les connaissez d\u00e9j\u00e0 s\u00fbrement, mais voici la liste :<\/p>\n<p>N\u2019h\u00e9sitez pas \u00e0 d\u2019ores et d\u00e9j\u00e0 mettre en favori les liens ci-dessus pour ne rien rater de l\u2019\u00e9v\u00e9nement chez votre e-commer\u00e7ant favori.\u00a0<strong><strong>De plus, les soldes sont le seul moment en France o\u00f9 les marchands ont le droit de vendre \u00e0 perte !<\/strong><\/strong><\/p>\n<p>Les Soldes d\u2019\u00e9t\u00e9 2025 avec Frandroid<\/p>\n<p>Jusqu\u2019au 22 juillet prochain, ce sont <a href=\"https:\/\/www.frandroid.com\/bons-plans\/2717571_soldes-dete-la-deuxieme-demarque-est-lancee-voici-les-meilleures-offres-en-direct\" data-type=\"link\" data-id=\"https:\/\/www.frandroid.com\/bons-plans\/2717571_soldes-dete-la-deuxieme-demarque-est-lancee-voici-les-meilleures-offres-en-direct\" target=\"_blank\" rel=\"noreferrer noopener\">les soldes d\u2019\u00e9t\u00e9 en France<\/a>. En cette occasion, la r\u00e9daction de Frandroid met \u00e0 votre service son expertise en mati\u00e8re de nouvelles technologies pour vous aider \u00e0 faire votre choix dans votre prochain achat Tech \u00e0 prix r\u00e9duit. Il y a plusieurs articles avec diff\u00e9rentes th\u00e9matiques, \u00e0 vous de choisir :<\/p>\n<p>Et pour \u00eatre s\u00fbr de ne manquer aucun bon plan de l\u2019\u00e9dition 2025 des soldes d\u2019\u00e9t\u00e9, vous pouvez aussi : <\/p>\n<ul class=\"wp-block-list\">\n<li>Nous suivre sur notre compte X\u00a0<a href=\"https:\/\/twitter.com\/FrandroidPromos\" target=\"_blank\" rel=\"noopener noreferrer\">@FrandroidPromos<\/a> uniquement d\u00e9di\u00e9 aux bons plans (pensez \u00e0 activer la cloche pour recevoir les notifications en temps r\u00e9el)<\/li>\n<li>\n<a href=\"https:\/\/whatsapp.com\/channel\/0029VabYxm5LI8YhSlD8xc05\" target=\"_blank\" rel=\"noopener\">Rejoindre notre canal WhatsApp<\/a> pour recevoir une fois par jour un condens\u00e9 des meilleures offres<\/li>\n<li>T\u00e9l\u00e9charger notre <a href=\"https:\/\/www.frandroid.com\/telecharger\/apps\/frandroid\" target=\"_blank\" rel=\"noopener\">application Frandroid<\/a> (disponible sur iOS et Android) pour activer les notifications de la cat\u00e9gorie \u00ab Bons Plans \u00bb et ainsi recevoir en temps r\u00e9el les nouveaux articles li\u00e9s aux soldes d\u2019\u00e9t\u00e9 2025<\/li>\n<li>S\u2019abonner \u00e0 notre newsletter pour \u00eatre s\u00fbr de recevoir les offres en avant-premi\u00e8re (pas plus d\u2019un mail par jour, d\u00e9sinscription en 1 clic, aucune diffusion \u00e0 des tiers) :<\/li>\n<\/ul>\n<p class=\"newsletter-form__title is-size-6 is-size-7-mobile is-uppercase has-text-good-deals has-text-weight-semibold mb-4 px-5\">Frandroid Bons plans<\/p>\n<p class=\"has-text-centered-tablet newsletter-form__subtitle is-size-4 has-text-weight-bold has-text-primary column is-9-tablet is-10-mobile\">\n                C\u2019est enregistr\u00e9 ! Surveillez votre bo\u00eete aux lettres, vous allez entendre parler de nous\u00a0!\n            <\/p>\n<p class=\"newsletter-form__subtitle is-size-4 has-text-weight-bold has-text-gradient-pink\">Ne manquez aucun bon plan avec notre newsletter<\/p>\n<p class=\"is-size-7\">\n                Les donn\u00e9es transmises par le biais de ce formulaire sont destin\u00e9es \u00e0 Humanoid,<br \/>\n                soci\u00e9t\u00e9 \u00e9ditrice du site Frandroid en sa qualit\u00e9 de responsable de traitement.<br \/>\n                Elles ne seront en aucun cas c\u00e9d\u00e9es \u00e0 des tiers. Ces donn\u00e9es sont trait\u00e9es sous r\u00e9serve d\u2019obtention de<br \/>\n                votre consentement pour vous envoyer par e-mail des actualit\u00e9s et informations relatives aux contenus<br \/>\n                \u00e9ditoriaux publi\u00e9s sur Frandroid. Vous pouvez vous opposer \u00e0 tout moment \u00e0 ces e-mails<br \/>\n                en cliquant sur les liens de d\u00e9sinscriptions pr\u00e9sents dans chacun d\u2019eux. Pour plus d\u2019informations, vous<br \/>\n                pouvez consulter l\u2019int\u00e9gralit\u00e9 de notre <a href=\"https:\/\/www.frandroid.com\/politique-donnees-personnelles\" target=\"_blank\" rel=\"noopener\"><br \/>\n                politique de traitement de vos donn\u00e9es personnelles<\/a>.<br \/>\n                Vous disposez d\u2019un droit d\u2019acc\u00e8s, de rectification, d\u2019effacement, de limitation, de portabilit\u00e9 et<br \/>\n                d\u2019opposition pour motif l\u00e9gitime aux donn\u00e9es personnelles vous concernant. Pour exercer l\u2019un de ces droits,<br \/>\n                merci d\u2019effectuer votre demande via notre <a href=\"https:\/\/www.frandroid.com\/contact\/#RGPD\" target=\"_blank\" rel=\"noopener\">formulaire<br \/>\n                de demandes d\u2019exercices de droits d\u00e9di\u00e9<\/a>.\n            <\/p>\n<p>            <script async src=\"https:\/\/platform.twitter.com\/widgets.js\" charset=\"utf-8\"><\/script><\/p>\n","protected":false},"excerpt":{"rendered":"Cela fait d\u00e9j\u00e0 presque deux semaines que les soldes d\u2019\u00e9t\u00e9 ont d\u00e9but\u00e9 sur l\u2019Hexagone. En ce moment, c\u2019est&hellip;\n","protected":false},"author":2,"featured_media":225425,"comment_status":"","ping_status":"","sticky":false,"template":"","format":"standard","meta":{"footnotes":""},"categories":[7],"tags":[1011,27,43,40,41,39,34230,42,44],"class_list":{"0":"post-232436","1":"post","2":"type-post","3":"status-publish","4":"format-standard","5":"has-post-thumbnail","7":"category-sciences-et-technologies","8":"tag-fr","9":"tag-france","10":"tag-science","11":"tag-science-and-technology","12":"tag-sciences","13":"tag-sciences-et-technologies","14":"tag-soldes-dete-2025","15":"tag-technologies","16":"tag-technology"},"share_on_mastodon":{"url":"https:\/\/pubeurope.com\/@fr\/114811551666568925","error":""},"_links":{"self":[{"href":"https:\/\/www.europesays.com\/fr\/wp-json\/wp\/v2\/posts\/232436","targetHints":{"allow":["GET"]}}],"collection":[{"href":"https:\/\/www.europesays.com\/fr\/wp-json\/wp\/v2\/posts"}],"about":[{"href":"https:\/\/www.europesays.com\/fr\/wp-json\/wp\/v2\/types\/post"}],"author":[{"embeddable":true,"href":"https:\/\/www.europesays.com\/fr\/wp-json\/wp\/v2\/users\/2"}],"replies":[{"embeddable":true,"href":"https:\/\/www.europesays.com\/fr\/wp-json\/wp\/v2\/comments?post=232436"}],"version-history":[{"count":0,"href":"https:\/\/www.europesays.com\/fr\/wp-json\/wp\/v2\/posts\/232436\/revisions"}],"wp:featuredmedia":[{"embeddable":true,"href":"https:\/\/www.europesays.com\/fr\/wp-json\/wp\/v2\/media\/225425"}],"wp:attachment":[{"href":"https:\/\/www.europesays.com\/fr\/wp-json\/wp\/v2\/media?parent=232436"}],"wp:term":[{"taxonomy":"category","embeddable":true,"href":"https:\/\/www.europesays.com\/fr\/wp-json\/wp\/v2\/categories?post=232436"},{"taxonomy":"post_tag","embeddable":true,"href":"https:\/\/www.europesays.com\/fr\/wp-json\/wp\/v2\/tags?post=232436"}],"curies":[{"name":"wp","href":"https:\/\/api.w.org\/{rel}","templated":true}]}}