{"id":232439,"date":"2025-07-07T10:47:09","date_gmt":"2025-07-07T10:47:09","guid":{"rendered":"https:\/\/www.europesays.com\/fr\/232439\/"},"modified":"2025-07-07T10:47:09","modified_gmt":"2025-07-07T10:47:09","slug":"en-coree-du-sud-le-boom-des-prepas-danglais-pour-integrer-la-creche-liberation","status":"publish","type":"post","link":"https:\/\/www.europesays.com\/fr\/232439\/","title":{"rendered":"En Cor\u00e9e du Sud, le boom des pr\u00e9pas d\u2019anglais pour int\u00e9grer la cr\u00e8che \u2013 Lib\u00e9ration"},"content":{"rendered":"<p class=\"sc-ksZaOG ehjQrN text-element\">Dans les couloirs de la Samkwang Education School, un tableau affiche le nombre d\u2019\u00e9l\u00e8ves admis dans les \u00e9tablissements les plus prestigieux. L\u2019institut sp\u00e9cialis\u00e9 dans les cours d\u2019anglais se gargarise de faire partie de la fine fleur de l\u2019arrondissement hupp\u00e9 de Gangnam, \u00e0 S\u00e9oul, o\u00f9 se situent les meilleurs hagwon, ces acad\u00e9mies priv\u00e9es qui donnent des cours du soir. Les \u00e9l\u00e8ves de Samkwang ont cependant une particularit\u00e9 : ils ont entre 3 et 6 ans, et ils se pr\u00e9parent aux examens d\u2019entr\u00e9e des English kindergarten, des jardins d\u2019enfants o\u00f9 l\u2019on apprend l\u2019anglais.<\/p>\n<p class=\"sc-ksZaOG ehjQrN text-element\">En Cor\u00e9e du Sud, o\u00f9 l\u2019\u00e9cole obligatoire commence \u00e0 7 ans, des enfants passent donc des \u00e9preuves \u00e9crites d\u2019admissibilit\u00e9 et des oraux d\u2019admission dans l\u2019espoir d\u2019int\u00e9grer des cr\u00e8ches s\u00e9lectives. \u00abIl y a quatre \u00e9preuves, de lecture, de vocabulaire, de grammaire et de r\u00e9daction, et apr\u00e8s une \u00e9preuve d\u2019expression orale\u00bb, d\u00e9taille Lee Ji-won, directrice de l\u2019institut Samkwang. Dans son \u00e9tablissement, les plus petits, n\u00e9s en 2022, passent 50 minutes par semaine pour pr\u00e9parer les examens, tandis que les plus \u00e2g\u00e9s ont 1h30 de cours hebdomadaire, avec l\u2019objectif de d\u00e9crocher une place dans un kindergarten de Daechi-dong, un quartier de Gangnam consid\u00e9r\u00e9 comme la \u00abMecque de l\u2019\u00e9ducation\u00bb.<\/p>\n<p class=\"sc-ksZaOG ehjQrN text-element\">Dans les petites salles de classe, o\u00f9 l\u2019on d\u00e9nombre quatre \u00e9l\u00e8ves pour un professeur, les bambins s\u2019entra\u00eenent sagement \u00e0 prononcer correctement les voyelles. Quelques instants avant le d\u00e9but des cours, l\u2019ambiance res<\/p>\n","protected":false},"excerpt":{"rendered":"Dans les couloirs de la Samkwang Education School, un tableau affiche le nombre d\u2019\u00e9l\u00e8ves admis dans les \u00e9tablissements&hellip;\n","protected":false},"author":2,"featured_media":232440,"comment_status":"","ping_status":"","sticky":false,"template":"","format":"standard","meta":{"footnotes":""},"categories":[5],"tags":[11,5640,1011,27,14,12,28],"class_list":{"0":"post-232439","1":"post","2":"type-post","3":"status-publish","4":"format-standard","5":"has-post-thumbnail","7":"category-international","8":"tag-actualites","9":"tag-coree-du-sud","10":"tag-fr","11":"tag-france","12":"tag-international","13":"tag-news","14":"tag-world"},"share_on_mastodon":{"url":"https:\/\/pubeurope.com\/@fr\/114811557863065229","error":""},"_links":{"self":[{"href":"https:\/\/www.europesays.com\/fr\/wp-json\/wp\/v2\/posts\/232439","targetHints":{"allow":["GET"]}}],"collection":[{"href":"https:\/\/www.europesays.com\/fr\/wp-json\/wp\/v2\/posts"}],"about":[{"href":"https:\/\/www.europesays.com\/fr\/wp-json\/wp\/v2\/types\/post"}],"author":[{"embeddable":true,"href":"https:\/\/www.europesays.com\/fr\/wp-json\/wp\/v2\/users\/2"}],"replies":[{"embeddable":true,"href":"https:\/\/www.europesays.com\/fr\/wp-json\/wp\/v2\/comments?post=232439"}],"version-history":[{"count":0,"href":"https:\/\/www.europesays.com\/fr\/wp-json\/wp\/v2\/posts\/232439\/revisions"}],"wp:featuredmedia":[{"embeddable":true,"href":"https:\/\/www.europesays.com\/fr\/wp-json\/wp\/v2\/media\/232440"}],"wp:attachment":[{"href":"https:\/\/www.europesays.com\/fr\/wp-json\/wp\/v2\/media?parent=232439"}],"wp:term":[{"taxonomy":"category","embeddable":true,"href":"https:\/\/www.europesays.com\/fr\/wp-json\/wp\/v2\/categories?post=232439"},{"taxonomy":"post_tag","embeddable":true,"href":"https:\/\/www.europesays.com\/fr\/wp-json\/wp\/v2\/tags?post=232439"}],"curies":[{"name":"wp","href":"https:\/\/api.w.org\/{rel}","templated":true}]}}