{"id":232441,"date":"2025-07-07T10:48:09","date_gmt":"2025-07-07T10:48:09","guid":{"rendered":"https:\/\/www.europesays.com\/fr\/232441\/"},"modified":"2025-07-07T10:48:09","modified_gmt":"2025-07-07T10:48:09","slug":"le-quai-dorsay-appelle-les-francais-a-suivre-ses-conseils-aux-voyageurs-et-en-particulier-a-eviter-liran","status":"publish","type":"post","link":"https:\/\/www.europesays.com\/fr\/232441\/","title":{"rendered":"Le Quai d&rsquo;Orsay appelle les Fran\u00e7ais \u00e0 suivre ses conseils aux voyageurs et en particulier \u00e0 \u00e9viter l\u2019Iran"},"content":{"rendered":"<p>Laurent Saint-Martin a soulign\u00e9 que la disparition de Lennart Monterlos, dont le p\u00e9riple \u00e0 v\u00e9lo dans le monde comprenait une \u00e9tape en Iran, \u00e9tait \u00abinqui\u00e9tante parce que l\u2019Iran a une politique d\u00e9lib\u00e9r\u00e9e de prise d\u2019otages des Occidentaux\u00bb, \u00abune politique assum\u00e9e\u00bb.<\/p>\n<p class=\"fig-paragraph\">Les Fran\u00e7ais sont exhort\u00e9s \u00e0 suivre scrupuleusement les conseils aux voyageurs du minist\u00e8re des Affaires \u00e9trang\u00e8res, en particulier la recommandation de ne pas aller en\u00a0Iran,\u00a0<a href=\"http:\/\/www.lefigaro.fr\/international\/iran-le-quai-d-orsay-alerte-de-la-disparition-inquietante-d-un-jeune-touriste-francais-20250706\" data-fig-type=\"NewsFlash\" data-gtm-custom-categorie=\"navigation\" data-gtm-custom-action=\"crossclick\" data-gtm-custom-label=\"Contextuel\" data-gtm-event=\"customEventSPE\" data-fig-domain=\"LEFIGARO\" target=\"_blank\" rel=\"noopener\">o\u00f9 un touriste est port\u00e9 disparu<\/a>, a insist\u00e9 lundi le ministre charg\u00e9 des Fran\u00e7ais de l&rsquo;\u00e9tranger.<\/p>\n<p class=\"fig-paragraph\">\u00abChaque Fran\u00e7ais doit se r\u00e9f\u00e9rer sur le site du minist\u00e8re des Affaires \u00e9trang\u00e8res o\u00f9 les informations sont expos\u00e9es de fa\u00e7on objective, claire\u00bb, a d\u00e9clar\u00e9 sur RTL\u00a0<a href=\"http:\/\/www.lefigaro.fr\/conjoncture\/gouvernement-bayrou-laurent-saint-martin-du-budget-au-commerce-exterieur-un-autre-deficit-a-combler-20241223\" data-fig-type=\"NewsFlash\" data-gtm-custom-categorie=\"navigation\" data-gtm-custom-action=\"crossclick\" data-gtm-custom-label=\"Contextuel\" data-gtm-event=\"customEventSPE\" data-fig-domain=\"LEFIGARO\" target=\"_blank\" rel=\"noopener\">Laurent Saint-Martin<\/a>\u00a0alors qu&rsquo;un jeune touriste fran\u00e7ais de 18 ans, de passage en Iran, est port\u00e9 disparu depuis le 16 juin.<\/p>\n<p>                                    <a class=\"fig-a11y-skip a11y-hidden\" href=\"#fig-a11y-skip-main-inarticle\"><br \/>\n        Passer la publicit\u00e9<br \/>\n    <\/a><\/p>\n<p class=\"fig-paragraph\">\u00abJe vous rassure, la protection consulaire est de droit pour tous les Fran\u00e7ais (&#8230;) dans un pays \u00e9tranger. Mais (&#8230;) si nous d\u00e9conseillons souvent tr\u00e8s fortement de se rendre dans des pays, c&rsquo;est pr\u00e9cis\u00e9ment pour ne pas se retrouver en risque\u00bb, a-t-il dit.<\/p>\n<p class=\"fig-body-link\">\n            \u00c0 lire aussi<br \/>\n        <a class=\"fig-body-link__link\" href=\"http:\/\/www.lefigaro.fr\/international\/surtout-ecoute-les-medias-ne-viens-pas-quand-le-jeune-francais-disparu-en-iran-ironisait-sur-les-mises-en-garde-contre-un-pays-super-dangereux-20250706\" data-fig-type=\"Article\" data-gtm-custom-categorie=\"navigation\" data-gtm-custom-action=\"crossclick\" data-gtm-custom-label=\"Contextuel\" data-gtm-event=\"customEventSPE\" data-fig-domain=\"LEFIGARO\" target=\"_blank\" rel=\"noopener\">\u00abSurtout, \u00e9coute les m\u00e9dias, ne viens pas\u00bb\u00a0: quand le jeune Fran\u00e7ais disparu en Iran ironisait sur les mises en garde contre un pays \u00absuper dangereux\u00bb<br \/>\n    <\/a>\n<\/p>\n<p>Disparition inqui\u00e9tante d\u2019un jeune touriste fran\u00e7ais<\/p>\n<p class=\"fig-paragraph\">Laurent Saint-Martin\u00a0a soulign\u00e9 que la disparition de Lennart Monterlos, dont le p\u00e9riple \u00e0 v\u00e9lo dans le monde comprenait une \u00e9tape en Iran, \u00e9tait \u00abinqui\u00e9tante parce que l&rsquo;Iran a une politique d\u00e9lib\u00e9r\u00e9e de prise d&rsquo;otages des Occidentaux\u00bb, \u00abune politique assum\u00e9e\u00bb. Dans un post publi\u00e9 le 12 juin, soit quatre jours avant sa disparition, le jeune touriste, passionn\u00e9 de sport, avait expliqu\u00e9 que son passage par ce pays avait \u00abfait l&rsquo;objet de vifs d\u00e9bats\u00bb avec son entourage.<\/p>\n<p class=\"fig-paragraph\">Le jeune homme semblait estimer que la dangerosit\u00e9 pr\u00e9sum\u00e9e de l&rsquo;Iran \u00e9tait exag\u00e9r\u00e9e. Pour l&rsquo;heure, les raisons de la disparition sont inconnues\u00a0: arrestation, accident\u00a0? Sa disparition est survenue alors qu&rsquo;Isra\u00ebl avait lanc\u00e9 des frappes contre des sites nucl\u00e9aires iraniens pendant la guerre dite des 12 jours. Un avis de recherche avait \u00e9t\u00e9 post\u00e9 r\u00e9cemment sur Instagram par les proches du jeune homme, qui a aussi la nationalit\u00e9 allemande.<\/p>\n<p class=\"fig-paragraph\">Avant d&rsquo;entamer son voyage, Lennart Monterlos avait pr\u00e9sent\u00e9 son projet sur une plateforme de financement participatif. Il confiait pr\u00e9parer depuis fin 2023 \u00abun voyage \u00e0 v\u00e9lo d&rsquo;un an pour d\u00e9couvrir le monde, \u00e0 travers l&rsquo;Europe et l&rsquo;Asie\u00bb. Cela devait \u00eatre \u00abune c\u00e9sure\u00bb avant ses \u00e9tudes sup\u00e9rieures.<\/p>\n","protected":false},"excerpt":{"rendered":"Laurent Saint-Martin a soulign\u00e9 que la disparition de Lennart Monterlos, dont le p\u00e9riple \u00e0 v\u00e9lo dans le monde&hellip;\n","protected":false},"author":2,"featured_media":232442,"comment_status":"","ping_status":"","sticky":false,"template":"","format":"standard","meta":{"footnotes":""},"categories":[4],"tags":[11,1011,27,3019,12,2462,25],"class_list":{"0":"post-232441","1":"post","2":"type-post","3":"status-publish","4":"format-standard","5":"has-post-thumbnail","7":"category-france","8":"tag-actualites","9":"tag-fr","10":"tag-france","11":"tag-iran","12":"tag-news","13":"tag-quai-dorsay","14":"tag-republique-francaise"},"share_on_mastodon":{"url":"https:\/\/pubeurope.com\/@fr\/114811561803464049","error":""},"_links":{"self":[{"href":"https:\/\/www.europesays.com\/fr\/wp-json\/wp\/v2\/posts\/232441","targetHints":{"allow":["GET"]}}],"collection":[{"href":"https:\/\/www.europesays.com\/fr\/wp-json\/wp\/v2\/posts"}],"about":[{"href":"https:\/\/www.europesays.com\/fr\/wp-json\/wp\/v2\/types\/post"}],"author":[{"embeddable":true,"href":"https:\/\/www.europesays.com\/fr\/wp-json\/wp\/v2\/users\/2"}],"replies":[{"embeddable":true,"href":"https:\/\/www.europesays.com\/fr\/wp-json\/wp\/v2\/comments?post=232441"}],"version-history":[{"count":0,"href":"https:\/\/www.europesays.com\/fr\/wp-json\/wp\/v2\/posts\/232441\/revisions"}],"wp:featuredmedia":[{"embeddable":true,"href":"https:\/\/www.europesays.com\/fr\/wp-json\/wp\/v2\/media\/232442"}],"wp:attachment":[{"href":"https:\/\/www.europesays.com\/fr\/wp-json\/wp\/v2\/media?parent=232441"}],"wp:term":[{"taxonomy":"category","embeddable":true,"href":"https:\/\/www.europesays.com\/fr\/wp-json\/wp\/v2\/categories?post=232441"},{"taxonomy":"post_tag","embeddable":true,"href":"https:\/\/www.europesays.com\/fr\/wp-json\/wp\/v2\/tags?post=232441"}],"curies":[{"name":"wp","href":"https:\/\/api.w.org\/{rel}","templated":true}]}}