{"id":232443,"date":"2025-07-07T10:49:09","date_gmt":"2025-07-07T10:49:09","guid":{"rendered":"https:\/\/www.europesays.com\/fr\/232443\/"},"modified":"2025-07-07T10:49:09","modified_gmt":"2025-07-07T10:49:09","slug":"26-contraventions-et-4-vehicules-saisis","status":"publish","type":"post","link":"https:\/\/www.europesays.com\/fr\/232443\/","title":{"rendered":"26 contraventions et 4 v\u00e9hicules saisis"},"content":{"rendered":"<p>Trois \u00e9quipages de gendarmerie, dont deux du Psig, ont \u00e9t\u00e9 mobilis\u00e9s \u00e0 Saint-Genis-Laval pour accompagner la police municipale.<\/p>\n<p class=\"fig-paragraph\"><a href=\"http:\/\/www.lefigaro.fr\/lyon\/ado-renverse-lors-d-un-cortege-de-mariage-pres-de-lyon-le-conducteur-remis-en-liberte-sous-controle-judiciaire-20250407\" data-fig-type=\"NewsFlash\" data-gtm-custom-categorie=\"navigation\" data-gtm-custom-action=\"crossclick\" data-gtm-custom-label=\"Contextuel\" data-gtm-event=\"customEventSPE\" data-fig-domain=\"LEFIGARO\" target=\"_blank\" rel=\"noopener\">Un cort\u00e8ge de mariage<\/a>\u00a0a commis de nombreuses infractions vendredi 4 juillet sur la commune de Saint-Genis-Laval, au sud de Lyon. Des automobilistes n\u2019ont pas respect\u00e9 \u00abla charte sign\u00e9e par les mari\u00e9s qui garantit le respect du code de la route et de la tranquillit\u00e9 publique\u00bb, a d\u00e9plor\u00e9 la maire de la commune Maryl\u00e8ne Millet (UDI) dans un message publi\u00e9 sur LinkedIn.<\/p>\n<p class=\"fig-paragraph\">Des policiers municipaux et trois \u00e9quipages de gendarmerie,\u00a0<a href=\"http:\/\/www.lefigaro.fr\/lyon\/pres-de-lyon-le-psig-intervient-dans-un-centre-aquatique-pour-faire-sortir-une-trentaine-de-jeunes-violents-20250704\" data-fig-type=\"NewsFlash\" data-gtm-custom-categorie=\"navigation\" data-gtm-custom-action=\"crossclick\" data-gtm-custom-label=\"Contextuel\" data-gtm-event=\"customEventSPE\" data-fig-domain=\"LEFIGARO\" target=\"_blank\" rel=\"noopener\">dont deux du Psig<\/a>\u00a0(pelotons de surveillance et d\u2019intervention de la Gendarmerie), ont \u00e9t\u00e9 mobilis\u00e9s sur place pour g\u00e9rer le cort\u00e8ge. Selon l\u2019\u00e9dile, 22\u00a0<a href=\"http:\/\/www.lefigaro.fr\/lyon\/rodeo-insultes-et-pneus-des-gendarmes-creves-un-cortege-de-mariage-avec-ferrari-et-lamborghini-derape-au-nord-de-lyon-20241015\" data-fig-type=\"NewsFlash\" data-gtm-custom-categorie=\"navigation\" data-gtm-custom-action=\"crossclick\" data-gtm-custom-label=\"Contextuel\" data-gtm-event=\"customEventSPE\" data-fig-domain=\"LEFIGARO\" target=\"_blank\" rel=\"noopener\">verbalisations ont \u00e9t\u00e9 effectu\u00e9es par la police municipale.\u00a0<\/a>La grande majorit\u00e9 des amendes (19) ont \u00e9t\u00e9 distribu\u00e9es \u00e0 des v\u00e9hicules de grosse cylindr\u00e9e,\u00a0pour exc\u00e8s de vitesse. Deux contraventions ont \u00e9t\u00e9 dress\u00e9es pour des stationnements g\u00eanant l\u2019acc\u00e8s et le d\u00e9gagement, tandis qu\u2019une autre concerne un stationnement g\u00eanant une personne en situation de handicap. Les gendarmes ont, de leur c\u00f4t\u00e9, verbalis\u00e9 quatre v\u00e9hicules et ont proc\u00e9d\u00e9 \u00e0 quatre mises en fourri\u00e8res. \u00abUne fus\u00e9e de d\u00e9tresse de l\u2019un des convives a \u00e9galement \u00e9t\u00e9 soustraite \u00e0 l\u2019un des invit\u00e9s\u00bb, poursuit la maire.<\/p>\n<p>                                    <a class=\"fig-a11y-skip a11y-hidden\" href=\"#fig-a11y-skip-main-inarticle\"><br \/>\n        Passer la publicit\u00e9<br \/>\n    <\/a><\/p>\n<p class=\"fig-paragraph\">Et de conclure\u00a0: \u00abCes d\u00e9bordements sont inadmissibles et je remercie nos forces de l\u2019ordre pour leur action. Les maires sont une nouvelle fois peu soutenus par la loi dans l\u2019exercice de leurs missions car aucune annulation n\u2019est possible en l\u2019\u00e9tat. Heureusement la plupart des mariages se passent fort bien et j\u2019aurai encore la joie d\u2019officier aujourd\u2019hui\u00a0! Vive les mari\u00e9s\u00bb.<\/p>\n","protected":false},"excerpt":{"rendered":"Trois \u00e9quipages de gendarmerie, dont deux du Psig, ont \u00e9t\u00e9 mobilis\u00e9s \u00e0 Saint-Genis-Laval pour accompagner la police municipale.&hellip;\n","protected":false},"author":2,"featured_media":232444,"comment_status":"","ping_status":"","sticky":false,"template":"","format":"standard","meta":{"footnotes":""},"categories":[2],"tags":[11,1011,27,3381,1930,12,19057],"class_list":{"0":"post-232443","1":"post","2":"type-post","3":"status-publish","4":"format-standard","5":"has-post-thumbnail","7":"category-actualites","8":"tag-actualites","9":"tag-fr","10":"tag-france","11":"tag-gendarmerie","12":"tag-mariage","13":"tag-news","14":"tag-rodeo-urbain"},"share_on_mastodon":{"url":"https:\/\/pubeurope.com\/@fr\/114811565734366218","error":""},"_links":{"self":[{"href":"https:\/\/www.europesays.com\/fr\/wp-json\/wp\/v2\/posts\/232443","targetHints":{"allow":["GET"]}}],"collection":[{"href":"https:\/\/www.europesays.com\/fr\/wp-json\/wp\/v2\/posts"}],"about":[{"href":"https:\/\/www.europesays.com\/fr\/wp-json\/wp\/v2\/types\/post"}],"author":[{"embeddable":true,"href":"https:\/\/www.europesays.com\/fr\/wp-json\/wp\/v2\/users\/2"}],"replies":[{"embeddable":true,"href":"https:\/\/www.europesays.com\/fr\/wp-json\/wp\/v2\/comments?post=232443"}],"version-history":[{"count":0,"href":"https:\/\/www.europesays.com\/fr\/wp-json\/wp\/v2\/posts\/232443\/revisions"}],"wp:featuredmedia":[{"embeddable":true,"href":"https:\/\/www.europesays.com\/fr\/wp-json\/wp\/v2\/media\/232444"}],"wp:attachment":[{"href":"https:\/\/www.europesays.com\/fr\/wp-json\/wp\/v2\/media?parent=232443"}],"wp:term":[{"taxonomy":"category","embeddable":true,"href":"https:\/\/www.europesays.com\/fr\/wp-json\/wp\/v2\/categories?post=232443"},{"taxonomy":"post_tag","embeddable":true,"href":"https:\/\/www.europesays.com\/fr\/wp-json\/wp\/v2\/tags?post=232443"}],"curies":[{"name":"wp","href":"https:\/\/api.w.org\/{rel}","templated":true}]}}