{"id":232451,"date":"2025-07-07T10:55:16","date_gmt":"2025-07-07T10:55:16","guid":{"rendered":"https:\/\/www.europesays.com\/fr\/232451\/"},"modified":"2025-07-07T10:55:16","modified_gmt":"2025-07-07T10:55:16","slug":"cest-quoi-pour-qui-comment-y-etre-admis-on-vous-dit-tout-sur-le-campus-connecte-de-brignoles","status":"publish","type":"post","link":"https:\/\/www.europesays.com\/fr\/232451\/","title":{"rendered":"C&rsquo;est quoi? Pour qui? Comment y \u00eatre admis?&#8230; On vous dit tout sur le campus connect\u00e9 de Brignoles"},"content":{"rendered":"<p>Les murs sentent encore la peinture fra\u00eeche. Le mobilier est flambant neuf. Dans les locaux r\u00e9cemment am\u00e9nag\u00e9s, \u00e0 deux pas du <strong>cin\u00e9ma Libert\u00e9 \u00e0 Brignoles<\/strong>, tout respire la modernit\u00e9. \u00c0 l\u2019\u00e9vidence, en transf\u00e9rant les locaux du lyc\u00e9e Raynouard \u00e0 ceux de la place Yves-Testa, tout le monde y gagne.\u00a0 Dans cet espace enti\u00e8rement <strong>d\u00e9di\u00e9 aux \u00e9tudes \u00e0 distance, les premiers \u00e0 en b\u00e9n\u00e9ficier sont les \u00e9tudiants.<\/strong><\/p>\n<p>Au premier \u00e9tage, 300 m\u00b2 ont \u00e9t\u00e9 am\u00e9nag\u00e9s pour offrir un cadre de travail optimal: une trentaine de postes informatiques dans un open space lumineux, connexion Internet, cabines acoustiques individuelles, casques audio, p\u00f4le impression, salle de conf\u00e9rences avec \u00e9cran g\u00e9ant, coin d\u00e9tente et espace restauration\u2026 Le tout pens\u00e9 pour favoriser la concentration et la r\u00e9ussite.<\/p>\n<p>Ouvert \u00e0 tous <\/p>\n<p>Le crit\u00e8re de base est simple: avoir le Bac ou vouloir d\u00e9crocher une \u00e9quivalence et s\u2019inscrire dans un \u00e9tablissement proposant des formations \u00e0 distance, peu importe sa localisation en France. \u00ab\u00a0Aix-Marseille, Toulouse, Paris, Lille ou Besan\u00e7on, ces villes sont \u00e0 la pointe dans ce domaine\u00a0\u00bb, constate Florence Breban, officiant en tant que tutrice au Campus connect\u00e9 qui dispose de 45 places.<\/p>\n<p><strong>Une quinzaine d\u2019apprenants sont actuellement inscrits, de 19 \u00e0 50 ans.<\/strong> La plupart r\u00e9sident dans l\u2019agglom\u00e9ration Provence verte mais l\u2019\u00e9tablissement propose un accompagnement individuel toute l\u2019ann\u00e9e, ouvert \u00e0 tous. \u00ab\u00a0Nous accueillons des \u00e9tudiants de tous horizons: n\u00e9obacheliers, personnes en reconversion, sportifs de haut niveau, parents d\u2019enfants en situation de handicap, ou encore des personnes angoiss\u00e9es par l\u2019id\u00e9e d\u2019un grand amphith\u00e9\u00e2tre, etc.\u00a0\u00bb, \u00e9num\u00e8re Mme Breban.<\/p>\n<p>                                Maintenir son ancrage <\/p>\n<p>Une pr\u00e9sence de 12 heures hebdomadaires est exig\u00e9e dans les locaux, ouverts en continu de 7h \u00e0 23h, du lundi au samedi. Un syst\u00e8me d\u2019acc\u00e8s libre est en cours d\u2019installation pour faciliter encore davantage la fr\u00e9quentation.<\/p>\n<p>Droit, anglais, sciences, ing\u00e9nierie, \u00e9quivalence au Bac\u2026 Une diversit\u00e9 qui enrichit les \u00e9changes entre apprenants et favorise une dynamique de groupe, malgr\u00e9 la formation \u00e0 distance.<\/p>\n<p>L\u2019un des grands avantages du Campus connect\u00e9, c\u2019est de pouvoir suivre des \u00e9tudes sans devoir d\u00e9m\u00e9nager dans une grande ville, souvent synonyme de co\u00fbt \u00e9lev\u00e9. C\u2019est aussi l\u2019opportunit\u00e9 de garder un ancrage local, de maintenir ses rep\u00e8res et son r\u00e9seau, tout en b\u00e9n\u00e9ficiant d\u2019un cadre structur\u00e9 et stimulant.<\/p>\n<p>\u00ab\u00a0Nous organisons \u00e9galement des activit\u00e9s de coh\u00e9sion\u202f: sorties culturelles, s\u00e9ances de bowling\u2026 Et nous faisons intervenir une sophrologue pour aider les \u00e9tudiants \u00e0 g\u00e9rer le stress, notamment \u00e0 l\u2019approche des examens\u202f\u00a0\u00bb, pr\u00e9cise Florence Breban. Des examens qui, eux, se d\u00e9roulent en pr\u00e9sentiel, dans les \u00e9tablissements d\u2019origine.<\/p>\n<p>Florence Breban l\u2019assure: les d\u00e9crochages sont moindres et les taux de r\u00e9ussite satisfaisants.<\/p>\n<p>Le Campus connect\u00e9 de Brignoles est l\u2019un des quatre sites du d\u00e9partement du Var, aux c\u00f4t\u00e9s de ceux de Draguignan, La Seyne-sur-Mer et Saint-Rapha\u00ebl. Tous sont rattach\u00e9s au minist\u00e8re de l\u2019Enseignement sup\u00e9rieur et de la Recherche.<\/p>\n<p>              <img ci-src=\"https:\/\/www.varmatin.com\/education\/Image+BRIXXQ980_CHAUDHARI_CAMPUS_CONNECTE_BRIGNOLES_2-8Ry5VWBv-version-1a3705-dmP7zz3R.jpg?vh=490d6f&amp;ci_seal=5e32367dd2\" alt=\"\"\/><br \/>\n         <strong>Photo S. Ch..<\/strong> <\/p>\n<p>            \u00ab\u00a0Cumuler travail et \u00e9tudes\u00a0\u00bb<\/p>\n<p>Thierry, 49 ans, Brignoles: \u00ab\u00a0J\u2019ai arr\u00eat\u00e9 les \u00e9tudes \u00e0 16 ans, en 3e, sans dipl\u00f4me. Ma m\u00e8re voulait que je travaille alors j\u2019ai boss\u00e9 en tant que ma\u00e7on. J\u2019ai aussi pos\u00e9 des t\u00e9l\u00e9viseurs dans des h\u00f4pitaux, puis travaill\u00e9 dans l\u2019aide m\u00e9dico-psychologique, o\u00f9 je suis actuellement. J\u2019ai toujours voulu faire quelque chose d\u2019autre. J\u2019avais envie de passer le Bac mais jusqu\u2019ici les conditions d\u2019admission \u00e9taient diff\u00e9rentes de celles propos\u00e9es au campus : c\u2019\u00e9tait en pr\u00e9sentiel, ou la formation se d\u00e9roulait tard dans la soir\u00e9e. Au final, j\u2019ai pass\u00e9 ici une \u00e9quivalence, le DAEU, Dipl\u00f4me d\u2019acc\u00e8s aux \u00e9tudes universitaires pour \u00eatre aujourd\u2019hui en BTS SP3S, Services et prestations des secteurs sanitaire et social. Des formations pay\u00e9es en grande partie gr\u00e2ce au CPF, le Compte personnel de formation. Ceci va me permettre, dans deux ans, de postuler dans le m\u00eame secteur mais dans la branche administrative. Pour l\u2019heure, je cumule un temps plein et les \u00e9tudes. \u00c7a me convient parfaitement. J\u2019aurais voulu conna\u00eetre cela plus t\u00f4t.\u00a0\u00bb<\/p>\n<p>              <img ci-src=\"https:\/\/www.varmatin.com\/education\/Image+BRIXXQ980_CHAUDHARI_CAMPUS_CONNECTE_BRIGNOLES_1-VIui0m7o-version-bcd107-zjU3hFtN.jpg?vh=59506a&amp;ci_seal=0426d0cb6c\" alt=\"\"\/><br \/>\n         <strong>Photo S. Ch..<\/strong> <\/p>\n<p>            \u00ab\u00a0Pas envie de partir\u00a0\u00bb<\/p>\n<p>&#13;<br \/>\nLaura, 22 ans, Vins-sur-Caramy: \u00ab\u00a0Apr\u00e8s avoir obtenu le Bac au lyc\u00e9e Raynouard, j\u2019ai pass\u00e9 le BTS GPME, Gestion de la petite et moyenne entreprise. Quitte \u00e0 r\u00e9ussir ses \u00e9tudes, autant continuer\u2026 J\u2019ai donc choisi via la plateforme Parcoursup, de suivre une licence de droit mais je ne voulais pas partir de chez moi, chez mes parents. J\u2019ai valid\u00e9 ma premi\u00e8re ann\u00e9e et en septembre, j\u2019attaque la deuxi\u00e8me. Ici, je suis autonome, je travaille \u00e0 mon rythme. C\u2019est calme mais on peut aussi travailler en petits groupes. Je pr\u00e9vois de passer cinq ans au campus pour devenir conseill\u00e8re juridique.\u00a0\u00bb<\/p>\n<p>            \u00ab\u00a0Je me suis isol\u00e9\u00a0\u00bb<\/p>\n<p>Dylan, 19 ans, Brignoles: \u00ab\u00a0Je suis all\u00e9 durant deux ans \u00e0 l\u2019universit\u00e9 de Nice pour y apprendre le droit mais petit \u00e0 petit, je me suis isol\u00e9. Je revenais chaque week-end \u00e0 Brignoles pour participer \u00e0 des activit\u00e9s locales et voir mes parents. Au campus, j\u2019ai fait un dossier en d\u00e9but d\u2019ann\u00e9e en histoire car j\u2019excellais dans cette mati\u00e8re et je suis ici les cours de la fac de Toulouse, mais je ne sais pas encore quoi faire plus tard.\u00a0\u00bb<\/p>\n","protected":false},"excerpt":{"rendered":"Les murs sentent encore la peinture fra\u00eeche. Le mobilier est flambant neuf. Dans les locaux r\u00e9cemment am\u00e9nag\u00e9s, \u00e0&hellip;\n","protected":false},"author":2,"featured_media":232452,"comment_status":"","ping_status":"","sticky":false,"template":"","format":"standard","meta":{"footnotes":""},"categories":[9619],"tags":[1111,11,1057,1777,674,332,1011,27,12,882,25,2310],"class_list":{"0":"post-232451","1":"post","2":"type-post","3":"status-publish","4":"format-standard","5":"has-post-thumbnail","7":"category-toulon","8":"tag-actu","9":"tag-actualites","10":"tag-education","11":"tag-eu","12":"tag-europe","13":"tag-faits-de-societe","14":"tag-fr","15":"tag-france","16":"tag-news","17":"tag-provence-alpes-cote-dazur","18":"tag-republique-francaise","19":"tag-toulon"},"share_on_mastodon":{"url":"https:\/\/pubeurope.com\/@fr\/114811589311377590","error":""},"_links":{"self":[{"href":"https:\/\/www.europesays.com\/fr\/wp-json\/wp\/v2\/posts\/232451","targetHints":{"allow":["GET"]}}],"collection":[{"href":"https:\/\/www.europesays.com\/fr\/wp-json\/wp\/v2\/posts"}],"about":[{"href":"https:\/\/www.europesays.com\/fr\/wp-json\/wp\/v2\/types\/post"}],"author":[{"embeddable":true,"href":"https:\/\/www.europesays.com\/fr\/wp-json\/wp\/v2\/users\/2"}],"replies":[{"embeddable":true,"href":"https:\/\/www.europesays.com\/fr\/wp-json\/wp\/v2\/comments?post=232451"}],"version-history":[{"count":0,"href":"https:\/\/www.europesays.com\/fr\/wp-json\/wp\/v2\/posts\/232451\/revisions"}],"wp:featuredmedia":[{"embeddable":true,"href":"https:\/\/www.europesays.com\/fr\/wp-json\/wp\/v2\/media\/232452"}],"wp:attachment":[{"href":"https:\/\/www.europesays.com\/fr\/wp-json\/wp\/v2\/media?parent=232451"}],"wp:term":[{"taxonomy":"category","embeddable":true,"href":"https:\/\/www.europesays.com\/fr\/wp-json\/wp\/v2\/categories?post=232451"},{"taxonomy":"post_tag","embeddable":true,"href":"https:\/\/www.europesays.com\/fr\/wp-json\/wp\/v2\/tags?post=232451"}],"curies":[{"name":"wp","href":"https:\/\/api.w.org\/{rel}","templated":true}]}}