{"id":232463,"date":"2025-07-07T11:01:09","date_gmt":"2025-07-07T11:01:09","guid":{"rendered":"https:\/\/www.europesays.com\/fr\/232463\/"},"modified":"2025-07-07T11:01:09","modified_gmt":"2025-07-07T11:01:09","slug":"grenoble-en-cavale-le-prisonnier-au-bon-comportement-retrouve-rapidement","status":"publish","type":"post","link":"https:\/\/www.europesays.com\/fr\/232463\/","title":{"rendered":"Grenoble. En cavale, le prisonnier \u00ab\u00a0au bon comportement\u00a0\u00bb retrouv\u00e9 rapidement"},"content":{"rendered":"<p>            Par<br \/>\n        <strong><br \/>\n            <a href=\"https:\/\/actu.fr\/auteur\/lisa-rodrigues\" title=\"Consulter tous les articles de Lisa Rodrigues\" target=\"_blank\" rel=\"noopener\">Lisa Rodrigues<\/a><br \/>\n        <\/strong><\/p>\n<p>        Publi\u00e9 le<\/p>\n<p>            7 juil. 2025 \u00e0 11h21        <\/p>\n<p>Sa cavale n\u2019aura pas dur\u00e9 tr\u00e8s longtemps.<\/p>\n<p class=\" wall-content\">Mercredi 18 juin, en profitant d\u2019une sortie organis\u00e9e par le centre p\u00e9nitencier de Grenoble Varces, un <strong>d\u00e9tenu \u00e2g\u00e9 de 27 ans<\/strong> en a profit\u00e9 pour s\u2019\u00e9chapper \u00e0 l\u2019aide de complices qui l\u2019attendaient dans une voiture sur le parking de la prison.<\/p>\n<p>Aucune alerte d\u00e9tect\u00e9e avant son \u00e9vasion<\/p>\n<p class=\" wall-content\">Rapidement, les forces de l\u2019ordre ont <a href=\"https:\/\/actu.fr\/auvergne-rhone-alpes\/grenoble_38185\/grenoble-pourquoi-les-gendarmes-quadrillent-et-controlent-massivement-les-routes-en-isere_62791713.html\" target=\"_blank\" rel=\"noopener\">quadrill\u00e9 la zone<\/a> et instaur\u00e9 des barrages routiers, sans succ\u00e8s.\u00a0<\/p>\n<p class=\" wall-content\">Le d\u00e9tenu \u00e9tait emprisonn\u00e9 depuis plusieurs mois pour des faits de violence avec armes. Son comportement en prison ne laissait en rien pr\u00e9sager de ses projets d\u2019\u00e9vasion. C\u2019est d\u2019ailleurs suite \u00e0 son <strong>bon comportement en d\u00e9tention<\/strong>, et apr\u00e8s une minutieuse s\u00e9lection des participants, qu\u2019il a \u00e9t\u00e9 autoris\u00e9 \u00e0 participer \u00e0 la sortie.<\/p>\n<p>Il retourne en prison<\/p>\n<p class=\" wall-content\">L\u2019homme a finalement \u00e9t\u00e9 \u00ab\u00a0interpell\u00e9 le [vendredi] 4 juillet 2025 \u00e0 <a href=\"https:\/\/actu.fr\/auvergne-rhone-alpes\/grenoble_38185\" target=\"_blank\" rel=\"noopener\">Grenoble<\/a> par les services de la BAC (brigade anti-criminalit\u00e9)\u00a0\u00bb, moins de trois semaines apr\u00e8s son \u00e9vasion, indique le parquet de Grenoble.<\/p>\n<p>Vid\u00e9os : en ce moment sur Actu<\/p>\n<p class=\" wall-content\">Il a \u00e9t\u00e9<strong> renvoy\u00e9 en d\u00e9tention<\/strong> \u00e0 la prison de Grenoble Varces.<\/p>\n<p class=\" wall-content\">Suivez toute l\u2019actualit\u00e9 de vos villes et m\u00e9dias favoris en vous inscrivant \u00e0 <a href=\"https:\/\/moncompte.actu.fr\" title=\"D\u00e9couvez Mon Actu\" rel=\"nofollow noopener\" data-trk=\"{&quot;cta&quot;:{&quot;action&quot;:&quot;https:\\\/\\\/moncompte.actu.fr&quot;,&quot;category&quot;:&quot;mon compte&quot;,&quot;from&quot;:&quot;article footer&quot;,&quot;name&quot;:&quot;Mon actu&quot;,&quot;type&quot;:&quot;cta&quot;}}\" target=\"_blank\">Mon Actu<\/a>.<\/p>\n","protected":false},"excerpt":{"rendered":"Par Lisa Rodrigues Publi\u00e9 le 7 juil. 2025 \u00e0 11h21 Sa cavale n\u2019aura pas dur\u00e9 tr\u00e8s longtemps. Mercredi&hellip;\n","protected":false},"author":2,"featured_media":232464,"comment_status":"","ping_status":"","sticky":false,"template":"","format":"standard","meta":{"footnotes":""},"categories":[9566],"tags":[1111,11,2430,1777,674,118,1011,27,2731,12,1072,899,25],"class_list":{"0":"post-232463","1":"post","2":"type-post","3":"status-publish","4":"format-standard","5":"has-post-thumbnail","7":"category-grenoble","8":"tag-actu","9":"tag-actualites","10":"tag-auvergne-rhone-alpes","11":"tag-eu","12":"tag-europe","13":"tag-faits-divers","14":"tag-fr","15":"tag-france","16":"tag-grenoble","17":"tag-news","18":"tag-police","19":"tag-prisons","20":"tag-republique-francaise"},"share_on_mastodon":{"url":"https:\/\/pubeurope.com\/@fr\/114811613184246065","error":""},"_links":{"self":[{"href":"https:\/\/www.europesays.com\/fr\/wp-json\/wp\/v2\/posts\/232463","targetHints":{"allow":["GET"]}}],"collection":[{"href":"https:\/\/www.europesays.com\/fr\/wp-json\/wp\/v2\/posts"}],"about":[{"href":"https:\/\/www.europesays.com\/fr\/wp-json\/wp\/v2\/types\/post"}],"author":[{"embeddable":true,"href":"https:\/\/www.europesays.com\/fr\/wp-json\/wp\/v2\/users\/2"}],"replies":[{"embeddable":true,"href":"https:\/\/www.europesays.com\/fr\/wp-json\/wp\/v2\/comments?post=232463"}],"version-history":[{"count":0,"href":"https:\/\/www.europesays.com\/fr\/wp-json\/wp\/v2\/posts\/232463\/revisions"}],"wp:featuredmedia":[{"embeddable":true,"href":"https:\/\/www.europesays.com\/fr\/wp-json\/wp\/v2\/media\/232464"}],"wp:attachment":[{"href":"https:\/\/www.europesays.com\/fr\/wp-json\/wp\/v2\/media?parent=232463"}],"wp:term":[{"taxonomy":"category","embeddable":true,"href":"https:\/\/www.europesays.com\/fr\/wp-json\/wp\/v2\/categories?post=232463"},{"taxonomy":"post_tag","embeddable":true,"href":"https:\/\/www.europesays.com\/fr\/wp-json\/wp\/v2\/tags?post=232463"}],"curies":[{"name":"wp","href":"https:\/\/api.w.org\/{rel}","templated":true}]}}