{"id":232472,"date":"2025-07-07T11:06:09","date_gmt":"2025-07-07T11:06:09","guid":{"rendered":"https:\/\/www.europesays.com\/fr\/232472\/"},"modified":"2025-07-07T11:06:09","modified_gmt":"2025-07-07T11:06:09","slug":"on-connait-la-date-de-reouverture-de-la-salle-de-concert-la-laiterie","status":"publish","type":"post","link":"https:\/\/www.europesays.com\/fr\/232472\/","title":{"rendered":"on conna\u00eet la date de r\u00e9ouverture de la salle de concert La Laiterie"},"content":{"rendered":"<p>            Par<br \/>\n        <strong><br \/>\n            <a href=\"https:\/\/actu.fr\/auteur\/olivia-kouassi\" title=\"Consulter tous les articles de Olivia Kouassi\" rel=\"nofollow noopener\" target=\"_blank\">Olivia Kouassi<\/a><br \/>\n        <\/strong><\/p>\n<p>        Publi\u00e9 le<\/p>\n<p>            7 juil. 2025 \u00e0 13h00        <\/p>\n<p>Ferm\u00e9e pour <a href=\"https:\/\/actu.fr\/grand-est\/strasbourg_67482\/strasbourg-cette-celebre-salle-de-concert-va-etre-transformee-voici-ce-qui-va-changer_59514816.html\" rel=\"nofollow noopener\" target=\"_blank\"><strong>travaux<\/strong> <\/a>depuis une ann\u00e9e, la <strong>salle de concert<\/strong> strasbourgeoise de <strong>La Laiterie<\/strong> a annonc\u00e9 ce lundi la date de son<strong> concert de r\u00e9ouverture<\/strong> pr\u00e9vu en 2026.<\/p>\n<p class=\" wall-content\">D\u00e9placement de l\u2019entr\u00e9e principale du public, augmentation de la jauge d\u2019accueil de 870 places \u00e0 1\u2009164 places, nouvel espace billetterie\/vestiaire, c\u2019est un<a href=\"https:\/\/actu.fr\/grand-est\/strasbourg_67482\/strasbourg-la-salle-de-spectacle-la-laiterie-va-connaitre-d-importants-travaux-pour-changer-de-dimension_60878840.html\" rel=\"nofollow noopener\" target=\"_blank\"> ambitieux projet de r\u00e9habilitation<\/a> qu\u2019a engag\u00e9 la Ville de Strasbourg depuis juillet\u00a02024.<\/p>\n<p>Last Train en concert pour la r\u00e9ouverture de la Laiterie<\/p>\n<p class=\" wall-content\">Un \u00ab\u2009projet n\u00e9cessaire\u2009\u00bb, selon Jeanne Barseghian, maire de Strasbourg, au vu de la \u00ab\u2009<strong>v\u00e9tust\u00e9 du lieu\u2009<\/strong>\u00bb, qui \u00ab\u2009met \u00e0 mal non seulement l\u2019accueil du public, mais aussi parfois les artistes et les \u00e9quipes techniques\u2009\u00bb.<\/p>\n<p class=\" wall-content\">La date de r\u00e9ouverture de la salle de concert a donc \u00e9t\u00e9 fix\u00e9e au<strong> vendredi 24\u00a0avril 2026<\/strong> apr\u00e8s quasiment deux ans de travaux. Pour l\u2019occasion, c\u2019est le groupe de rock <strong>Last Train<\/strong> qui se produira dans la grande salle accompagn\u00e9 d\u2019une premi\u00e8re partie pour le moment inconnue.<\/p>\n<p>Les billets seront mis en vente d\u00e8s le mercredi 9\u00a0juillet \u00e0 10\u00a0heures sur le site de la <a href=\"https:\/\/www.artefact.org\/\" rel=\"nofollow noopener\" target=\"_blank\">Laiterie<\/a>.Vid\u00e9os : en ce moment sur Actu<\/p>\n<p class=\" wall-content\">Suivez toute l\u2019actualit\u00e9 de vos villes et m\u00e9dias favoris en vous inscrivant \u00e0 <a href=\"https:\/\/moncompte.actu.fr\" title=\"D\u00e9couvez Mon Actu\" rel=\"nofollow noopener\" data-trk=\"{&quot;cta&quot;:{&quot;action&quot;:&quot;https:\\\/\\\/moncompte.actu.fr&quot;,&quot;category&quot;:&quot;mon compte&quot;,&quot;from&quot;:&quot;article footer&quot;,&quot;name&quot;:&quot;Mon actu&quot;,&quot;type&quot;:&quot;cta&quot;}}\" target=\"_blank\">Mon Actu<\/a>.<\/p>\n","protected":false},"excerpt":{"rendered":"Par Olivia Kouassi Publi\u00e9 le 7 juil. 2025 \u00e0 13h00 Ferm\u00e9e pour travaux depuis une ann\u00e9e, la salle&hellip;\n","protected":false},"author":2,"featured_media":232473,"comment_status":"","ping_status":"","sticky":false,"template":"","format":"standard","meta":{"footnotes":""},"categories":[2820],"tags":[1111,11,1697,1777,674,1011,27,775,1652,12,25,640],"class_list":{"0":"post-232472","1":"post","2":"type-post","3":"status-publish","4":"format-standard","5":"has-post-thumbnail","7":"category-strasbourg","8":"tag-actu","9":"tag-actualites","10":"tag-concert","11":"tag-eu","12":"tag-europe","13":"tag-fr","14":"tag-france","15":"tag-grand-est","16":"tag-loisirs-culture","17":"tag-news","18":"tag-republique-francaise","19":"tag-strasbourg"},"share_on_mastodon":{"url":"https:\/\/pubeurope.com\/@fr\/114811632621502805","error":""},"_links":{"self":[{"href":"https:\/\/www.europesays.com\/fr\/wp-json\/wp\/v2\/posts\/232472","targetHints":{"allow":["GET"]}}],"collection":[{"href":"https:\/\/www.europesays.com\/fr\/wp-json\/wp\/v2\/posts"}],"about":[{"href":"https:\/\/www.europesays.com\/fr\/wp-json\/wp\/v2\/types\/post"}],"author":[{"embeddable":true,"href":"https:\/\/www.europesays.com\/fr\/wp-json\/wp\/v2\/users\/2"}],"replies":[{"embeddable":true,"href":"https:\/\/www.europesays.com\/fr\/wp-json\/wp\/v2\/comments?post=232472"}],"version-history":[{"count":0,"href":"https:\/\/www.europesays.com\/fr\/wp-json\/wp\/v2\/posts\/232472\/revisions"}],"wp:featuredmedia":[{"embeddable":true,"href":"https:\/\/www.europesays.com\/fr\/wp-json\/wp\/v2\/media\/232473"}],"wp:attachment":[{"href":"https:\/\/www.europesays.com\/fr\/wp-json\/wp\/v2\/media?parent=232472"}],"wp:term":[{"taxonomy":"category","embeddable":true,"href":"https:\/\/www.europesays.com\/fr\/wp-json\/wp\/v2\/categories?post=232472"},{"taxonomy":"post_tag","embeddable":true,"href":"https:\/\/www.europesays.com\/fr\/wp-json\/wp\/v2\/tags?post=232472"}],"curies":[{"name":"wp","href":"https:\/\/api.w.org\/{rel}","templated":true}]}}