{"id":232474,"date":"2025-07-07T11:07:10","date_gmt":"2025-07-07T11:07:10","guid":{"rendered":"https:\/\/www.europesays.com\/fr\/232474\/"},"modified":"2025-07-07T11:07:10","modified_gmt":"2025-07-07T11:07:10","slug":"elle-ne-rouvrira-pas-avant-plusieurs-mois-pourquoi-cette-piscine-de-nice-est-elle-fermee","status":"publish","type":"post","link":"https:\/\/www.europesays.com\/fr\/232474\/","title":{"rendered":"Elle ne rouvrira pas avant plusieurs mois: pourquoi cette piscine de Nice est-elle ferm\u00e9e?"},"content":{"rendered":"<p>D\u00e9cid\u00e9ment, les bassins prennent l\u2019eau \u00e0 <strong>Nice<\/strong>, pour la bonne cause et le confort des baigneurs. La toilette ne concerne pas que l<a href=\"https:\/\/www.nicematin.com\/sport\/les-travaux-sont-presque-finis-a-la-piscine-du-piol-de-nice-on-est-alle-voir-ce-qui-avait-change-992704\" target=\"_blank\" rel=\"noopener\">a piscine du Piol, qui doit rouvrir au public le 15 juillet<\/a>.<\/p>\n<p>La <strong>piscine Saint-Fran\u00e7ois<\/strong>, situ\u00e9e place du m\u00eame nom dans le Vieux-Nice, est elle aussi <strong>ferm\u00e9e<\/strong>. Temporairement. Cette fermeture est argument\u00e9e par le \u00ab\u00a0Plan Piscines\u00a0\u00bb qui pr\u00e9voit notamment la r\u00e9novation des bassins existants. Ainsi, des travaux de rafra\u00eechissement y ont \u00e9t\u00e9 entrepris.<\/p>\n<p>Apr\u00e8s une premi\u00e8re phase a eu lieu l\u2019ann\u00e9e derni\u00e8re, la seconde a <strong>d\u00e9but\u00e9 le 16 juin.<\/strong> Objectifs: r\u00e9novation des plages du bassin et remise en peinture.<\/p>\n<p>La <strong>r\u00e9ouverture est pr\u00e9vue le 8 septembre<\/strong>, pour la rentr\u00e9e scolaire. Toutefois, cette seconde phase de travaux se prolongera lors d\u2019une nouvelle fermeture estivale, en 2026.<\/p>\n","protected":false},"excerpt":{"rendered":"D\u00e9cid\u00e9ment, les bassins prennent l\u2019eau \u00e0 Nice, pour la bonne cause et le confort des baigneurs. La toilette&hellip;\n","protected":false},"author":2,"featured_media":232475,"comment_status":"","ping_status":"","sticky":false,"template":"","format":"standard","meta":{"footnotes":""},"categories":[2819],"tags":[1111,11,1777,674,1011,27,12,2401,882,25,3366],"class_list":{"0":"post-232474","1":"post","2":"type-post","3":"status-publish","4":"format-standard","5":"has-post-thumbnail","7":"category-nice","8":"tag-actu","9":"tag-actualites","10":"tag-eu","11":"tag-europe","12":"tag-fr","13":"tag-france","14":"tag-news","15":"tag-nice","16":"tag-provence-alpes-cote-dazur","17":"tag-republique-francaise","18":"tag-vie-locale"},"share_on_mastodon":{"url":"https:\/\/pubeurope.com\/@fr\/114811636527348875","error":""},"_links":{"self":[{"href":"https:\/\/www.europesays.com\/fr\/wp-json\/wp\/v2\/posts\/232474","targetHints":{"allow":["GET"]}}],"collection":[{"href":"https:\/\/www.europesays.com\/fr\/wp-json\/wp\/v2\/posts"}],"about":[{"href":"https:\/\/www.europesays.com\/fr\/wp-json\/wp\/v2\/types\/post"}],"author":[{"embeddable":true,"href":"https:\/\/www.europesays.com\/fr\/wp-json\/wp\/v2\/users\/2"}],"replies":[{"embeddable":true,"href":"https:\/\/www.europesays.com\/fr\/wp-json\/wp\/v2\/comments?post=232474"}],"version-history":[{"count":0,"href":"https:\/\/www.europesays.com\/fr\/wp-json\/wp\/v2\/posts\/232474\/revisions"}],"wp:featuredmedia":[{"embeddable":true,"href":"https:\/\/www.europesays.com\/fr\/wp-json\/wp\/v2\/media\/232475"}],"wp:attachment":[{"href":"https:\/\/www.europesays.com\/fr\/wp-json\/wp\/v2\/media?parent=232474"}],"wp:term":[{"taxonomy":"category","embeddable":true,"href":"https:\/\/www.europesays.com\/fr\/wp-json\/wp\/v2\/categories?post=232474"},{"taxonomy":"post_tag","embeddable":true,"href":"https:\/\/www.europesays.com\/fr\/wp-json\/wp\/v2\/tags?post=232474"}],"curies":[{"name":"wp","href":"https:\/\/api.w.org\/{rel}","templated":true}]}}