{"id":232483,"date":"2025-07-07T11:12:12","date_gmt":"2025-07-07T11:12:12","guid":{"rendered":"https:\/\/www.europesays.com\/fr\/232483\/"},"modified":"2025-07-07T11:12:12","modified_gmt":"2025-07-07T11:12:12","slug":"girondins-5-matchs-de-preparation-pour-bordeaux","status":"publish","type":"post","link":"https:\/\/www.europesays.com\/fr\/232483\/","title":{"rendered":"Girondins : 5 matchs de pr\u00e9paration pour Bordeaux"},"content":{"rendered":"<p><img decoding=\"async\" src=\"https:\/\/www.europesays.com\/fr\/wp-content\/uploads\/2025\/05\/671_50a4dc80576bdf63845abadcbd8a53d2.jpg\" alt=\"Girondins : 5 matchs de pr\u00e9paration pour Bordeaux\" class=\"img-responsive mt-3\"\/><\/p>\n<p class=\"text-center mb-3\" style=\"font-size: 14px\">\u00a9 Iconsport<\/p>\n<p style=\"text-align: justify;\">Le championnat de National 2 d\u00e9marre le 16 ao\u00fbt. En attendant, Bruno Irl\u00e8s doit trouver une nouvelle coh\u00e9sion avec une \u00e9quipe reconstruite \u00e0 80%.<\/p>\n<p style=\"text-align: justify;\">La programmation des 5 matchs de pr\u00e9paration des Girondins de Bordeaux communiqu\u00e9 par Sud Ouest :<\/p>\n<p style=\"text-align: justify;\"><strong>19 juillet<\/strong> : Bordeaux &#8211; AS Cannes (N2), lieu \u00e0 d\u00e9finir<br \/><strong>26 juillet<\/strong> : Adversaire et lieu \u00e0 d\u00e9finir<br \/><strong>30 juillet<\/strong> : Pau (L2) &#8211; Bordeaux, lieu a d\u00e9finir dans la r\u00e9gion paloise<br \/><strong>02 ao\u00fbt<\/strong> : Bordeaux &#8211; FC Bassin Arcachon (N3), lieu \u00e0 d\u00e9finir<br \/><strong>09 ao\u00fbt<\/strong> : Bordeaux &#8211; Aviron Bayonnais (N2), lieu \u00e0 d\u00e9finir<\/p>\n<p style=\"text-align: justify;\">\u00c0 lire &gt;&gt; <strong><a href=\"https:\/\/www.webgirondins.com\/actualite-girondins-girondins-les-noms-des-premieres-recrues-devoilees-a-bordeaux-129644\" target=\"_blank\" rel=\"noopener\">les noms des premi\u00e8res recrues d\u00e9voil\u00e9es \u00e0 Bordeaux<\/a><\/strong><\/p>\n<p style=\"text-align: justify;\">Notre podcast court \u00e0 \u00e9couter :<\/p>\n<p>\u00a0<\/p>\n","protected":false},"excerpt":{"rendered":"\u00a9 Iconsport Le championnat de National 2 d\u00e9marre le 16 ao\u00fbt. En attendant, Bruno Irl\u00e8s doit trouver une&hellip;\n","protected":false},"author":2,"featured_media":124438,"comment_status":"","ping_status":"","sticky":false,"template":"","format":"standard","meta":{"footnotes":""},"categories":[2817],"tags":[1111,11,3917,1997,19697,8367,6769,1777,674,1011,27,1987,4432,3388,12,2219,471,29390,5240,9834,25,3242,6013,3974],"class_list":{"0":"post-232483","1":"post","2":"type-post","3":"status-publish","4":"format-standard","5":"has-post-thumbnail","7":"category-bordeaux","8":"tag-actu","9":"tag-actualites","10":"tag-avant","11":"tag-bordeaux","12":"tag-connu","13":"tag-disputer","14":"tag-entrainement","15":"tag-eu","16":"tag-europe","17":"tag-fr","18":"tag-france","19":"tag-girondins","20":"tag-jour","21":"tag-matchs","22":"tag-news","23":"tag-nouvelle-aquitaine","24":"tag-pour","25":"tag-preparation","26":"tag-programme","27":"tag-reprise","28":"tag-republique-francaise","29":"tag-saison","30":"tag-voici","31":"tag-vont"},"share_on_mastodon":{"url":"https:\/\/pubeurope.com\/@fr\/114811656211884648","error":""},"_links":{"self":[{"href":"https:\/\/www.europesays.com\/fr\/wp-json\/wp\/v2\/posts\/232483","targetHints":{"allow":["GET"]}}],"collection":[{"href":"https:\/\/www.europesays.com\/fr\/wp-json\/wp\/v2\/posts"}],"about":[{"href":"https:\/\/www.europesays.com\/fr\/wp-json\/wp\/v2\/types\/post"}],"author":[{"embeddable":true,"href":"https:\/\/www.europesays.com\/fr\/wp-json\/wp\/v2\/users\/2"}],"replies":[{"embeddable":true,"href":"https:\/\/www.europesays.com\/fr\/wp-json\/wp\/v2\/comments?post=232483"}],"version-history":[{"count":0,"href":"https:\/\/www.europesays.com\/fr\/wp-json\/wp\/v2\/posts\/232483\/revisions"}],"wp:featuredmedia":[{"embeddable":true,"href":"https:\/\/www.europesays.com\/fr\/wp-json\/wp\/v2\/media\/124438"}],"wp:attachment":[{"href":"https:\/\/www.europesays.com\/fr\/wp-json\/wp\/v2\/media?parent=232483"}],"wp:term":[{"taxonomy":"category","embeddable":true,"href":"https:\/\/www.europesays.com\/fr\/wp-json\/wp\/v2\/categories?post=232483"},{"taxonomy":"post_tag","embeddable":true,"href":"https:\/\/www.europesays.com\/fr\/wp-json\/wp\/v2\/tags?post=232483"}],"curies":[{"name":"wp","href":"https:\/\/api.w.org\/{rel}","templated":true}]}}