{"id":232486,"date":"2025-07-07T11:14:08","date_gmt":"2025-07-07T11:14:08","guid":{"rendered":"https:\/\/www.europesays.com\/fr\/232486\/"},"modified":"2025-07-07T11:14:08","modified_gmt":"2025-07-07T11:14:08","slug":"alerte-aux-cyanobacteries-toxinogenes-dans-ce-lac-pres-de-toulouse-les-activites-nautiques-interdites","status":"publish","type":"post","link":"https:\/\/www.europesays.com\/fr\/232486\/","title":{"rendered":"Alerte aux cyanobact\u00e9ries toxinog\u00e8nes dans ce lac pr\u00e8s de Toulouse : les activit\u00e9s nautiques interdites"},"content":{"rendered":"<p>            Par<br \/>\n        <strong><br \/>\n            <a href=\"https:\/\/actu.fr\/auteur\/david-saint-sernin\" title=\"Consulter tous les articles de David Saint-Sernin\" rel=\"nofollow noopener\" target=\"_blank\">David Saint-Sernin<\/a><br \/>\n        <\/strong><\/p>\n<p>        Publi\u00e9 le<\/p>\n<p>            7 juil. 2025 \u00e0 12h59        <\/p>\n<p>Lundi 7\u00a0juillet 2025, la mairie de <a href=\"https:\/\/actu.fr\/occitanie\/fenouillet_31182\" rel=\"nofollow noopener\" target=\"_blank\">Fenouillet (Haute-Garonne)<\/a> annonce que des <strong>cyanobact\u00e9ries toxinog\u00e8nes<\/strong> ont \u00e9t\u00e9 d\u00e9couvertes dans les eaux du <strong>lac du Bocage<\/strong>, situ\u00e9 sur son territoire.<\/p>\n<p>Une eau pollu\u00e9e par des cyanobact\u00e9ries toxinog\u00e8nes<\/p>\n<p class=\" wall-content\">\u00ab\u2009Une analyse de l\u2019eau du lac du Bocage a \u00e9t\u00e9 r\u00e9alis\u00e9e le 3\u00a0juillet dernier par le laboratoire d\u00e9partemental 31 \u00e0 la demande du Syndicat Intercommunal Hersain-Bocage, gestionnaire de la base de loisirs. Le rapport d\u2019analyse fait \u00e9tat d\u2019une eau pollu\u00e9e par les cyanobact\u00e9ries toxinog\u00e8nes et qui conna\u00eet un taux de toxines microcystines \u00e9lev\u00e9\u2009\u00bb, indique la mairie qui avertit\u2009:<\/p>\n<blockquote class=\"ac-article-quote wall-content\">\n<p>La baignade des animaux est strictement interdite et les activit\u00e9s nautiques sont interdites pour toute la p\u00e9riode estivale, jusqu&rsquo;aux prochaines analyses. Les activit\u00e9s nautiques pr\u00e9vues le dimanche 13 juillet pour la f\u00eate Nationale sont annul\u00e9es.\u00a0Pour rappel, la baignade est interdite toute l&rsquo;ann\u00e9e dans le lac du Bocage.<\/p>\n<p>    <strong>Mairie de Fenouillet<\/strong>\n            <\/p><\/blockquote>\n<p>Un lac d\u00e9j\u00e0 concern\u00e9 ces derniers \u00e9t\u00e9s<\/p>\n<p class=\" wall-content\">Le lac du Bocage est un lieu d\u00e9volu \u00e0 de nombreux plaisirs aquatiques o\u00f9 sont install\u00e9s divers clubs (ski nautique, aviron, paddle, etc.).<\/p>\n<p class=\" wall-content\">Le plan d\u2019eau avait d\u00e9j\u00e0 \u00e9t\u00e9 concern\u00e9 par la<a href=\"https:\/\/actu.fr\/occitanie\/fenouillet_31182\/des-cyanobacteries-decouvertes-dans-un-deuxieme-lac-pres-de-toulouse_61381286.html\" rel=\"nofollow noopener\" target=\"_blank\"> pr\u00e9sence<\/a> <a href=\"https:\/\/actu.fr\/occitanie\/fenouillet_31182\/des-cyanobacteries-decouvertes-dans-un-deuxieme-lac-pres-de-toulouse_61381286.html\" rel=\"nofollow noopener\" target=\"_blank\">de cyanobact\u00e9ries en juillet\u00a02024<\/a>, et en <a href=\"https:\/\/actu.fr\/occitanie\/fenouillet_31182\/pres-de-toulouse-un-lac-infeste-de-cyanobacteries-attention-aux-chiens_60048516.html\" rel=\"nofollow noopener\" target=\"_blank\">septembre\u00a02023<\/a>.<\/p>\n<p>    <a href=\"https:\/\/www.google.com\/maps\/embed?pb=!1m18!1m12!1m3!1d219686.136837647!2d1.25434659738057!3d43.65945251886633!2m3!1f0!2f0!3f0!3m2!1i1024!2i768!4f13.1!3m3!1m2!1s0x12aea5db5f284fa7%3A0x9f27a53352bb8d50!2sLac%20du%20Bocage!5e0!3m2!1sfr!2sfr!4v1751884966289!5m2!1sfr!2sfr\" title=\"Ouvrie le lien\" rel=\"nofollow noopener\" target=\"_blank\">Cliquez ici pour visualiser le contenu<\/a><\/p>\n<p class=\" wall-content\">Suivez toute l\u2019actualit\u00e9 de vos villes et m\u00e9dias favoris en vous inscrivant \u00e0 <a href=\"https:\/\/moncompte.actu.fr\" title=\"D\u00e9couvez Mon Actu\" rel=\"nofollow noopener\" data-trk=\"{&quot;cta&quot;:{&quot;action&quot;:&quot;https:\\\/\\\/moncompte.actu.fr&quot;,&quot;category&quot;:&quot;mon compte&quot;,&quot;from&quot;:&quot;article footer&quot;,&quot;name&quot;:&quot;Mon actu&quot;,&quot;type&quot;:&quot;cta&quot;}}\" target=\"_blank\">Mon Actu<\/a>.<\/p>\n","protected":false},"excerpt":{"rendered":"Par David Saint-Sernin Publi\u00e9 le 7 juil. 2025 \u00e0 12h59 Lundi 7\u00a0juillet 2025, la mairie de Fenouillet (Haute-Garonne)&hellip;\n","protected":false},"author":2,"featured_media":232487,"comment_status":"","ping_status":"","sticky":false,"template":"","format":"standard","meta":{"footnotes":""},"categories":[2816],"tags":[1111,11,1777,674,1011,27,12,2680,25,104,2312],"class_list":{"0":"post-232486","1":"post","2":"type-post","3":"status-publish","4":"format-standard","5":"has-post-thumbnail","7":"category-toulouse","8":"tag-actu","9":"tag-actualites","10":"tag-eu","11":"tag-europe","12":"tag-fr","13":"tag-france","14":"tag-news","15":"tag-occitanie","16":"tag-republique-francaise","17":"tag-societe","18":"tag-toulouse"},"share_on_mastodon":{"url":"https:\/\/pubeurope.com\/@fr\/114811664025800467","error":""},"_links":{"self":[{"href":"https:\/\/www.europesays.com\/fr\/wp-json\/wp\/v2\/posts\/232486","targetHints":{"allow":["GET"]}}],"collection":[{"href":"https:\/\/www.europesays.com\/fr\/wp-json\/wp\/v2\/posts"}],"about":[{"href":"https:\/\/www.europesays.com\/fr\/wp-json\/wp\/v2\/types\/post"}],"author":[{"embeddable":true,"href":"https:\/\/www.europesays.com\/fr\/wp-json\/wp\/v2\/users\/2"}],"replies":[{"embeddable":true,"href":"https:\/\/www.europesays.com\/fr\/wp-json\/wp\/v2\/comments?post=232486"}],"version-history":[{"count":0,"href":"https:\/\/www.europesays.com\/fr\/wp-json\/wp\/v2\/posts\/232486\/revisions"}],"wp:featuredmedia":[{"embeddable":true,"href":"https:\/\/www.europesays.com\/fr\/wp-json\/wp\/v2\/media\/232487"}],"wp:attachment":[{"href":"https:\/\/www.europesays.com\/fr\/wp-json\/wp\/v2\/media?parent=232486"}],"wp:term":[{"taxonomy":"category","embeddable":true,"href":"https:\/\/www.europesays.com\/fr\/wp-json\/wp\/v2\/categories?post=232486"},{"taxonomy":"post_tag","embeddable":true,"href":"https:\/\/www.europesays.com\/fr\/wp-json\/wp\/v2\/tags?post=232486"}],"curies":[{"name":"wp","href":"https:\/\/api.w.org\/{rel}","templated":true}]}}