{"id":232490,"date":"2025-07-07T11:17:15","date_gmt":"2025-07-07T11:17:15","guid":{"rendered":"https:\/\/www.europesays.com\/fr\/232490\/"},"modified":"2025-07-07T11:17:15","modified_gmt":"2025-07-07T11:17:15","slug":"a-marseille-le-plan-arbres-pour-une-ville-plus-verte","status":"publish","type":"post","link":"https:\/\/www.europesays.com\/fr\/232490\/","title":{"rendered":"\u00c0 Marseille, le Plan Arbres pour une ville plus verte"},"content":{"rendered":"<p>                    <img loading=\"lazy\" decoding=\"async\" src=\"https:\/\/www.europesays.com\/fr\/wp-content\/uploads\/2025\/07\/39cddd376e9ff7b86184bdb4c9bba1.jpg\" class=\"img-responsive post-image\" width=\"680\" height=\"510\" alt=\"\u00c0 Marseille, le Plan (\u2026)\" title=\"\u00c0 Marseille, le Plan Arbres pour une ville plus verte\"\/><\/p>\n<p class=\"chapo\">Les arbres en milieu urbain sont essentiels.<\/p>\n<p>C\u2019est la raison pour laquelle la Ville de Marseille a mis en place un Plan arbres. Depuis 2020, 100 000 nouveaux arbres ont d\u00e9j\u00e0 \u00e9t\u00e9 plant\u00e9s, notamment dans les parcs et jardins, au sein ou en p\u00e9riph\u00e9rie des cr\u00e8ches, \u00e9coles, centres sociaux-culturels et \u00e9quipements sportifs. Avec 100 000 arbres, arbrisseaux et plants forestiers plant\u00e9s depuis 2020, 1 200 arbres et 50 000 arbustes, arbrisseaux et plants forestiers par an et 308 000 arbres, arbrisseaux et plants forestiers plant\u00e9s d\u2019ici 2029.<\/p>\n<p>Laur\u00e9ate du label europ\u00e9en \u00ab\u00a0<strong>100 villes neutres en carbone d\u2019ici 2030<\/strong>\u00ab\u00a0, la Ville agit vite et massivement. <strong>Le Plan Arbres avance au rythme de 1 200 arbres et 50 000 arbustes par an pour un total de 308 000 arbres plant\u00e9s d\u2019ici 2029.<\/strong> La v\u00e9g\u00e9tation arbor\u00e9e est, en effet, une r\u00e9ponse concr\u00e8te et imm\u00e9diate, qui permet d\u2019agir sur plusieurs effets du changement climatique\u00a0: reconqu\u00eate de la biodiversit\u00e9 en ville, d\u00e9pollution de l\u2019air, apaisement de l\u2019espace public. Face aux s\u00e9cheresses et canicules, la pr\u00e9servation et l\u2019accroissement du patrimoine arbor\u00e9 municipal deviennent ainsi une priorit\u00e9 vitale pour offrir davantage d\u2019espaces ombrag\u00e9s et rafra\u00eechir l\u2019air en ville.<br class=\"texte\"\/><br \/>\nAvec son Plan Arbres, la Ville de Marseille a pour objectif d\u2019augmenter consid\u00e9rablement son patrimoine arbor\u00e9. 100 000 arbres, arbrisseaux et plants forestiers ont d\u00e9j\u00e0 \u00e9t\u00e9 plant\u00e9s depuis 2020 dans les parcs, les \u00e9coles et les cr\u00e8ches. Le deuxi\u00e8me axe de ce plan est de pr\u00e9server les grands arbres existants, car ils sont essentiels pour le rafra\u00eechissement de la Ville. Afin d\u2019\u00e9conomiser l\u2019eau et de mieux g\u00e9rer les besoins des arbres, l\u2019arrosage connect\u00e9 \u00e9quipera la totalit\u00e9 des parcs d\u2019ici 2027.<\/p>\n<p>Un inventaire complet<\/p>\n<p>L\u2019un des objectifs du Plan Arbres est d\u2019am\u00e9liorer<strong> la connaissance du patrimoine arbor\u00e9 dans les parcs et jardins marseillais<\/strong>. Pour cela, la Ville de Marseille travaille avec la soci\u00e9t\u00e9 <strong>Greehill<\/strong>, qui r\u00e9alise un inventaire complet de l\u2019ensemble des arbres des parcs gr\u00e2ce \u00e0 une technologie de pointe. Le prestataire utilise le Lidar, une technologie de t\u00e9l\u00e9d\u00e9tection par laser, coupl\u00e9 \u00e0 des photographies haute d\u00e9finition, pour cr\u00e9er des jumeaux num\u00e9riques de chaque arbre. Pour chaque arbre pr\u00e9sent dans un parc, son clone sera recens\u00e9 dans une plateforme donnant acc\u00e8s \u00e0 l\u2019ensemble des donn\u00e9es de son \u00e9cosyst\u00e8me\u00a0: le nom de l\u2019esp\u00e8ce, la fra\u00eecheur qu\u2019il g\u00e9n\u00e8re, le ruissellement d\u2019eau \u00e9vit\u00e9, le niveau de carbone absorb\u00e9, etc.<\/p>\n<p><strong>Un rover, une petite machine \u00e9lectrique \u00e9quip\u00e9e d\u2019une sorte de cam\u00e9ra et d\u2019appareils photo HD, sillonne ainsi les parcs marseillais depuis le mois de septembre, pour scanner l\u2019ensemble des arbres.<\/strong> Les m\u00e9thodes traditionnelles d\u2019inventaire peuvent prendre jusqu\u2019\u00e0 15 ans, contre quatre mois gr\u00e2ce \u00e0 ce proc\u00e9d\u00e9 utilisant l\u2019intelligence artificielle. Depuis juin 2025, la Ville dispose ainsi d\u2019une plateforme de gestion avec les jumeaux num\u00e9riques de l\u2019ensemble des arbres de ses parcs et jardins. Gr\u00e2ce \u00e0 cet inventaire de pointe, la Ville va faire un bond significatif de gestion et de connaissance de ses arbres. Cela permettra de mieux conna\u00eetre l\u2019\u00e9tat de sant\u00e9 de ces v\u00e9g\u00e9taux, diagnostiquer les probl\u00e8mes et savoir quelles mesures prendre pour pr\u00e9server la biodiversit\u00e9 et continuer \u00e0 d\u00e9velopper le patrimoine arbor\u00e9 marseillais.<\/p>\n<p>\t\t<img loading=\"lazy\" decoding=\"async\" src=\"https:\/\/www.europesays.com\/fr\/wp-content\/uploads\/2025\/07\/arbre_4.jpg\" width=\"675\" height=\"450\" alt=\"\"\/><\/p>\n<p>\u00a9M\u00e9tropole Aix- Marseille Provence\n<\/p>\n<p>Des essences m\u00e9diterran\u00e9ennes adapt\u00e9es aux conditions climatiques<\/p>\n<p>La <strong>p\u00e9pini\u00e8re municipale <\/strong> joue un r\u00f4le essentiel dans ce plan, \u00e0 travers la s\u00e9lection de la trentaine d\u2019essences connues et adapt\u00e9es aux conditions climatiques m\u00e9diterran\u00e9ennes ainsi qu\u2019\u00e0 l\u2019unit\u00e9 paysag\u00e8re de la Provence calcaire. Sont privil\u00e9gi\u00e9es les essences plus r\u00e9sistantes aux parasites locaux et moins consommatrices d\u2019eau du climat m\u00e9diterran\u00e9en sans se fixer seulement sur des v\u00e9g\u00e9taux proven\u00e7aux. Cultiv\u00e9s pendant 3 ans, ces arbres sont ensuite plant\u00e9s dans les diff\u00e9rents \u00e9quipements municipaux et fournissent une ombre favorable aux citadins au bout de 10 ans. Au-del\u00e0 des v\u00e9g\u00e9taux qui auront \u00e9t\u00e9 produits par la p\u00e9pini\u00e8re municipale, la Ville plante des arbres issus de p\u00e9pini\u00e8res fran\u00e7aises, italiennes ou espagnoles.<\/p>\n<p>Une deuxi\u00e8me phase, destin\u00e9e \u00e0 d\u00e9ployer une v\u00e9ritable canop\u00e9e urbaine, se construit dans le cadre de la convention de coop\u00e9ration d\u00e9lib\u00e9r\u00e9e au Conseil Municipal du 16 d\u00e9cembre 2022 entre la Ville de Marseille et la M\u00e9tropole Aix- Marseille Provence. La Ville de Marseille identifie un ensemble d\u2019axes structurants d\u00e9pourvus ou mal pourvus en arbres (boulevard, avenue, rue) n\u00e9cessitant d\u2019\u00eatre plant\u00e9s, afin que la m\u00e9tropole \u00e9tudie les modalit\u00e9s de plantation puis compl\u00e8te la canop\u00e9e urbaine. Certains arbres ou groupes d\u2019arbres, qu\u2019ils soient sur le domaine public ou priv\u00e9, m\u00e9ritent, de par leurs dimensions, leurs caract\u00e9ristiques, leur histoire, leur situation ou leur raret\u00e9, d\u2019\u00eatre connus et r\u00e9pertori\u00e9s.<\/p>\n<p>\t\t<img loading=\"lazy\" decoding=\"async\" src=\"https:\/\/www.europesays.com\/fr\/wp-content\/uploads\/2025\/07\/arbre_3.jpg\" width=\"675\" height=\"450\" alt=\"\"\/><\/p>\n<p>\u00a9M\u00e9tropole Aix- Marseille Provence\n<\/p>\n<p><strong>Les caract\u00e9ristiques des arbres d\u2019exception <\/strong><br \/>\n<br \/><b>\u2013<\/b>\u00a0L\u2019\u00e2ge et les dimensions<br \/>\n<br \/><b>\u2013<\/b>\u00a0L\u2019aspect, la forme<br \/>\n<br \/><b>\u2013<\/b>\u00a0L\u2019association avec une chapelle un oratoire, un puits, une source, des ruines, une plaque comm\u00e9morative<br \/>\n<br \/><b>\u2013<\/b>\u00a0L\u2019histoire, la r\u00e9f\u00e9rence<br \/>\n<br \/><b>\u2013<\/b>\u00a0La raret\u00e9 de l\u2019esp\u00e8ce<\/p>\n<p>La Direction des parcs et jardins, qui a pour missions la promotion, la gestion et la valorisation du patrimoine naturel et paysager marseillais ainsi que le maintien et la restauration de la biodiversit\u00e9, a mis au point une fiche permettant le recensement des arbres d\u2019exception sur le territoire marseillais.<\/p>\n<p>Photo de Une \u00a9M\u00e9tropole Aix- Marseille Provence<\/p>\n","protected":false},"excerpt":{"rendered":"Les arbres en milieu urbain sont essentiels. C\u2019est la raison pour laquelle la Ville de Marseille a mis&hellip;\n","protected":false},"author":2,"featured_media":232491,"comment_status":"","ping_status":"","sticky":false,"template":"","format":"standard","meta":{"footnotes":""},"categories":[2814],"tags":[1111,11,2408,1777,674,1011,27,884,12,882,25],"class_list":{"0":"post-232490","1":"post","2":"type-post","3":"status-publish","4":"format-standard","5":"has-post-thumbnail","7":"category-marseille","8":"tag-actu","9":"tag-actualites","10":"tag-appels-d","11":"tag-eu","12":"tag-europe","13":"tag-fr","14":"tag-france","15":"tag-marseille","16":"tag-news","17":"tag-provence-alpes-cote-dazur","18":"tag-republique-francaise"},"share_on_mastodon":{"url":"https:\/\/pubeurope.com\/@fr\/114811675963227410","error":""},"_links":{"self":[{"href":"https:\/\/www.europesays.com\/fr\/wp-json\/wp\/v2\/posts\/232490","targetHints":{"allow":["GET"]}}],"collection":[{"href":"https:\/\/www.europesays.com\/fr\/wp-json\/wp\/v2\/posts"}],"about":[{"href":"https:\/\/www.europesays.com\/fr\/wp-json\/wp\/v2\/types\/post"}],"author":[{"embeddable":true,"href":"https:\/\/www.europesays.com\/fr\/wp-json\/wp\/v2\/users\/2"}],"replies":[{"embeddable":true,"href":"https:\/\/www.europesays.com\/fr\/wp-json\/wp\/v2\/comments?post=232490"}],"version-history":[{"count":0,"href":"https:\/\/www.europesays.com\/fr\/wp-json\/wp\/v2\/posts\/232490\/revisions"}],"wp:featuredmedia":[{"embeddable":true,"href":"https:\/\/www.europesays.com\/fr\/wp-json\/wp\/v2\/media\/232491"}],"wp:attachment":[{"href":"https:\/\/www.europesays.com\/fr\/wp-json\/wp\/v2\/media?parent=232490"}],"wp:term":[{"taxonomy":"category","embeddable":true,"href":"https:\/\/www.europesays.com\/fr\/wp-json\/wp\/v2\/categories?post=232490"},{"taxonomy":"post_tag","embeddable":true,"href":"https:\/\/www.europesays.com\/fr\/wp-json\/wp\/v2\/tags?post=232490"}],"curies":[{"name":"wp","href":"https:\/\/api.w.org\/{rel}","templated":true}]}}