{"id":232492,"date":"2025-07-07T11:18:09","date_gmt":"2025-07-07T11:18:09","guid":{"rendered":"https:\/\/www.europesays.com\/fr\/232492\/"},"modified":"2025-07-07T11:18:09","modified_gmt":"2025-07-07T11:18:09","slug":"trois-des-coproprietaires-condamnes-a-de-la-prison-ferme","status":"publish","type":"post","link":"https:\/\/www.europesays.com\/fr\/232492\/","title":{"rendered":"trois des copropri\u00e9taires condamn\u00e9s \u00e0 de la prison ferme"},"content":{"rendered":"<p>Le tribunal judiciaire de Marseille a condamn\u00e9 trois des copropri\u00e9taires \u00e0 de la prison ferme dans le cadre du proc\u00e8s sur les effondrements mortels de la rue d\u2019Aubagne \u00e0 Marseille.<\/p>\n<p class=\"fig-paragraph\">Le tribunal judiciaire de\u00a0<a href=\"https:\/\/www.lefigaro.fr\/marseille\" target=\"_blank\" data-fig-type=\"Section\" rel=\"noopener\" data-gtm-custom-categorie=\"navigation\" data-gtm-custom-action=\"crossclick\" data-gtm-custom-label=\"Contextuel\" data-gtm-event=\"customEventSPE\" data-fig-domain=\"LEFIGARO\">Marseille<\/a>\u00a0a livr\u00e9 son verdict lors du proc\u00e8s des effondrements mortels de la rue d\u2019Aubagne, qui ont eu lieu le 5 novembre 2018, \u00e0 Marseille. Trois des copropri\u00e9taires poursuivis &#8211; dont un \u00e9lu r\u00e9gional et avocat du syndic de copropri\u00e9t\u00e9 de l\u2019immeuble o\u00f9 habitaient les huit victimes de ce drame &#8211; ont \u00e9t\u00e9 condamn\u00e9s \u00e0 de la prison ferme.<\/p>\n<p class=\"fig-paragraph\">Xavier Cachard, \u00e9lu au conseil r\u00e9gional Paca, a \u00e9t\u00e9 condamn\u00e9 \u00e0 quatre ans de prison, dont deux fermes, \u00e0 effectuer sous bracelet \u00e9lectronique, comme Gilbert Ardilly, l\u2019un des propri\u00e9taires de l\u2019appartement du 1er \u00e9tage o\u00f9 vivait une famille comorienne avec un enfant de huit ans. S\u00e9bastien Ardilly, son fils, a \u00e9t\u00e9 condamn\u00e9 \u00e0 trois ans de prison, dont un an ferme, l\u00e0 aussi sous bracelet \u00e9lectronique, et sa femme Martine \u00e0 trois ans de prison avec sursis int\u00e9gral.<\/p>\n<p>                                    <a class=\"fig-a11y-skip a11y-hidden\" href=\"#fig-a11y-skip-main-inarticle\"><br \/>\n        Passer la publicit\u00e9<br \/>\n    <\/a><\/p>\n<p>L\u2019ex-adjoint au maire \u00e9galement condamn\u00e9<\/p>\n<p class=\"fig-paragraph\">\u00c9galement poursuivi, l\u2019ex-adjoint au maire de Marseille charg\u00e9 de l\u2019habitat insalubre, Julien Ruas, a \u00e9t\u00e9 condamn\u00e9 \u00e0 deux ans de prison avec sursis. \u00abVous ne vous \u00eates aucunement mobilis\u00e9 pour mettre en place une politique volontariste de lutte contre les immeubles en p\u00e9ril\u00bb, a estim\u00e9 le pr\u00e9sident Pascal Gand en d\u00e9taillant le jugement du tribunal correctionnel de Marseille, qui a \u00e9galement condamn\u00e9 l\u2019\u00e9lu \u00e0 une peine compl\u00e9mentaire d\u2019interdiction d\u2019exercer une fonction publique pendant cinq ans.<\/p>\n<p class=\"fig-paragraph\">Au final, 16 personnes morales et physiques ont \u00e9t\u00e9 jug\u00e9es pour diff\u00e9rents d\u00e9lits, notamment homicide involontaire par violation manifestement d\u00e9lib\u00e9r\u00e9e d\u2019une obligation de s\u00e9curit\u00e9, un d\u00e9lit punissable de cinq ans de prison maximum, et soumission de personnes vuln\u00e9rables dont au moins un mineur \u00e0 des conditions d\u2019h\u00e9bergement indigne, des faits qui peuvent valoir jusqu\u2019\u00e0 dix ans d\u2019emprisonnement.<\/p>\n","protected":false},"excerpt":{"rendered":"Le tribunal judiciaire de Marseille a condamn\u00e9 trois des copropri\u00e9taires \u00e0 de la prison ferme dans le cadre&hellip;\n","protected":false},"author":2,"featured_media":232493,"comment_status":"","ping_status":"","sticky":false,"template":"","format":"standard","meta":{"footnotes":""},"categories":[2814],"tags":[1111,11,7122,1777,674,1011,27,5480,884,12,2694,882,25],"class_list":{"0":"post-232492","1":"post","2":"type-post","3":"status-publish","4":"format-standard","5":"has-post-thumbnail","7":"category-marseille","8":"tag-actu","9":"tag-actualites","10":"tag-effondrement","11":"tag-eu","12":"tag-europe","13":"tag-fr","14":"tag-france","15":"tag-immeuble","16":"tag-marseille","17":"tag-news","18":"tag-proces","19":"tag-provence-alpes-cote-dazur","20":"tag-republique-francaise"},"share_on_mastodon":{"url":"https:\/\/pubeurope.com\/@fr\/114811679809170934","error":""},"_links":{"self":[{"href":"https:\/\/www.europesays.com\/fr\/wp-json\/wp\/v2\/posts\/232492","targetHints":{"allow":["GET"]}}],"collection":[{"href":"https:\/\/www.europesays.com\/fr\/wp-json\/wp\/v2\/posts"}],"about":[{"href":"https:\/\/www.europesays.com\/fr\/wp-json\/wp\/v2\/types\/post"}],"author":[{"embeddable":true,"href":"https:\/\/www.europesays.com\/fr\/wp-json\/wp\/v2\/users\/2"}],"replies":[{"embeddable":true,"href":"https:\/\/www.europesays.com\/fr\/wp-json\/wp\/v2\/comments?post=232492"}],"version-history":[{"count":0,"href":"https:\/\/www.europesays.com\/fr\/wp-json\/wp\/v2\/posts\/232492\/revisions"}],"wp:featuredmedia":[{"embeddable":true,"href":"https:\/\/www.europesays.com\/fr\/wp-json\/wp\/v2\/media\/232493"}],"wp:attachment":[{"href":"https:\/\/www.europesays.com\/fr\/wp-json\/wp\/v2\/media?parent=232492"}],"wp:term":[{"taxonomy":"category","embeddable":true,"href":"https:\/\/www.europesays.com\/fr\/wp-json\/wp\/v2\/categories?post=232492"},{"taxonomy":"post_tag","embeddable":true,"href":"https:\/\/www.europesays.com\/fr\/wp-json\/wp\/v2\/tags?post=232492"}],"curies":[{"name":"wp","href":"https:\/\/api.w.org\/{rel}","templated":true}]}}