{"id":232494,"date":"2025-07-07T11:19:09","date_gmt":"2025-07-07T11:19:09","guid":{"rendered":"https:\/\/www.europesays.com\/fr\/232494\/"},"modified":"2025-07-07T11:19:09","modified_gmt":"2025-07-07T11:19:09","slug":"une-nouvelle-derogation-va-permettre-aux-critair-3-les-plus-modestes-de-pouvoir-circuler-dans-la-zfe","status":"publish","type":"post","link":"https:\/\/www.europesays.com\/fr\/232494\/","title":{"rendered":"une nouvelle d\u00e9rogation va permettre aux Crit\u2019Air 3 les plus modestes de pouvoir circuler dans la ZFE"},"content":{"rendered":"<p itemprop=\"description\"><strong>C\u2019est une nouvelle qui va en rassurer plus d\u2019un.<\/strong><\/p>\n<p>\u00c0 partir du 1er septembre prochain, une d\u00e9rogation \u00ab\u00a0Actif Crit\u2019Air 3\u00a0\u00bb entrera en vigueur concernant la Zone \u00e0 faibles \u00e9missions (ZFE) de Lyon. En effet, les v\u00e9hicules d\u00e9tenant cette cat\u00e9gorie de vignette et disposant de faibles ressources pourront finalement continuer \u00e0 circuler en voiture dans la ZFE.<\/p>\n<p>La M\u00e9tropole de Lyon a \u00e9tabli ce dispositif en r\u00e9ponse au manque d\u2019aides de la part de l\u2019\u00c9tat. \u00ab\u00a0L\u2019\u00c9tat ne respecte pas le contrat qu&rsquo;il avait lui-m\u00eame fix\u00e9 dans la loi Climat et R\u00e9silience : la mise en place des zones \u00e0 faibles \u00e9missions devait s&rsquo;accompagner d&rsquo;aides massives au renouvellement des v\u00e9hicules polluants. Face \u00e0 ce constat d&rsquo;incons\u00e9quence, la M\u00e9tropole adapte la ZFE lyonnaise en fonction des comp\u00e9tences dont elle dispose : elle donne un temps d&rsquo;adaptation suppl\u00e9mentaire aux personnes aux ressources limit\u00e9es et qui d\u00e9pendent d&rsquo;une voiture Crit&rsquo;Air 3\u00a0\u00bb, explique Bruno Bernard, pr\u00e9sident de la M\u00e9tropole de Lyon.<\/p>\n<p>D\u00e8s septembre, pour disposer de la d\u00e9rogation, il faudra cocher plusieurs cases : \u00eatre en recherche d&#8217;emploi ou en insertion ; habiter ou travailler dans l\u2019une des 5 communes de la ZFE (Lyon, Villeurbanne, Bron, Caluire-et-Cuire, V\u00e9nissieux) ; utiliser un v\u00e9hicule Crit&rsquo;Air 3 pour ses trajets quotidiens ; et disposer d\u2019un revenu fiscal de r\u00e9f\u00e9rence par part inf\u00e9rieur \u00e0 16 300 euros.<\/p>\n","protected":false},"excerpt":{"rendered":"C\u2019est une nouvelle qui va en rassurer plus d\u2019un. \u00c0 partir du 1er septembre prochain, une d\u00e9rogation \u00ab\u00a0Actif&hellip;\n","protected":false},"author":2,"featured_media":232495,"comment_status":"","ping_status":"","sticky":false,"template":"","format":"standard","meta":{"footnotes":""},"categories":[1889],"tags":[1111,11,2813,2190,2430,1109,251,1112,2811,1777,674,118,1011,27,1922,1110,1114,2428,2810,12,241,316,25,2812,517,800],"class_list":{"0":"post-232494","1":"post","2":"type-post","3":"status-publish","4":"format-standard","5":"has-post-thumbnail","7":"category-lyon","8":"tag-actu","9":"tag-actualites","10":"tag-article","11":"tag-asvel","12":"tag-auvergne-rhone-alpes","13":"tag-breves","14":"tag-culture","15":"tag-depeches","16":"tag-economique","17":"tag-eu","18":"tag-europe","19":"tag-faits-divers","20":"tag-fr","21":"tag-france","22":"tag-info","23":"tag-informations","24":"tag-infos","25":"tag-lyon","26":"tag-lyonmag","27":"tag-news","28":"tag-ol","29":"tag-politique","30":"tag-republique-francaise","31":"tag-sociale","32":"tag-sport","33":"tag-transports"},"share_on_mastodon":{"url":"https:\/\/pubeurope.com\/@fr\/114811683682875098","error":""},"_links":{"self":[{"href":"https:\/\/www.europesays.com\/fr\/wp-json\/wp\/v2\/posts\/232494","targetHints":{"allow":["GET"]}}],"collection":[{"href":"https:\/\/www.europesays.com\/fr\/wp-json\/wp\/v2\/posts"}],"about":[{"href":"https:\/\/www.europesays.com\/fr\/wp-json\/wp\/v2\/types\/post"}],"author":[{"embeddable":true,"href":"https:\/\/www.europesays.com\/fr\/wp-json\/wp\/v2\/users\/2"}],"replies":[{"embeddable":true,"href":"https:\/\/www.europesays.com\/fr\/wp-json\/wp\/v2\/comments?post=232494"}],"version-history":[{"count":0,"href":"https:\/\/www.europesays.com\/fr\/wp-json\/wp\/v2\/posts\/232494\/revisions"}],"wp:featuredmedia":[{"embeddable":true,"href":"https:\/\/www.europesays.com\/fr\/wp-json\/wp\/v2\/media\/232495"}],"wp:attachment":[{"href":"https:\/\/www.europesays.com\/fr\/wp-json\/wp\/v2\/media?parent=232494"}],"wp:term":[{"taxonomy":"category","embeddable":true,"href":"https:\/\/www.europesays.com\/fr\/wp-json\/wp\/v2\/categories?post=232494"},{"taxonomy":"post_tag","embeddable":true,"href":"https:\/\/www.europesays.com\/fr\/wp-json\/wp\/v2\/tags?post=232494"}],"curies":[{"name":"wp","href":"https:\/\/api.w.org\/{rel}","templated":true}]}}