{"id":232496,"date":"2025-07-07T11:20:14","date_gmt":"2025-07-07T11:20:14","guid":{"rendered":"https:\/\/www.europesays.com\/fr\/232496\/"},"modified":"2025-07-07T11:20:14","modified_gmt":"2025-07-07T11:20:14","slug":"le-couvre-feu-pour-mineurs-instaure-par-le-maire-de-mions-suspendu-par-la-justice","status":"publish","type":"post","link":"https:\/\/www.europesays.com\/fr\/232496\/","title":{"rendered":"le couvre-feu pour mineurs, instaur\u00e9 par le maire de Mions, suspendu par la justice"},"content":{"rendered":"<p>Le tribunal administratif de Lyon a suspendu l\u2019arr\u00eat\u00e9 de couvre-feu \u00e0 destination des mineurs de moins de 17 ans, pris pour l\u2019\u00e9t\u00e9 par le maire de Mions. L\u2019\u00e9dile justifiait cette mesure par l\u2019augmentation des incivilit\u00e9s dans la commune.<\/p>\n<p class=\"fig-paragraph\">Les jeunes Miolands pourront se d\u00e9placer comme bon leur semble cet \u00e9t\u00e9.\u00a0<a href=\"http:\/\/www.lefigaro.fr\/lyon\/pres-de-lyon-un-maire-met-en-place-un-couvre-feu-pour-les-mineurs-de-moins-de-17-ans-20250530\" data-fig-type=\"NewsFlash\" data-gtm-custom-categorie=\"navigation\" data-gtm-custom-action=\"crossclick\" data-gtm-custom-label=\"Contextuel\" data-gtm-event=\"customEventSPE\" data-fig-domain=\"LEFIGARO\" target=\"_blank\" rel=\"noopener\">L\u2019arr\u00eat\u00e9 de couvre-feu<\/a>\u00a0pris par le maire de Mions pour les mineurs de moins de 17 ans non accompagn\u00e9s le soir a \u00e9t\u00e9 cass\u00e9 par\u00a0<a href=\"http:\/\/www.lefigaro.fr\/lyon\/le-tribunal-administratif-de-lyon-rejette-la-requete-du-lycee-musulman-al-kindi-qui-perd-son-contrat-avec-l-etat-20250312\" data-fig-type=\"NewsFlash\" data-gtm-custom-categorie=\"navigation\" data-gtm-custom-action=\"crossclick\" data-gtm-custom-label=\"Contextuel\" data-gtm-event=\"customEventSPE\" data-fig-domain=\"LEFIGARO\" target=\"_blank\" rel=\"noopener\">le tribunal administratif de Lyon,<\/a>\u00a0\u00e0 la suite d\u2019une requ\u00eate de la ligue des droits de l\u2019homme. Dans sa d\u00e9cision consult\u00e9e par Le Figaro, le juge administratif estime que cette mesure est disproportionn\u00e9e et \u00e9met des doutes sur sa l\u00e9galit\u00e9.<\/p>\n<p class=\"fig-paragraph\">Le maire, Micka\u00ebl Paccaud (LR), d\u00e9non\u00e7ait une vague d\u2019incivilit\u00e9s pour justifier cette mesure. Devant le tribunal administratif, la commune a rappel\u00e9 les \u00ab18 faits distincts survenus entre le 1er f\u00e9vrier et le 21 mai 2025\u00bb. \u00abDes comportements tels que des attroupements bruyants, la consommation de stup\u00e9fiants, des insultes envers les forces de l\u2019ordre, des rod\u00e9os urbains, des d\u00e9gradations massives ou des jets de projectiles, ayant n\u00e9cessit\u00e9 des interventions multiples jusqu\u2019\u00e0 23 heures, parfois 23 heures 30\u00bb.<\/p>\n<p>                                    <a class=\"fig-a11y-skip a11y-hidden\" href=\"#fig-a11y-skip-main-inarticle\"><br \/>\n        Passer la publicit\u00e9<br \/>\n    <\/a><\/p>\n<p>Mesure disproportionn\u00e9e<\/p>\n<p class=\"fig-paragraph\">Des incidents \u00abde faible gravit\u00e9 pour la ligue des droits de l\u2019homme\u00bb alors que \u00abseuls trois cas de tapage se seraient produits\u00bb entre 23 heures et 6h, soit la plage horaire vis\u00e9e par l\u2019arr\u00eat\u00e9 du maire. Ils seraient l\u2019apanage d\u2019\u00e0 peine une dizaine de jeunes, comme le reconna\u00eet la commune. La ligue des droits de l\u2019homme pointait donc le caract\u00e8re disproportionn\u00e9 de la mesure visant l\u2019ensemble des mineurs de cette commune de l\u2019est lyonnais peupl\u00e9e de 14.000 habitants.<\/p>\n<p class=\"fig-body-link\">\n            \u00c0 lire aussi<br \/>\n        <a class=\"fig-body-link__link\" href=\"http:\/\/www.lefigaro.fr\/lyon\/pres-de-lyon-le-maire-de-mions-assure-que-l-antisemitisme-n-a-rien-a-voir-avec-sa-demission-20240425\" data-fig-type=\"NewsFlash\" data-gtm-custom-categorie=\"navigation\" data-gtm-custom-action=\"crossclick\" data-gtm-custom-label=\"Contextuel\" data-gtm-event=\"customEventSPE\" data-fig-domain=\"LEFIGARO\" target=\"_blank\" rel=\"noopener\">Pr\u00e8s de Lyon, le maire de Mions assure que \u00abl&rsquo;antis\u00e9mitisme n&rsquo;a rien \u00e0 voir\u00bb avec sa d\u00e9mission<br \/>\n    <\/a>\n<\/p>\n<p class=\"fig-paragraph\">Les arguments de la commune sur le faible p\u00e9rim\u00e8tre concern\u00e9, dans le centre-ville, ou la r\u00e9gularit\u00e9 de ces \u00abactes de d\u00e9linquance\u00bb allant jusqu\u2019\u00e0 des tirs au mortier et des d\u00e9gradations n\u2019ont pas suffi \u00e0 d\u00e9montrer le caract\u00e8re proportionn\u00e9 de l\u2019arr\u00eat\u00e9, qui a \u00e9t\u00e9 suspendu par la justice. Le juge a \u00e9mis des doutes sur la l\u00e9galit\u00e9 du texte, relevant que la situation pouvait \u00eatre r\u00e9gl\u00e9e par les dispositions l\u00e9gales et p\u00e9nales existantes.<\/p>\n","protected":false},"excerpt":{"rendered":"Le tribunal administratif de Lyon a suspendu l\u2019arr\u00eat\u00e9 de couvre-feu \u00e0 destination des mineurs de moins de 17&hellip;\n","protected":false},"author":2,"featured_media":232497,"comment_status":"","ping_status":"","sticky":false,"template":"","format":"standard","meta":{"footnotes":""},"categories":[1889],"tags":[1111,11,2430,13795,1777,674,1011,27,2428,12,25],"class_list":{"0":"post-232496","1":"post","2":"type-post","3":"status-publish","4":"format-standard","5":"has-post-thumbnail","7":"category-lyon","8":"tag-actu","9":"tag-actualites","10":"tag-auvergne-rhone-alpes","11":"tag-couvre-feu","12":"tag-eu","13":"tag-europe","14":"tag-fr","15":"tag-france","16":"tag-lyon","17":"tag-news","18":"tag-republique-francaise"},"share_on_mastodon":{"url":"https:\/\/pubeurope.com\/@fr\/114811687695774828","error":""},"_links":{"self":[{"href":"https:\/\/www.europesays.com\/fr\/wp-json\/wp\/v2\/posts\/232496","targetHints":{"allow":["GET"]}}],"collection":[{"href":"https:\/\/www.europesays.com\/fr\/wp-json\/wp\/v2\/posts"}],"about":[{"href":"https:\/\/www.europesays.com\/fr\/wp-json\/wp\/v2\/types\/post"}],"author":[{"embeddable":true,"href":"https:\/\/www.europesays.com\/fr\/wp-json\/wp\/v2\/users\/2"}],"replies":[{"embeddable":true,"href":"https:\/\/www.europesays.com\/fr\/wp-json\/wp\/v2\/comments?post=232496"}],"version-history":[{"count":0,"href":"https:\/\/www.europesays.com\/fr\/wp-json\/wp\/v2\/posts\/232496\/revisions"}],"wp:featuredmedia":[{"embeddable":true,"href":"https:\/\/www.europesays.com\/fr\/wp-json\/wp\/v2\/media\/232497"}],"wp:attachment":[{"href":"https:\/\/www.europesays.com\/fr\/wp-json\/wp\/v2\/media?parent=232496"}],"wp:term":[{"taxonomy":"category","embeddable":true,"href":"https:\/\/www.europesays.com\/fr\/wp-json\/wp\/v2\/categories?post=232496"},{"taxonomy":"post_tag","embeddable":true,"href":"https:\/\/www.europesays.com\/fr\/wp-json\/wp\/v2\/tags?post=232496"}],"curies":[{"name":"wp","href":"https:\/\/api.w.org\/{rel}","templated":true}]}}