{"id":232502,"date":"2025-07-07T11:23:08","date_gmt":"2025-07-07T11:23:08","guid":{"rendered":"https:\/\/www.europesays.com\/fr\/232502\/"},"modified":"2025-07-07T11:23:08","modified_gmt":"2025-07-07T11:23:08","slug":"apres-avoir-sauve-une-famille-dun-incendie-a-paris-fousseynou-cisse-va-etre-decore-pour-acte-de-courage","status":"publish","type":"post","link":"https:\/\/www.europesays.com\/fr\/232502\/","title":{"rendered":"Apr\u00e8s avoir sauv\u00e9 une famille d&rsquo;un incendie \u00e0 Paris, Fousseynou Ciss\u00e9 va \u00eatre d\u00e9cor\u00e9 pour acte de courage"},"content":{"rendered":"<p>            Par<br \/>\n        <strong><br \/>\n            <a href=\"https:\/\/actu.fr\/auteur\/redaction-paris\" title=\"Consulter tous les articles de R\u00e9daction Paris\" target=\"_blank\" rel=\"noopener\">R\u00e9daction Paris<\/a><br \/>\n        <\/strong><\/p>\n<p>        Publi\u00e9 le<\/p>\n<p>            7 juil. 2025 \u00e0 12h36        <\/p>\n<p>Quelques jours apr\u00e8s avoir <a href=\"https:\/\/actu.fr\/ile-de-france\/paris_75056\/incendie-dans-un-immeuble-a-paris-quatre-personnes-prisonnieres-des-flammes-sauvees-par-les-pompiers_62872672.html\" target=\"_blank\" rel=\"noopener\">sauv\u00e9 une famille de six personnes des flammes<\/a> qui ravageaient leur appartement du 18e arrondissement de Paris, <strong>Fousseynou Ciss\u00e9<\/strong>, va \u00eatre d\u00e9cor\u00e9 pour acte de courage et de d\u00e9vouement, a appris\u00a0<a href=\"https:\/\/actu.fr\/paris\/dernieres-actus\" target=\"_blank\" rel=\"noopener\">actu Paris<\/a> aupr\u00e8s du minist\u00e8re de l\u2019Int\u00e9rieur, confirmant une information de\u00a0<a href=\"https:\/\/www.bfmtv.com\/paris\/info-bfmtv-fousseynou-qui-a-sauve-six-personnes-d-un-incendie-a-paris-va-etre-decore-pour-acte-de-courage_AN-202507070302.html\" target=\"_blank\" rel=\"noopener\">BFM TV<\/a>. Le type de d\u00e9coration n\u2019a pas encore \u00e9t\u00e9 annonc\u00e9.<\/p>\n<p>Deux b\u00e9b\u00e9s, deux enfants, deux adultes<\/p>\n<p class=\" wall-content\">\u00ab\u2009Il y avait deux b\u00e9b\u00e9s, deux nourrissons, donc tu as <strong>le corps qui te guide<\/strong>\u2009\u00bb, expliquait le jeune homme au micro de\u00a0<a href=\"https:\/\/www.tf1info.fr\/justice-faits-divers\/videos\/video-l-immense-sang-froid-d-un-homme-pour-sauver-des-enfants-de-l-incendie-d-un-immeubre-26835-2381245.html\" target=\"_blank\" rel=\"noopener\">TF1<\/a>, dimanche 6\u00a0juillet 2025.\u00a0Dans une vid\u00e9o diffus\u00e9e sur les r\u00e9seaux sociaux par une habitante de l\u2019immeuble, Fousseynou Ciss\u00e9 se tient sur le rebord de quelques centim\u00e8tres qui s\u00e9parent la fen\u00eatre de son appartement \u00e0 celle de ses voisins d\u2019o\u00f9 s\u2019\u00e9chappe une \u00e9paisse fum\u00e9e noire.<\/p>\n<p class=\" wall-content\">\n<p class=\" wall-content\">Il va alors r\u00e9ussir \u00e0 r\u00e9cup\u00e9rer six personnes. \u00ab\u2009Il fallait se tenir bien. J\u2019ai pris le b\u00e9b\u00e9. Il p (ouvait) tomber\u2009\u00bb. Il attrape un <strong>deuxi\u00e8me b\u00e9b\u00e9<\/strong> \u00e0 bout de bras, puis deux enfants avant d\u2019aider deux adultes \u00e0 se d\u00e9gager de l\u2019appartement en feu.<\/p>\n<p class=\" wall-content\">Selon les pompiers de Paris, d\u2019autres r\u00e9sidents de l\u2019immeuble ont \u00e9t\u00e9 secourus. Une dizaine de personnes ont \u00e9t\u00e9 l\u00e9g\u00e8rement intoxiqu\u00e9es. Mais <strong>aucun bless\u00e9 grave<\/strong> n\u2019a \u00e9t\u00e9 recens\u00e9. L\u2019incendie a mobilis\u00e9 80 pompiers, aid\u00e9s d\u2019une vingtaine d\u2019engins.<\/p>\n<p class=\" wall-content\">Suivez toute l\u2019actualit\u00e9 de vos villes et m\u00e9dias favoris en vous inscrivant \u00e0 <a href=\"https:\/\/moncompte.actu.fr\" title=\"D\u00e9couvez Mon Actu\" rel=\"nofollow noopener\" data-trk=\"{&quot;cta&quot;:{&quot;action&quot;:&quot;https:\\\/\\\/moncompte.actu.fr&quot;,&quot;category&quot;:&quot;mon compte&quot;,&quot;from&quot;:&quot;article footer&quot;,&quot;name&quot;:&quot;Mon actu&quot;,&quot;type&quot;:&quot;cta&quot;}}\" target=\"_blank\">Mon Actu<\/a>.<\/p>\n<ul class=\"ac-article-tag wall-content\">\n<li><a href=\"https:\/\/actu.fr\/tag\/brigade-de-sapeurs-pompiers-de-paris\" data-trk=\"{&quot;cta&quot;:{&quot;action&quot;:&quot;Brigade de sapeurs-pompiers de Paris&quot;,&quot;category&quot;:&quot;tag&quot;,&quot;from&quot;:&quot;article footer&quot;,&quot;name&quot;:&quot;Brigade de sapeurs-pompiers de Paris&quot;,&quot;type&quot;:&quot;cta&quot;}}\" target=\"_blank\" rel=\"noopener\">#Brigade de sapeurs-pompiers de Paris<\/a><\/li>\n<li><a href=\"https:\/\/actu.fr\/tag\/incendie\" data-trk=\"{&quot;cta&quot;:{&quot;action&quot;:&quot;Incendie&quot;,&quot;category&quot;:&quot;tag&quot;,&quot;from&quot;:&quot;article footer&quot;,&quot;name&quot;:&quot;Incendie&quot;,&quot;type&quot;:&quot;cta&quot;}}\" target=\"_blank\" rel=\"noopener\">#Incendie<\/a><\/li>\n<\/ul>\n","protected":false},"excerpt":{"rendered":"Par R\u00e9daction Paris Publi\u00e9 le 7 juil. 2025 \u00e0 12h36 Quelques jours apr\u00e8s avoir sauv\u00e9 une famille de&hellip;\n","protected":false},"author":2,"featured_media":232503,"comment_status":"","ping_status":"","sticky":false,"template":"","format":"standard","meta":{"footnotes":""},"categories":[1888],"tags":[1111,1928,11,1927,3056,1777,674,118,1011,27,1310,12,1926,626,1925,25],"class_list":{"0":"post-232502","1":"post","2":"type-post","3":"status-publish","4":"format-standard","5":"has-post-thumbnail","7":"category-paris","8":"tag-actu","9":"tag-actu-paris","10":"tag-actualites","11":"tag-actualites-paris","12":"tag-brigade-de-sapeurs-pompiers-de-paris","13":"tag-eu","14":"tag-europe","15":"tag-faits-divers","16":"tag-fr","17":"tag-france","18":"tag-incendie","19":"tag-news","20":"tag-news-paris","21":"tag-paris","22":"tag-paris-news","23":"tag-republique-francaise"},"share_on_mastodon":{"url":"https:\/\/pubeurope.com\/@fr\/114811699559677164","error":""},"_links":{"self":[{"href":"https:\/\/www.europesays.com\/fr\/wp-json\/wp\/v2\/posts\/232502","targetHints":{"allow":["GET"]}}],"collection":[{"href":"https:\/\/www.europesays.com\/fr\/wp-json\/wp\/v2\/posts"}],"about":[{"href":"https:\/\/www.europesays.com\/fr\/wp-json\/wp\/v2\/types\/post"}],"author":[{"embeddable":true,"href":"https:\/\/www.europesays.com\/fr\/wp-json\/wp\/v2\/users\/2"}],"replies":[{"embeddable":true,"href":"https:\/\/www.europesays.com\/fr\/wp-json\/wp\/v2\/comments?post=232502"}],"version-history":[{"count":0,"href":"https:\/\/www.europesays.com\/fr\/wp-json\/wp\/v2\/posts\/232502\/revisions"}],"wp:featuredmedia":[{"embeddable":true,"href":"https:\/\/www.europesays.com\/fr\/wp-json\/wp\/v2\/media\/232503"}],"wp:attachment":[{"href":"https:\/\/www.europesays.com\/fr\/wp-json\/wp\/v2\/media?parent=232502"}],"wp:term":[{"taxonomy":"category","embeddable":true,"href":"https:\/\/www.europesays.com\/fr\/wp-json\/wp\/v2\/categories?post=232502"},{"taxonomy":"post_tag","embeddable":true,"href":"https:\/\/www.europesays.com\/fr\/wp-json\/wp\/v2\/tags?post=232502"}],"curies":[{"name":"wp","href":"https:\/\/api.w.org\/{rel}","templated":true}]}}