{"id":232504,"date":"2025-07-07T11:24:11","date_gmt":"2025-07-07T11:24:11","guid":{"rendered":"https:\/\/www.europesays.com\/fr\/232504\/"},"modified":"2025-07-07T11:24:11","modified_gmt":"2025-07-07T11:24:11","slug":"les-70-ans-de-la-citroen-ds-seront-celebres-a-paris-en-octobre","status":"publish","type":"post","link":"https:\/\/www.europesays.com\/fr\/232504\/","title":{"rendered":"Les 70 ans de la Citro\u00ebn DS seront c\u00e9l\u00e9br\u00e9s \u00e0 Paris en octobre"},"content":{"rendered":"<p>Produite durant vingt ans, de 1955 \u00e0 1975, la <a href=\"https:\/\/fr.motor1.com\/news\/135415\/ds-citroen-ds-sm-salon-retromobile\/\" data-inline-widget=\"internal-links\" data-type-id=\"0\" data-params=\"%7B%22article_edition_id%22%3A%22135415%22%2C%22section%22%3A%221%22%2C%22alias%22%3A%22ds-citroen-ds-sm-salon-retromobile%22%7D\" target=\"_blank\" rel=\"noopener\">Citro\u00ebn DS<\/a> est devenue une ic\u00f4ne de l\u2019automobile fran\u00e7aise, et a \u00e9t\u00e9 produite \u00e0 pr\u00e8s de 1.5 millions d\u2019exemplaires durant ses ann\u00e9es de fabrication.<\/p>\n<p>Rendue populaire par le cin\u00e9ma, la DS a \u00e9t\u00e9 \u00e9galement longtemps associ\u00e9e au statut de v\u00e9hicule pr\u00e9sidentiel, <strong>Charles de Gaulle<\/strong> ayant ouvert la tradition en 1962 avec la <strong>DS19<\/strong>, un v\u00e9hicule qui fut d\u2019ailleurs impliqu\u00e9 dans le c\u00e9l\u00e8bre attentat dit du Petit-Clamart visant le g\u00e9n\u00e9ral le 22 ao\u00fbt de cette m\u00eame ann\u00e9e. Par la suite, le g\u00e9n\u00e9ral De Gaulle a opt\u00e9 pour une <strong>Citro\u00ebn DS sortie des ateliers <a href=\"https:\/\/fr.motor1.com\/news\/243936\/citroen-id-1960-valletta\/\" data-inline-widget=\"internal-links\" data-type-id=\"0\" data-params=\"%7B%22article_edition_id%22%3A%22243936%22%2C%22section%22%3A%221%22%2C%22alias%22%3A%22citroen-id-1960-valletta%22%7D\" target=\"_blank\" rel=\"noopener\">Chapron<\/a><\/strong>, avant que <strong>Val\u00e9ry Giscard d\u2019Estaing<\/strong> n\u2019effectue ses d\u00e9placements \u00e0 bord d\u2019une DS 21.<\/p>\n<p><strong>Cette ann\u00e9e, la Citro\u00ebn DS f\u00eate ainsi ses 70 ans<\/strong>. Un cap qui sera c\u00e9l\u00e9br\u00e9 comme il se doit en octobre prochain \u00e0 Paris. Pour l\u2019occasion, le <a href=\"http:\/\/www.paridsclub.com\/pages\/ds-jubile-de-platine.html\" target=\"_blank\" rel=\"noopener noreferrer\"><strong>Club ParIDS<\/strong><\/a> a annonc\u00e9 deux jours de festivit\u00e9s autour de la DS, avec un rendez-vous ouvert \u00e0 tous, grand public comme propri\u00e9taires.<\/p>\n<p>        <img decoding=\"async\" src=\"https:\/\/www.europesays.com\/fr\/wp-content\/uploads\/2025\/04\/16x9-tr.png\" alt=\"Citro\u00ebn DS \u00e9lectrog\u00e8ne\" width=\"16\" height=\"9\" loading=\"lazy\"\/><\/p>\n<p>Citro\u00ebn DS \u00e9lectrog\u00e8ne<\/p>\n<p>Ces festivit\u00e9s, qui se tiendront les 18 et 19 octobre, font suite aux \u00e9v\u00e9nements ayant d\u00e9j\u00e0 c\u00e9l\u00e9br\u00e9 les 50 ans, puis les 60 ans de la Citro\u00ebn DS en 2005 puis en 2015, sous la houlette du Club ParIDS. Ce dernier sera \u00e0 nouveau aux commandes de cette f\u00eate populaire, qui se tiendra dans le 15e arrondissement de la capitale, au Parc Andr\u00e9 Citro\u00ebn, berceau de la marque aux chevrons, et lieu de fabrication de la DS dans les anciennes usines de Javel, demeur\u00e9es elles aussi iconiques.<\/p>\n<p>Au programme du <strong>samedi 19 octobre<\/strong>\u00a0: des expositions de DS au Parc Andr\u00e9 Citro\u00ebn, et de mod\u00e8les plus rares dans la serre du parc, mais aussi un concours d\u2019\u00e9l\u00e9gance qui se tiendra sur le parvis. Ce dernier sera ouvert \u00e0 25 voitures maximum, et aura pour th\u00e8me la Femme et la DS. Le <strong>dimanche 19 octobre<\/strong> verra <strong>un d\u00e9fil\u00e9 dans Paris<\/strong> de pr\u00e8s de 200 Citro\u00ebn DS, qui d\u00e9butera \u00e0 l\u2019Arc de Triomphe en haut de l\u2019avenue Foch, \u00e0 partir de 9 heures.<\/p>\n","protected":false},"excerpt":{"rendered":"Produite durant vingt ans, de 1955 \u00e0 1975, la Citro\u00ebn DS est devenue une ic\u00f4ne de l\u2019automobile fran\u00e7aise,&hellip;\n","protected":false},"author":2,"featured_media":232505,"comment_status":"","ping_status":"","sticky":false,"template":"","format":"standard","meta":{"footnotes":""},"categories":[1888],"tags":[1111,1928,11,1927,1777,674,1011,27,12,1926,626,1925,25,37147],"class_list":{"0":"post-232504","1":"post","2":"type-post","3":"status-publish","4":"format-standard","5":"has-post-thumbnail","7":"category-paris","8":"tag-actu","9":"tag-actu-paris","10":"tag-actualites","11":"tag-actualites-paris","12":"tag-eu","13":"tag-europe","14":"tag-fr","15":"tag-france","16":"tag-news","17":"tag-news-paris","18":"tag-paris","19":"tag-paris-news","20":"tag-republique-francaise","21":"tag-ru00e9tro-vintage"},"share_on_mastodon":{"url":"https:\/\/pubeurope.com\/@fr\/114811703693052120","error":""},"_links":{"self":[{"href":"https:\/\/www.europesays.com\/fr\/wp-json\/wp\/v2\/posts\/232504","targetHints":{"allow":["GET"]}}],"collection":[{"href":"https:\/\/www.europesays.com\/fr\/wp-json\/wp\/v2\/posts"}],"about":[{"href":"https:\/\/www.europesays.com\/fr\/wp-json\/wp\/v2\/types\/post"}],"author":[{"embeddable":true,"href":"https:\/\/www.europesays.com\/fr\/wp-json\/wp\/v2\/users\/2"}],"replies":[{"embeddable":true,"href":"https:\/\/www.europesays.com\/fr\/wp-json\/wp\/v2\/comments?post=232504"}],"version-history":[{"count":0,"href":"https:\/\/www.europesays.com\/fr\/wp-json\/wp\/v2\/posts\/232504\/revisions"}],"wp:featuredmedia":[{"embeddable":true,"href":"https:\/\/www.europesays.com\/fr\/wp-json\/wp\/v2\/media\/232505"}],"wp:attachment":[{"href":"https:\/\/www.europesays.com\/fr\/wp-json\/wp\/v2\/media?parent=232504"}],"wp:term":[{"taxonomy":"category","embeddable":true,"href":"https:\/\/www.europesays.com\/fr\/wp-json\/wp\/v2\/categories?post=232504"},{"taxonomy":"post_tag","embeddable":true,"href":"https:\/\/www.europesays.com\/fr\/wp-json\/wp\/v2\/tags?post=232504"}],"curies":[{"name":"wp","href":"https:\/\/api.w.org\/{rel}","templated":true}]}}