{"id":232508,"date":"2025-07-07T11:26:09","date_gmt":"2025-07-07T11:26:09","guid":{"rendered":"https:\/\/www.europesays.com\/fr\/232508\/"},"modified":"2025-07-07T11:26:09","modified_gmt":"2025-07-07T11:26:09","slug":"fousseynou-cisse-qui-a-sauve-six-personnes-dun-incendie-a-paris-va-etre-decore-pour-acte-de-courage-liberation","status":"publish","type":"post","link":"https:\/\/www.europesays.com\/fr\/232508\/","title":{"rendered":"Fousseynou Ciss\u00e9, qui a sauv\u00e9 six personnes d\u2019un incendie \u00e0 Paris, va \u00eatre d\u00e9cor\u00e9 pour acte de courage \u2013 Lib\u00e9ration"},"content":{"rendered":"<p class=\"sc-ksZaOG ehjQrN text-element\">L\u2019adage \u00abtous les h\u00e9ros ne portent pas de capes\u00bb n\u2019a jamais aussi bien port\u00e9 son nom. Fousseynou Ciss\u00e9, 39 ans, a secouru une famille de six personnes, deux adultes et quatre enfants, d\u2019un incendie au 6e \u00e9tage d\u2019un immeuble \u00e0 Paris vendredi. Afin de r\u00e9compenser sa bravoure, il va \u00eatre d\u00e9cor\u00e9 pour acte de courage et de d\u00e9vouement, a fait savoir ce lundi 7 juillet une source au sein du minist\u00e8re de l\u2019Int\u00e9rieur <a href=\"https:\/\/www.liberation.fr\/politique\/chasse-aux-sans-papiers-dans-les-transports-comment-macron-et-bayrou-peuvent-ils-laisser-retailleau-faire-ca-20250619_HX3Y56LEGBBLNFO66PSR73E3IQ\/\" target=\"_blank\" rel=\"noreferrer nofollow noopener\" title=\"https:\/\/www.liberation.fr\/politique\/chasse-aux-sans-papiers-dans-les-transports-comment-macron-et-bayrou-peuvent-ils-laisser-retailleau-faire-ca-20250619_HX3Y56LEGBBLNFO66PSR73E3IQ\/\">de Bruno Retailleau<\/a>, confirmant une information <a href=\"https:\/\/www.bfmtv.com\/paris\/info-bfmtv-fousseynou-qui-a-sauve-six-personnes-d-un-incendie-a-paris-va-etre-decore-pour-acte-de-courage_AN-202507070302.html?at_brand=BFMTV&amp;at_compte=BFMTV&amp;at_plateforme=twitter&amp;at_campaign=Fan_pages&amp;at_medium=Community_Management\" target=\"_blank\" rel=\"nofollow noopener\" title=\"https:\/\/www.bfmtv.com\/paris\/info-bfmtv-fousseynou-qui-a-sauve-six-personnes-d-un-incendie-a-paris-va-etre-decore-pour-acte-de-courage_AN-202507070302.html?at_brand=BFMTV&amp;at_compte=BFMTV&amp;at_plateforme=twitter&amp;at_campaign=Fan_pages&amp;at_medium=Community_Management\">de BFMTV<\/a>. <\/p>\n<p class=\"sc-ksZaOG ehjQrN text-element\">Cette qualification devrait ainsi lui valoir une m\u00e9daille d\u2019honneur, d\u00e9coration destin\u00e9e \u00e0 \u00abtoute personne qui, au p\u00e9ril de sa vie, se porte au secours d\u2019une ou plusieurs personnes en danger de mort\u00bb, selon <a href=\"https:\/\/www.prefectures-regions.gouv.fr\/ile-de-france\/Region-et-institutions\/Demarches-administratives\/Distinctions-honorifiques-et-plaques-commemoratives\/Medailles-d-honneur\/Medaille-pour-acte-de-courage-et-de-devouement\/#titre\" target=\"_blank\" rel=\"noreferrer nofollow noopener\" title=\"https:\/\/www.prefectures-regions.gouv.fr\/ile-de-france\/Region-et-institutions\/Demarches-administratives\/Distinctions-honorifiques-et-plaques-commemoratives\/Medailles-d-honneur\/Medaille-pour-acte-de-courage-et-de-devouement\/#titre\">le site<\/a> de la pr\u00e9fecture d\u2019Ile-de-France.<\/p>\n<blockquote class=\"twitter-tweet\">\n<p lang=\"fr\" dir=\"ltr\">La bravoure faite homme. <\/p>\n<p>Merci \u00e0 ce monsieur d\u2019avoir sauv\u00e9 ces familles des flammes. <\/p>\n<p>J\u2019ai pu mesurer leur soulagement en me rendant sur place hier. <\/p>\n<p>Dans nos quartiers, la solidarit\u00e9 n\u2019est pas un vain mot. <a href=\"https:\/\/t.co\/oUgnfxFizy\" rel=\"nofollow\">pic.twitter.com\/oUgnfxFizy<\/a><\/p>\n<p>\u2014 Ian Brossat (@IanBrossat) <a href=\"https:\/\/twitter.com\/IanBrossat\/status\/1941515370554347698?ref_src=twsrc%5Etfw\" rel=\"nofollow noopener\" target=\"_blank\">July 5, 2025<\/a><\/p><\/blockquote>\n<p class=\"sc-ksZaOG ehjQrN text-element\">Vendredi vers 17 heures, apr\u00e8s sa journ\u00e9e de travail, Fouesseynou Ciss\u00e9 vient tout juste de rentrer dans son appartement situ\u00e9 rue de la Chapelle (XVIIIe arrondissement), lorsqu\u2019il sent une inqui\u00e9tante odeur de brul\u00e9. Il ouvre les volets et constate qu\u2019un incendie s\u2019est d\u00e9clar\u00e9 dans l\u2019immeuble d\u2019\u00e0 c\u00f4t\u00e9. Aussit\u00f4t, il ordonne \u00e0 sa femme de quitter les lieux avec leur enfant de 2 ans. \u00abEn partant, j\u2019ai toqu\u00e9 \u00e0 la porte d\u2019\u00e0 c\u00f4t\u00e9 et mon voisin m\u2019a appel\u00e9 pour me dire de venir voir parce qu\u2019il y a des gens qui sont bloqu\u00e9s l\u00e0-haut\u00bb, a-t-il t\u00e9moign\u00e9 <a href=\"https:\/\/www.franceinfo.fr\/faits-divers\/temoignage-incendie-a-paris-c-est-le-c-ur-qui-te-dit-il-faut-y-aller-confie-fousseynou-cisse-apres-son-acte-heroique-qui-a-sauve-six-personnes_7362273.html\" target=\"_blank\" rel=\"nofollow noopener\" title=\"https:\/\/www.franceinfo.fr\/faits-divers\/temoignage-incendie-a-paris-c-est-le-c-ur-qui-te-dit-il-faut-y-aller-confie-fousseynou-cisse-apres-son-acte-heroique-qui-a-sauve-six-personnes_7362273.html\">au micro de France Info<\/a>.<\/p>\n<p class=\"sc-ksZaOG ehjQrN text-element\">Le p\u00e8re de famille constate que plusieurs personnes sont bloqu\u00e9es dans un appartement noirci par une \u00e9paisse fum\u00e9e et s\u2019amassent \u00e0 la fen\u00eatre pour pouvoir respirer, au sixi\u00e8me et dernier \u00e9tage. Fouesseynou Ciss\u00e9 se d\u00e9place alors sur une plateforme d\u2019\u00e0 peine quelques centim\u00e8tres pour venir en aide \u00e0 la famille. \u00abLorsque j\u2019ai vu que mes voisins \u00e9taient bloqu\u00e9s, je n\u2019ai pas h\u00e9sit\u00e9 \u00e0 sauter par la fen\u00eatre et trouver une place pour placer mes pieds. Ce sont surtout les b\u00e9b\u00e9s qui m\u2019ont pouss\u00e9 \u00e0 agir. C\u2019est une question de survie\u00bb, a-t-il expliqu\u00e9 \u00e0 BFMTV. En \u00e9quilibre \u00e0 20 m\u00e8tres du vide, il extirpe des flammes deux b\u00e9b\u00e9s de 5 et 15 mois, deux enfants puis deux adultes. \u00abQuand tu r\u00e9fl\u00e9chis, tu ne calcules pas les risques. C\u2019est apr\u00e8s, en revoyant les images, que j\u2019ai compris que je pouvais mourir et tomber du sixi\u00e8me \u00e9tage\u00bb, poursuit-il.<\/p>\n<p class=\"sc-ksZaOG ehjQrN text-element\">Sans l\u2019aide de celui d\u00e9sormais surnomm\u00e9 le \u00abh\u00e9ros du 18e\u00bb, la famille serait sans doute \u00abmorte d\u2019asphyxie\u00bb, glisse un voisin dans <a href=\"https:\/\/www.leparisien.fr\/faits-divers\/je-nai-pas-reflechi-il-fallait-les-sauver-le-heros-de-lincendie-a-paris-raconte-son-morceau-de-bravoure-06-07-2025-GDWPMMU6KBC5DPBCOC6OK37VBA.php\" target=\"_blank\" rel=\"nofollow noopener\" title=\"https:\/\/www.leparisien.fr\/faits-divers\/je-nai-pas-reflechi-il-fallait-les-sauver-le-heros-de-lincendie-a-paris-raconte-son-morceau-de-bravoure-06-07-2025-GDWPMMU6KBC5DPBCOC6OK37VBA.php\">une vid\u00e9o du Parisien<\/a>. Le parquet de Paris a pr\u00e9cis\u00e9 que 10 r\u00e9sidents de l\u2019immeuble avaient \u00e9t\u00e9 transport\u00e9s \u00e0 l\u2019h\u00f4pital, intoxiqu\u00e9s par les fum\u00e9es de l\u2019incendie dont les circonstances n\u2019ont toujours pas encore \u00e9t\u00e9 \u00e9lucid\u00e9es.<\/p>\n<p class=\"sc-ksZaOG ehjQrN text-element\">Aujourd\u2019hui, Fousseynou Ciss\u00e9 dispose d\u2019un titre de s\u00e9jour et travaille en tant qu\u2019agent d\u2019accueil dans des coll\u00e8ges et des \u00e9tablissements de la Ville de Paris, sous le statut de contractuel. Sans nationalit\u00e9 fran\u00e7aise, pas de perspective d\u2019embauche. Son geste h\u00e9ro\u00efque, \u00e0 l\u2019image de celui de Mamoudou Gassama en 2018, pourrait peut-\u00eatre changer la donne.<\/p>\n<p><script async src=\"https:\/\/platform.twitter.com\/widgets.js\" charset=\"utf-8\"><\/script><\/p>\n","protected":false},"excerpt":{"rendered":"L\u2019adage \u00abtous les h\u00e9ros ne portent pas de capes\u00bb n\u2019a jamais aussi bien port\u00e9 son nom. Fousseynou Ciss\u00e9,&hellip;\n","protected":false},"author":2,"featured_media":232509,"comment_status":"","ping_status":"","sticky":false,"template":"","format":"standard","meta":{"footnotes":""},"categories":[1888],"tags":[11,1777,674,1011,27,1310,12,626,25],"class_list":{"0":"post-232508","1":"post","2":"type-post","3":"status-publish","4":"format-standard","5":"has-post-thumbnail","7":"category-paris","8":"tag-actualites","9":"tag-eu","10":"tag-europe","11":"tag-fr","12":"tag-france","13":"tag-incendie","14":"tag-news","15":"tag-paris","16":"tag-republique-francaise"},"share_on_mastodon":{"url":"https:\/\/pubeurope.com\/@fr\/114811711432914175","error":""},"_links":{"self":[{"href":"https:\/\/www.europesays.com\/fr\/wp-json\/wp\/v2\/posts\/232508","targetHints":{"allow":["GET"]}}],"collection":[{"href":"https:\/\/www.europesays.com\/fr\/wp-json\/wp\/v2\/posts"}],"about":[{"href":"https:\/\/www.europesays.com\/fr\/wp-json\/wp\/v2\/types\/post"}],"author":[{"embeddable":true,"href":"https:\/\/www.europesays.com\/fr\/wp-json\/wp\/v2\/users\/2"}],"replies":[{"embeddable":true,"href":"https:\/\/www.europesays.com\/fr\/wp-json\/wp\/v2\/comments?post=232508"}],"version-history":[{"count":0,"href":"https:\/\/www.europesays.com\/fr\/wp-json\/wp\/v2\/posts\/232508\/revisions"}],"wp:featuredmedia":[{"embeddable":true,"href":"https:\/\/www.europesays.com\/fr\/wp-json\/wp\/v2\/media\/232509"}],"wp:attachment":[{"href":"https:\/\/www.europesays.com\/fr\/wp-json\/wp\/v2\/media?parent=232508"}],"wp:term":[{"taxonomy":"category","embeddable":true,"href":"https:\/\/www.europesays.com\/fr\/wp-json\/wp\/v2\/categories?post=232508"},{"taxonomy":"post_tag","embeddable":true,"href":"https:\/\/www.europesays.com\/fr\/wp-json\/wp\/v2\/tags?post=232508"}],"curies":[{"name":"wp","href":"https:\/\/api.w.org\/{rel}","templated":true}]}}