{"id":232518,"date":"2025-07-07T11:31:37","date_gmt":"2025-07-07T11:31:37","guid":{"rendered":"https:\/\/www.europesays.com\/fr\/232518\/"},"modified":"2025-07-07T11:31:37","modified_gmt":"2025-07-07T11:31:37","slug":"tarifs-de-donald-trump-lallemagne-engluee-dans-la-stagnation-economique","status":"publish","type":"post","link":"https:\/\/www.europesays.com\/fr\/232518\/","title":{"rendered":"Tarifs de Donald Trump: l&rsquo;Allemagne englu\u00e9e dans la stagnation \u00e9conomique"},"content":{"rendered":"<p><strong>Une nouvelle ann\u00e9e en berne pour la premi\u00e8re \u00e9conomie europ\u00e9enne: le gouvernement allemand a revu en baisse jeudi ses pr\u00e9visions de croissance, tablant sur une stagnation du fait de la guerre commerciale d\u00e9clench\u00e9e par Donald Trump.<\/strong>\u00a0<\/p>\n<p class=\"toreadalso-fromEMP\"><strong>\u2022 \u00c0 lire aussi: <\/strong><a href=\"https:\/\/www.tvanouvelles.ca\/2025\/04\/24\/les-marches-boursiers-prudents-entre-guerre-commerciale-et-resultats-dentreprises\" target=\"191679ca-2903-45a6-902c-e5b78cf581f8\" rel=\"nofollow noopener\"><strong>Les march\u00e9s boursiers prudents, entre guerre commerciale et r\u00e9sultats d&rsquo;entreprises<\/strong><\/a><\/p>\n<p class=\"toreadalso-fromEMP\"><strong>\u2022 \u00c0 lire aussi: <\/strong><a href=\"https:\/\/www.journaldemontreal.com\/2025\/04\/23\/les-effets-de-la-guerre-commerciale-se-font-sentir-aux-etats-unis-selon-un-rapport-de-la-fed\" target=\"f64b9d30-bc66-4fca-8047-7a768307e5ac\" rel=\"nofollow noopener\"><strong>Les effets de la guerre commerciale se font sentir aux \u00c9tats-Unis, selon un rapport de la Fed<\/strong><\/a><\/p>\n<p>Ce sur-place fait suite \u00e0 deux ann\u00e9es de r\u00e9cession. Mais en r\u00e9alit\u00e9 c&rsquo;est depuis 2018 que l&rsquo;Allemagne n&rsquo;avance plus sur le plan \u00e9conomique.<\/p>\n<p>En janvier, le vice-chancelier et ministre de l&rsquo;\u00c9conomie Robert Habeck pr\u00e9voyait encore une croissance de 0,3% en 2025, apr\u00e8s deux r\u00e9cessions en 2024 (-0,2%) et 2023 (-0,1%).<\/p>\n<p>Mais l\u2019\u00e9conomie allemande, embourb\u00e9e dans une crise industrielle in\u00e9dite et une s\u00e9rie de probl\u00e8mes structurels, doit depuis janvier \u00e9galement composer avec l&rsquo;offensive sur les droits de douane de Donald Trump.<\/p>\n<p>\u00abLa politique commerciale des \u00c9tats-Unis, les menaces et l&rsquo;imposition de droits de douane affectent directement l&rsquo;\u00e9conomie allemande, tr\u00e8s orient\u00e9e vers l&rsquo;exportation\u00bb, a r\u00e9sum\u00e9 Robert Habeck lors de la pr\u00e9sentation \u00e0 la presse de ses pr\u00e9visions de printemps.<\/p>\n<p>De quoi prolonger la travers\u00e9e du d\u00e9sert de l&rsquo;\u00e9conomie allemande, en \u00absituation de stagnation\u00bb globalement depuis 2018 selon un diagnostic fait en janvier par le ministre \u00e9cologiste.<\/p>\n<p>  <strong>\u00abD\u00e9pendance\u00bb<\/strong>\u00a0<\/p>\n<p>Les choix des \u00c9tats-Unis, premier partenaire commercial de l&rsquo;Allemagne, devraient co\u00fbter \u00e0 cette derni\u00e8re 0,25 voire 0,5 point de pourcentage de croissance en 2025, selon le ministre.<\/p>\n<p>Le pr\u00e9sident am\u00e9ricain a certes d\u00e9cr\u00e9t\u00e9 une pause de 90 jours pour les surtaxes sup\u00e9rieures \u00e0 10% hormis pour la Chine, mais l&rsquo;inqui\u00e9tude demeure.<\/p>\n<p>Car les barri\u00e8res commerciales viennent frapper des secteurs cl\u00e9s du fleuron industriel allemand, comme les voitures et l&rsquo;acier. La chimie, pour l&rsquo;instant \u00e9pargn\u00e9e, se pr\u00e9pare aussi au pire.<\/p>\n<p>Robert Habeck a appel\u00e9 jeudi \u00e0 \u00abn\u00e9gocier avec les \u00c9tats-Unis en toute confiance\u00bb pour trouver une solution, sans craindre d&rsquo;adopter des \u00abmesures de r\u00e9torsion\u00bb si n\u00e9cessaire.<\/p>\n<p>Le gouvernement du social-d\u00e9mocrate Olaf Scholz, dont il fait partie, vit ses derniers jours \u00e0 la suite des \u00e9lections de fin f\u00e9vrier remport\u00e9es par les conservateurs.<\/p>\n<p>Apr\u00e8s la passation de pouvoir du 6 mai, ce sera la mission du futur chancelier Friedrich Merz, \u00e0 la t\u00eate d&rsquo;une coalition avec les sociaux-d\u00e9mocrates.<\/p>\n<p>Et la t\u00e2che s&rsquo;annonce ardue. L&rsquo;\u00e9conomie allemande a \u00e9t\u00e9 \u00e9branl\u00e9e par des crises \u00e0 r\u00e9p\u00e9tition, du Covid \u00e0 l&rsquo;invasion russe en Ukraine qui a fait grimper les prix de l&rsquo;\u00e9nergie et pes\u00e9 sur le commerce mondial.<\/p>\n<p>\u00abNous sommes confront\u00e9s \u00e0 un bouleversement fondamental \u2014 je dirais m\u00eame un changement de paradigme \u2014 des fondements \u00e9conomiques. Nous l\u2019avons appris \u00e0 la dure\u00bb, a-t-il ajout\u00e9, faisant r\u00e9f\u00e9rence \u00e0 la crise \u00e9nerg\u00e9tique de 2022.<\/p>\n<p>L&rsquo;Allemagne, qui a du se sevrer rapidement du gaz russe bon march\u00e9 pr\u00e9cieux pour l&rsquo;industrie, ne doit \u00abplus jamais tomber dans une telle d\u00e9pendance vis-\u00e0-vis d&rsquo;un \u00c9tat ou d&rsquo;un fournisseur\u00bb, a-t-il aussi mis en garde.<\/p>\n<p>Cela vaut \u00abpour l&rsquo;\u00e9nergie comme pour des secteurs cl\u00e9s tels que la micro\u00e9lectronique, les batteries ou la pharmacie\u00bb, a-t-il ajout\u00e9.<\/p>\n<p>  <strong>\u00abEffet de rattrapage\u00bb ? <\/strong>\u00a0<\/p>\n<p>Jeudi, la projection de croissance pour 2026 a aussi \u00e9t\u00e9 abaiss\u00e9e, de 1,1% \u00e0 1,0%.<\/p>\n<p>Robert Habeck promet tout de m\u00eame un \u00abeffet de rattrapage\u00bb \u00e0 l&rsquo;avenir, \u00e0 la faveur d&rsquo;une inflation dompt\u00e9e et d&rsquo;une reprise attendue de la consommation priv\u00e9e.<\/p>\n<p>L&rsquo;Allemagne compte aussi sur le plan d&rsquo;investissement de plusieurs centaines de milliards d&rsquo;euros adopt\u00e9 en avril pour muscler la d\u00e9fense et moderniser les infrastructures au cours des ann\u00e9es \u00e0 venir.<\/p>\n<p>Ces effets ne se feront ressentir qu&rsquo;avec du retard, a temp\u00e9r\u00e9 la Banque centrale allemande dans son bulletin mensuel publi\u00e9 jeudi.<\/p>\n<p>Entre concurrence chinoise et prix de l&rsquo;\u00e9nergie \u00e9lev\u00e9s, la crise de l&rsquo;industrie continue aussi de peser sur les perspectives de croissance.<\/p>\n<p>La premi\u00e8re \u00e9conomie europ\u00e9enne devrait avoir l\u00e9g\u00e8rement progress\u00e9 au premier trimestre 2025, mais devrait vivre un nouveau revers dans le trimestre en cours.<\/p>\n<p>Si les mois d&rsquo;hiver ont \u00e9t\u00e9 port\u00e9s par l&rsquo;industrie, le b\u00e2timent et une consommation priv\u00e9e en modeste reprise, la conjoncture en Allemagne reste toutefois \u00abglobalement faible\u00bb, juge la \u00abBuba\u00bb.<\/p>\n<p>La demande \u00e9trang\u00e8re pour les produits made in Germany reste faible, ce qui conduit \u00e0 sous-utiliser les capacit\u00e9s industrielles et freiner les investissements.<\/p>\n","protected":false},"excerpt":{"rendered":"Une nouvelle ann\u00e9e en berne pour la premi\u00e8re \u00e9conomie europ\u00e9enne: le gouvernement allemand a revu en baisse jeudi&hellip;\n","protected":false},"author":2,"featured_media":232519,"comment_status":"","ping_status":"","sticky":false,"template":"","format":"standard","meta":{"footnotes":""},"categories":[1587],"tags":[11,672,1804,1805,1803,1777,674,1801,12,1802],"class_list":{"0":"post-232518","1":"post","2":"type-post","3":"status-publish","4":"format-standard","5":"has-post-thumbnail","7":"category-allemagne","8":"tag-actualites","9":"tag-allemagne","10":"tag-bundesrepublik-deutschland","11":"tag-de","12":"tag-deutschland","13":"tag-eu","14":"tag-europe","15":"tag-germany","16":"tag-news","17":"tag-republique-federale-dallemagne"},"share_on_mastodon":{"url":"https:\/\/pubeurope.com\/@fr\/114811730947934520","error":""},"_links":{"self":[{"href":"https:\/\/www.europesays.com\/fr\/wp-json\/wp\/v2\/posts\/232518","targetHints":{"allow":["GET"]}}],"collection":[{"href":"https:\/\/www.europesays.com\/fr\/wp-json\/wp\/v2\/posts"}],"about":[{"href":"https:\/\/www.europesays.com\/fr\/wp-json\/wp\/v2\/types\/post"}],"author":[{"embeddable":true,"href":"https:\/\/www.europesays.com\/fr\/wp-json\/wp\/v2\/users\/2"}],"replies":[{"embeddable":true,"href":"https:\/\/www.europesays.com\/fr\/wp-json\/wp\/v2\/comments?post=232518"}],"version-history":[{"count":0,"href":"https:\/\/www.europesays.com\/fr\/wp-json\/wp\/v2\/posts\/232518\/revisions"}],"wp:featuredmedia":[{"embeddable":true,"href":"https:\/\/www.europesays.com\/fr\/wp-json\/wp\/v2\/media\/232519"}],"wp:attachment":[{"href":"https:\/\/www.europesays.com\/fr\/wp-json\/wp\/v2\/media?parent=232518"}],"wp:term":[{"taxonomy":"category","embeddable":true,"href":"https:\/\/www.europesays.com\/fr\/wp-json\/wp\/v2\/categories?post=232518"},{"taxonomy":"post_tag","embeddable":true,"href":"https:\/\/www.europesays.com\/fr\/wp-json\/wp\/v2\/tags?post=232518"}],"curies":[{"name":"wp","href":"https:\/\/api.w.org\/{rel}","templated":true}]}}