{"id":232526,"date":"2025-07-07T11:36:12","date_gmt":"2025-07-07T11:36:12","guid":{"rendered":"https:\/\/www.europesays.com\/fr\/232526\/"},"modified":"2025-07-07T11:36:12","modified_gmt":"2025-07-07T11:36:12","slug":"un-jeune-parisien-sauve-une-famille-piegee-dans-un-incendie","status":"publish","type":"post","link":"https:\/\/www.europesays.com\/fr\/232526\/","title":{"rendered":"un jeune parisien sauve une famille pi\u00e9g\u00e9e dans un incendie"},"content":{"rendered":"<p style=\"text-align:justify;\">AA \/ Ankara \/ Adama Bamba<\/p>\n<p style=\"text-align:justify;\">Fousseynou Ciss\u00e9, qui a secouru une famille prise au pi\u00e8ge dans un appartement en flammes \u00e0 Paris, vendredi dernier, sera d\u00e9cor\u00e9 pour acte de courage et de d\u00e9vouement, a rapport\u00e9 BFMTV selon une source proche du ministre de l\u2019Int\u00e9rieur. L\u2019annonce intervient alors que son geste continue d\u2019\u00e9mouvoir largement sur les r\u00e9seaux sociaux. <\/p>\n<p style=\"text-align:justify;\">Pour rappel, un spectaculaire incendie s\u2019est d\u00e9clar\u00e9 vendredi vers 17h00 au deuxi\u00e8me \u00e9tage d\u2019un immeuble situ\u00e9 dans le XVIIIe arrondissement de Paris, provoquant une mont\u00e9e rapide des flammes. <\/p>\n<p style=\"text-align:justify;\">Selon des t\u00e9moignages, une famille de six personnes, prise au pi\u00e8ge au sixi\u00e8me \u00e9tage, a \u00e9t\u00e9 sauv\u00e9e in extremis gr\u00e2ce \u00e0 l\u2019acte h\u00e9ro\u00efque de leur voisin, Fousseynou Samba. <\/p>\n<p style=\"text-align:justify;\">Alors que le feu se propageait, ce dernier n\u2019a pas h\u00e9sit\u00e9 \u00e0 escalader par la fen\u00eatre, avan\u00e7ant sur une corniche \u00e0 plusieurs dizaines de m\u00e8tres du sol pour saisir des b\u00e9b\u00e9s par les bras et les mettre en s\u00e9curit\u00e9. <\/p>\n<p style=\"text-align:justify;\">Par chance, aucun bless\u00e9 grave n\u2019est \u00e0 d\u00e9plorer, bien que les circonstances aient \u00e9t\u00e9 dramatiques. <\/p>\n<p style=\"text-align:justify;\">Les pompiers de Paris, mobilis\u00e9s \u00e0 hauteur de 80 agents avec une vingtaine d\u2019engins, selon les m\u00e9dias locaux, sont intervenus rapidement pour ma\u00eetriser l\u2019incendie, qui s\u2019\u00e9tait propag\u00e9 \u00e0 deux autres logements et une terrasse au 45 boulevard de la Chapelle. <\/p>\n<p style=\"text-align:justify;\">L\u2019origine de l\u2019incendie reste pour l\u2019heure ind\u00e9termin\u00e9e, et une enqu\u00eate est en cours pour en identifier les causes, a indiqu\u00e9 une source proche des services de s\u00e9curit\u00e9. <\/p>\n<p style=\"text-align:justify;\">Fousseynou, devenu un h\u00e9ros local, a \u00e9t\u00e9 salu\u00e9 par les r\u00e9sidents et les autorit\u00e9s pour son courage exceptionnel. Les d\u00e9tails de son intervention, relay\u00e9s par des voisins et des images amateurs circulant sur les r\u00e9seaux sociaux, montrent un homme risquant sa vie pour sauver autrui, un acte qui pourrait inspirer une reconnaissance officielle. <\/p>\n<p style=\"text-align:justify;\">La famille rescap\u00e9e, sous le choc mais saine et sauve, a \u00e9t\u00e9 prise en charge. <\/p>\n<p>                            &#13;<br \/>\n                                <a href=\"https:\/\/www.aa.com.tr\/fr\/p\/abonnement\/1001\" target=\"_blank\" style=\"font-size:12px; color:#444; text-decoration:none;\" rel=\"nofollow noopener\">&#13;<br \/>\n                                    Seulement une partie des d\u00e9p\u00eaches, que l&rsquo;Agence Anadolu diffuse \u00e0 ses abonn\u00e9s via le Syst\u00e8me de Diffusion interne (HAS), est diffus\u00e9e sur le site de l&rsquo;AA, de mani\u00e8re r\u00e9sum\u00e9e. <b style=\"color:#1897F7\">Contactez-nous s&rsquo;il vous pla\u00eet pour vous abonner.<\/b>&#13;<br \/>\n                                <\/a>&#13;<\/p>\n","protected":false},"excerpt":{"rendered":"AA \/ Ankara \/ Adama Bamba Fousseynou Ciss\u00e9, qui a secouru une famille prise au pi\u00e8ge dans un&hellip;\n","protected":false},"author":2,"featured_media":232527,"comment_status":"","ping_status":"","sticky":false,"template":"","format":"standard","meta":{"footnotes":""},"categories":[4],"tags":[11,1785,37148,1011,27,1310,12,626,25],"class_list":{"0":"post-232526","1":"post","2":"type-post","3":"status-publish","4":"format-standard","5":"has-post-thumbnail","7":"category-france","8":"tag-actualites","9":"tag-anadolu-ajansi","10":"tag-fousseynou-ciss","11":"tag-fr","12":"tag-france","13":"tag-incendie","14":"tag-news","15":"tag-paris","16":"tag-republique-francaise"},"share_on_mastodon":{"url":"https:\/\/pubeurope.com\/@fr\/114811750575432257","error":""},"_links":{"self":[{"href":"https:\/\/www.europesays.com\/fr\/wp-json\/wp\/v2\/posts\/232526","targetHints":{"allow":["GET"]}}],"collection":[{"href":"https:\/\/www.europesays.com\/fr\/wp-json\/wp\/v2\/posts"}],"about":[{"href":"https:\/\/www.europesays.com\/fr\/wp-json\/wp\/v2\/types\/post"}],"author":[{"embeddable":true,"href":"https:\/\/www.europesays.com\/fr\/wp-json\/wp\/v2\/users\/2"}],"replies":[{"embeddable":true,"href":"https:\/\/www.europesays.com\/fr\/wp-json\/wp\/v2\/comments?post=232526"}],"version-history":[{"count":0,"href":"https:\/\/www.europesays.com\/fr\/wp-json\/wp\/v2\/posts\/232526\/revisions"}],"wp:featuredmedia":[{"embeddable":true,"href":"https:\/\/www.europesays.com\/fr\/wp-json\/wp\/v2\/media\/232527"}],"wp:attachment":[{"href":"https:\/\/www.europesays.com\/fr\/wp-json\/wp\/v2\/media?parent=232526"}],"wp:term":[{"taxonomy":"category","embeddable":true,"href":"https:\/\/www.europesays.com\/fr\/wp-json\/wp\/v2\/categories?post=232526"},{"taxonomy":"post_tag","embeddable":true,"href":"https:\/\/www.europesays.com\/fr\/wp-json\/wp\/v2\/tags?post=232526"}],"curies":[{"name":"wp","href":"https:\/\/api.w.org\/{rel}","templated":true}]}}