{"id":232528,"date":"2025-07-07T11:37:09","date_gmt":"2025-07-07T11:37:09","guid":{"rendered":"https:\/\/www.europesays.com\/fr\/232528\/"},"modified":"2025-07-07T11:37:09","modified_gmt":"2025-07-07T11:37:09","slug":"john-deere-classic-brian-campbell-domine-emiliano-grillo-en-play-off-et-sadjuge-sa-deuxieme-victoire-de-la-saison-lequipe","status":"publish","type":"post","link":"https:\/\/www.europesays.com\/fr\/232528\/","title":{"rendered":"John Deere Classic : Brian Campbell domine Emiliano Grillo en play-off et s&#039;adjuge sa deuxi\u00e8me victoire de la saison &#8211; L&#039;\u00c9quipe"},"content":{"rendered":"<ol>\n<li><a href=\"https:\/\/news.google.com\/rss\/articles\/CBMi8wFBVV95cUxOYXBlRUozalhoU2REeTlsS29NZ2QzaDBrOW16dUk2ejg1bEVfN2toeTE3QllDVXA3cXR1bk5mUXlPbDRqSzVUMDdmeXhkaml3WXdJWkV5U3ZObmxXTzBDRFpTMHVZbHJsNVYtd0N2aUhZSFZuODViR1l4bG04WTdsb3hmYzhMRWVIanltTFEyN05yWGFlWERkbGp0SDFVUktXNi1HZW9ScEFxa1JhQWkwOUpGUUI0ZDRtMllPYmdqejl4dEhxcnlUT25wUHJ3QzNGSGE0LThxNVk3UkdvS3pyclY0M0lSQlNGT3phdHNnQmpiNmM?oc=5\" target=\"_blank\" rel=\"nofollow noopener\">John Deere Classic : Brian Campbell domine Emiliano Grillo en play-off et s&rsquo;adjuge sa deuxi\u00e8me victoire de la saison<\/a>&nbsp;&nbsp;L&rsquo;\u00c9quipe<\/li>\n<li><a href=\"https:\/\/news.google.com\/rss\/articles\/CBMingJBVV95cUxPaDBSdWxkOEcwU0Q5V3FBMFJ2UGZ1cE9sdkQwQ0RSdUMtNWR5Q0lzcFYxc0otUWdqZm1SRndiamxRU3JURmgxcDJhUlFKM1VqQUVSWTBQbDZyX1hjNnZlYUNKT050Z3REbXV2bTZfU25xbFNHdFpqVjhaMTJqSGJOSVc2UkdLZXI0YjAtS2IwdXBFOGNIYnFKakw4UXhNZHUyNTE2bFJVS213MkFvTWstZlZqT0hJbHRVMFY1My1fMjktcHQ3c2ZZSFQ3THE0YUo2NUhkT3FMa2xNTllwamZfMFNlM2s3X25keFNYNTIxN2szUWMxZjNreGMzWjM0dGpVdjlaZlhOOWswWkJ4WXZSSGxzaUthSmMybU5CdmFR?oc=5\" target=\"_blank\" rel=\"nofollow noopener\">Roi du play-off, Brian Campbell s&rsquo;impose pour la deuxi\u00e8me fois de la saison, \u00e9limin\u00e9 vendredi Victor Perez recule \u00e0 la FedEx Cup<\/a>&nbsp;&nbsp;Golf Plan\u00e8te<\/li>\n<li><a href=\"https:\/\/news.google.com\/rss\/articles\/CBMihwJBVV95cUxOaXB2N0dINWRCeGNib08xRWNZZDVsR20yWDdDV0pCakRzcXRmX3NQMHFQMnF0Q2NXaDNVMkM3eGU2WXBodms2SE1tcGRSd1QySmxTRnNyV084ajd4b0w0bTF1dkJwdkk0dWMtUnJaT3lkX20tNWcxNVQzVEMtWTloaHVKY3RMX2pBLVRKV2p2NU9ndlFVVFcxd09aNTA0ek80T0RDS2pwcUJTcFJEcDJ1M3ZKLUFsS2lMRVhkQUQ1ZV84YnNveUQxNFdxX1ZFX0YzQVFZaENFN0t4YS1sOVVBZWhrUk8zbzNpb0t4dXl1eTZQd2t2dTFFUVBtMzl2YkJFendBVkl6dw?oc=5\" target=\"_blank\" rel=\"nofollow noopener\">Golf. PGA Tour &#8211; John Deere Classic : L\u2019Am\u00e9ricain Brian Campbell bat Emiliano Grillo en play-offs<\/a>&nbsp;&nbsp;Ouest-France<\/li>\n<li><a href=\"https:\/\/news.google.com\/rss\/articles\/CBMizgFBVV95cUxPN25iLXJDTlA2akhxYXVxbUdwYkJaYmZiZWhXTnNpdmFJR2FQNnhHd2Z6WFNLWVF5LTBvUWFxc1FNRFhBSklZeWp3cHQtaUpESTRrMmR1MnVEamNlbGJDZVB1dmN2RzZsbTV0NlZNYXlRZktfa2xyeEFKdDJVck83aHVtY216cm5FR1JXeEs0ZHdnODRyZlJwVDZXdEVTYUNIQmlmdGJYa1RWNTNLWlJ3ek5GTUppd3FrQlY2UF84c3liVGdnTEFhQTNYc2hDQQ?oc=5\" target=\"_blank\" rel=\"nofollow noopener\">Classique John Deere : Brian Campbell a obtenu sa 2e victoire en prolongation de l&rsquo;ann\u00e9e dans la PGA<\/a>&nbsp;&nbsp;RDS<\/li>\n<li><a href=\"https:\/\/news.google.com\/rss\/articles\/CBMiwAFBVV95cUxOY2xaUW10aFB0ckdHeVN2ODlybUFSelJyM2F3UFl5X05HVk54RmJvWnMzOWxaUnVZQWlEMk5QT29sdzZJTXBSdkpRaGVRcFlCc3RVTWlsczNUUkFwdzNOaG1tWjFNQlNCVW5wX1VQODNtTnVvOHRWZE1MX2hFVjZ2Y2p0SmY4QjIyM1RkbjZTWGJwUVpNVUlmS0dYX0E4VGF1Xy1lVE1kLTBjZ1FsRjc2UnNxX21SQjNMS3VkdU5CSWo?oc=5\" target=\"_blank\" rel=\"nofollow noopener\">Classique John Deere | L\u2019Am\u00e9ricain Brian Campbell s\u2019impose en prolongation<\/a>&nbsp;&nbsp;La Presse<\/li>\n<\/ol>\n","protected":false},"excerpt":{"rendered":"John Deere Classic : Brian Campbell domine Emiliano Grillo en play-off et s&rsquo;adjuge sa deuxi\u00e8me victoire de la&hellip;\n","protected":false},"author":2,"featured_media":232529,"comment_status":"","ping_status":"","sticky":false,"template":"","format":"standard","meta":{"footnotes":""},"categories":[1418],"tags":[1011,27,1472,60],"class_list":{"0":"post-232528","1":"post","2":"type-post","3":"status-publish","4":"format-standard","5":"has-post-thumbnail","7":"category-golf","8":"tag-fr","9":"tag-france","10":"tag-golf","11":"tag-sports"},"share_on_mastodon":{"url":"https:\/\/pubeurope.com\/@fr\/114811754441685483","error":""},"_links":{"self":[{"href":"https:\/\/www.europesays.com\/fr\/wp-json\/wp\/v2\/posts\/232528","targetHints":{"allow":["GET"]}}],"collection":[{"href":"https:\/\/www.europesays.com\/fr\/wp-json\/wp\/v2\/posts"}],"about":[{"href":"https:\/\/www.europesays.com\/fr\/wp-json\/wp\/v2\/types\/post"}],"author":[{"embeddable":true,"href":"https:\/\/www.europesays.com\/fr\/wp-json\/wp\/v2\/users\/2"}],"replies":[{"embeddable":true,"href":"https:\/\/www.europesays.com\/fr\/wp-json\/wp\/v2\/comments?post=232528"}],"version-history":[{"count":0,"href":"https:\/\/www.europesays.com\/fr\/wp-json\/wp\/v2\/posts\/232528\/revisions"}],"wp:featuredmedia":[{"embeddable":true,"href":"https:\/\/www.europesays.com\/fr\/wp-json\/wp\/v2\/media\/232529"}],"wp:attachment":[{"href":"https:\/\/www.europesays.com\/fr\/wp-json\/wp\/v2\/media?parent=232528"}],"wp:term":[{"taxonomy":"category","embeddable":true,"href":"https:\/\/www.europesays.com\/fr\/wp-json\/wp\/v2\/categories?post=232528"},{"taxonomy":"post_tag","embeddable":true,"href":"https:\/\/www.europesays.com\/fr\/wp-json\/wp\/v2\/tags?post=232528"}],"curies":[{"name":"wp","href":"https:\/\/api.w.org\/{rel}","templated":true}]}}