{"id":232532,"date":"2025-07-07T11:42:08","date_gmt":"2025-07-07T11:42:08","guid":{"rendered":"https:\/\/www.europesays.com\/fr\/232532\/"},"modified":"2025-07-07T11:42:08","modified_gmt":"2025-07-07T11:42:08","slug":"martin-de-retour-sur-une-machine-motogp-a-misano","status":"publish","type":"post","link":"https:\/\/www.europesays.com\/fr\/232532\/","title":{"rendered":"Mart\u00edn de retour sur une machine MotoGP\u2122 \u00e0 Misano"},"content":{"rendered":"<p>Aprilia a confirm\u00e9 que le retour de Jorge Mart\u00edn (Aprilia Racing) en MotoGP\u2122 \u00e9tait pr\u00e9vu pour le mercredi 9 juillet sur le circuit Marco Simoncelli de Misano.<\/p>\n<p>Victime d&rsquo;une chute violente au GP du Qatar, le Champion du Monde MotoGP\u2122 en titre est <a href=\"https:\/\/www.youtube.com\/watch?v=VQ2108fdZr4\" rel=\"nofollow noopener\" target=\"_blank\">remont\u00e9 sur une moto<\/a> pour la premi\u00e8re fois au circuit de Barcelone-Catalunya la semaine derni\u00e8re. Apr\u00e8s ce premier test concluant, le Madril\u00e8ne va d\u00e9sormais retrouver son Aprilia RS-GP25 avant de faire son retour en Grand Prix.<\/p>\n<p>Victime d&rsquo;une contusion des c\u00f4tes du thorax droit avec pneumothorax \u00e0 Lusail, le \u00ab\u00a0Martinator\u00a0\u00bb a pass\u00e9 son dernier examen m\u00e9dical le 30 juin et <a href=\"https:\/\/www.motogp.com\/fr\/news\/2025\/06\/30\/update-on-jorge-martins-recovery-german-gp-ruled-out\/753479\" rel=\"nofollow noopener\" target=\"_blank\">Aprilia a confirm\u00e9<\/a> que le processus de r\u00e9cup\u00e9ration du n\u00b01 \u00e9tait positif. Sur cette base, il a \u00e9t\u00e9 jug\u00e9 que deux semaines suppl\u00e9mentaires \u00e9taient n\u00e9cessaires pour un r\u00e9tablissement complet des blessures aux c\u00f4tes. Neuf jours apr\u00e8s cet examen, Jorge Mart\u00edn va retrouver le guidon d&rsquo;une machine MotoGP\u2122.<\/p>\n<p>Est-ce que cela signifie que l&rsquo;on va retrouver l&rsquo;Espagnol \u00e0 Brno pour le Grand Prix de R\u00e9publique tch\u00e8que la semaine prochaine ? On l&rsquo;esp\u00e8re, mais seul le temps nous le dira. Quoi qu&rsquo;il en soit, le fait qu&rsquo;il enfourche une machine MotoGP\u2122 avant le Grand Prix d&rsquo;Allemagne est une excellente nouvelle qui montre que son retour \u00e0 la comp\u00e9tition se rapproche.<\/p>\n","protected":false},"excerpt":{"rendered":"Aprilia a confirm\u00e9 que le retour de Jorge Mart\u00edn (Aprilia Racing) en MotoGP\u2122 \u00e9tait pr\u00e9vu pour le mercredi&hellip;\n","protected":false},"author":2,"featured_media":232533,"comment_status":"","ping_status":"","sticky":false,"template":"","format":"standard","meta":{"footnotes":""},"categories":[1413],"tags":[1011,27,1457,1456,60,2032],"class_list":{"0":"post-232532","1":"post","2":"type-post","3":"status-publish","4":"format-standard","5":"has-post-thumbnail","7":"category-moto","8":"tag-fr","9":"tag-france","10":"tag-moto","11":"tag-motocycle","12":"tag-sports","13":"tag-text"},"share_on_mastodon":{"url":"https:\/\/pubeurope.com\/@fr\/114811774156078250","error":""},"_links":{"self":[{"href":"https:\/\/www.europesays.com\/fr\/wp-json\/wp\/v2\/posts\/232532","targetHints":{"allow":["GET"]}}],"collection":[{"href":"https:\/\/www.europesays.com\/fr\/wp-json\/wp\/v2\/posts"}],"about":[{"href":"https:\/\/www.europesays.com\/fr\/wp-json\/wp\/v2\/types\/post"}],"author":[{"embeddable":true,"href":"https:\/\/www.europesays.com\/fr\/wp-json\/wp\/v2\/users\/2"}],"replies":[{"embeddable":true,"href":"https:\/\/www.europesays.com\/fr\/wp-json\/wp\/v2\/comments?post=232532"}],"version-history":[{"count":0,"href":"https:\/\/www.europesays.com\/fr\/wp-json\/wp\/v2\/posts\/232532\/revisions"}],"wp:featuredmedia":[{"embeddable":true,"href":"https:\/\/www.europesays.com\/fr\/wp-json\/wp\/v2\/media\/232533"}],"wp:attachment":[{"href":"https:\/\/www.europesays.com\/fr\/wp-json\/wp\/v2\/media?parent=232532"}],"wp:term":[{"taxonomy":"category","embeddable":true,"href":"https:\/\/www.europesays.com\/fr\/wp-json\/wp\/v2\/categories?post=232532"},{"taxonomy":"post_tag","embeddable":true,"href":"https:\/\/www.europesays.com\/fr\/wp-json\/wp\/v2\/tags?post=232532"}],"curies":[{"name":"wp","href":"https:\/\/api.w.org\/{rel}","templated":true}]}}