{"id":23254,"date":"2025-04-13T23:22:12","date_gmt":"2025-04-13T23:22:12","guid":{"rendered":"https:\/\/www.europesays.com\/fr\/23254\/"},"modified":"2025-04-13T23:22:12","modified_gmt":"2025-04-13T23:22:12","slug":"lethiopienne-bedatu-hirpa-remporte-son-deuxieme-marathon-de-lannee","status":"publish","type":"post","link":"https:\/\/www.europesays.com\/fr\/23254\/","title":{"rendered":"l&rsquo;\u00c9thiopienne Bedatu Hirpa remporte son deuxi\u00e8me marathon de l\u2019ann\u00e9e"},"content":{"rendered":"<p>Au finish devant sa compatriote Dera Dida, l\u2019\u00c9thiopienne Bedatu Hirpa a remport\u00e9 son deuxi\u00e8me marathon de l\u2019ann\u00e9e.<\/p>\n<p class=\"fig-paragraph\">L&rsquo;\u00c9thiopienne Bedatu Hirpa a devanc\u00e9 au finish sa compatriote Dera Dida dimanche lors du marathon de Paris en s&rsquo;imposant en 2 heures 20 minutes 45 secondes.<\/p>\n<p class=\"fig-paragraph\">\u00c0 25 ans, elle remporte son deuxi\u00e8me marathon de l&rsquo;ann\u00e9e, apr\u00e8s s&rsquo;\u00eatre impos\u00e9e \u00e0 Duba\u00ef mi-janvier dernier, d\u00e9j\u00e0 devant Dida dans un finish similaire.<\/p>\n<p class=\"fig-paragraph\">Apr\u00e8s avoir c\u00e9d\u00e9 dans les derniers m\u00e8tres, Dera Dida a termin\u00e9 en 2 heures 20 minutes 49 secondes. La coureuse k\u00e9nyane Angela Tanui se place elle \u00e0 la derni\u00e8re place du podium en 2 heures 21 minutes 7 secondes.<\/p>\n","protected":false},"excerpt":{"rendered":"Au finish devant sa compatriote Dera Dida, l\u2019\u00c9thiopienne Bedatu Hirpa a remport\u00e9 son deuxi\u00e8me marathon de l\u2019ann\u00e9e. L&rsquo;\u00c9thiopienne&hellip;\n","protected":false},"author":2,"featured_media":23255,"comment_status":"","ping_status":"","sticky":false,"template":"","format":"standard","meta":{"footnotes":""},"categories":[1888],"tags":[1111,1928,11,1927,8238,4132,8239,525,2212,1777,674,1011,27,3996,8241,8240,6463,3918,12,1926,626,1925,25,1980],"class_list":{"0":"post-23254","1":"post","2":"type-post","3":"status-publish","4":"format-standard","5":"has-post-thumbnail","7":"category-paris","8":"tag-actu","9":"tag-actu-paris","10":"tag-actualites","11":"tag-actualites-paris","12":"tag-athle","13":"tag-athletisme","14":"tag-bolt","15":"tag-calendrier","16":"tag-championnat-du-monde","17":"tag-eu","18":"tag-europe","19":"tag-fr","20":"tag-france","21":"tag-jeux-olympiques","22":"tag-lavillenie","23":"tag-lemaitre","24":"tag-marathon-de-paris","25":"tag-meeting","26":"tag-news","27":"tag-news-paris","28":"tag-paris","29":"tag-paris-news","30":"tag-republique-francaise","31":"tag-resultats"},"share_on_mastodon":{"url":"https:\/\/pubeurope.com\/@fr\/114333230243512427","error":""},"_links":{"self":[{"href":"https:\/\/www.europesays.com\/fr\/wp-json\/wp\/v2\/posts\/23254","targetHints":{"allow":["GET"]}}],"collection":[{"href":"https:\/\/www.europesays.com\/fr\/wp-json\/wp\/v2\/posts"}],"about":[{"href":"https:\/\/www.europesays.com\/fr\/wp-json\/wp\/v2\/types\/post"}],"author":[{"embeddable":true,"href":"https:\/\/www.europesays.com\/fr\/wp-json\/wp\/v2\/users\/2"}],"replies":[{"embeddable":true,"href":"https:\/\/www.europesays.com\/fr\/wp-json\/wp\/v2\/comments?post=23254"}],"version-history":[{"count":0,"href":"https:\/\/www.europesays.com\/fr\/wp-json\/wp\/v2\/posts\/23254\/revisions"}],"wp:featuredmedia":[{"embeddable":true,"href":"https:\/\/www.europesays.com\/fr\/wp-json\/wp\/v2\/media\/23255"}],"wp:attachment":[{"href":"https:\/\/www.europesays.com\/fr\/wp-json\/wp\/v2\/media?parent=23254"}],"wp:term":[{"taxonomy":"category","embeddable":true,"href":"https:\/\/www.europesays.com\/fr\/wp-json\/wp\/v2\/categories?post=23254"},{"taxonomy":"post_tag","embeddable":true,"href":"https:\/\/www.europesays.com\/fr\/wp-json\/wp\/v2\/tags?post=23254"}],"curies":[{"name":"wp","href":"https:\/\/api.w.org\/{rel}","templated":true}]}}