{"id":232540,"date":"2025-07-07T11:46:11","date_gmt":"2025-07-07T11:46:11","guid":{"rendered":"https:\/\/www.europesays.com\/fr\/232540\/"},"modified":"2025-07-07T11:46:11","modified_gmt":"2025-07-07T11:46:11","slug":"je-vais-my-consacrer-corps-et-ame-raphael-quenard-incarnera-bientot-johnny-hallyday-au-cinema","status":"publish","type":"post","link":"https:\/\/www.europesays.com\/fr\/232540\/","title":{"rendered":"\u00ab\u00a0Je vais m&rsquo;y consacrer corps et \u00e2me\u00a0\u00bb : Rapha\u00ebl Quenard incarnera bient\u00f4t Johnny Hallyday au cin\u00e9ma"},"content":{"rendered":"<ul class=\"jsx-862013697 ArticleChapo__List\">\n<li class=\"jsx-862013697 ArticleChapo__List_Item flex\">L&rsquo;acteur fran\u00e7ais du moment va incarner le chanteur dans un biopic qui sortira en 2027.<\/li>\n<li class=\"jsx-862013697 ArticleChapo__List_Item flex\">\u00c0 l&rsquo;occasion de la sortie de \u00ab\u00a0I Love Peru\u00a0\u00bb, le film qu&rsquo;il a r\u00e9alis\u00e9 avec Hugo David, il s&rsquo;est confi\u00e9 sur son prochain r\u00f4le au micro de LCI.<\/li>\n<\/ul>\n<p><a href=\"https:\/\/www.tf1info.fr\/emissions\/lci\/le-6-9-avec-jean-baptiste-boursier-13386\/\" rel=\"noopener\" class=\"jsx-484472199 Link jsx-1428418400 jsx-640816507\" target=\"_blank\"><\/p>\n<p style=\"font-weight:400\" class=\"jsx-1837267516\">Suivez la couverture compl\u00e8te<\/p>\n<p style=\"font-weight:800\" class=\"jsx-1837267516\">Le 6-9 avec Jean-Baptiste Boursier<\/p>\n<p><\/a><\/p>\n<p data-module=\"article-paragraph\" class=\"jsx-3046738180 Paragraph\">Rapha\u00ebl Quenard va bient\u00f4t se glisser dans la peau de Johnny Hallyday pour un biopic du rockeur. Le film sera dirig\u00e9 par C\u00e9dric Jimenez, qui a notamment r\u00e9alis\u00e9 Bac Nord ou Novembre. Il sera surtout chapeaut\u00e9 par L\u00e6ticia Hallyday, la veuve du chanteur. De plus, \u00ab\u00a0Rapha\u00ebl Quenard a commenc\u00e9 les r\u00e9p\u00e9titions puisque c&rsquo;est lui qui va vraiment chanter les chansons\u00a0\u00bb, indique S\u00e9gol\u00e8ne Alunni, journaliste culture sur LCI.\u00a0<\/p>\n<p data-module=\"article-paragraph\" class=\"jsx-3046738180 Paragraph Paragraph__End\">\u00ab\u00a0Pour moi, c&rsquo;est un honneur. Je vais m&rsquo;y consacrer corps et \u00e2me. Mais l&rsquo;objectif, je tiens \u00e0 le faire savoir, n&rsquo;est pas d&rsquo;en faire une imitation, puisqu&rsquo;en faire une imitation, je serais me condamner \u00e0 proposer une p\u00e2le copie. Parce qu&rsquo;il est inatteignable, il est intouchable\u00a0\u00bb, a expliqu\u00e9 Rapha\u00ebl Quenard dans le cadre de la promo de I Love Peru, le film qu&rsquo;il la co-r\u00e9alis\u00e9 avec Hugo David, en salles ce mercredi.<\/p>\n<p><a href=\"https:\/\/www.tf1info.fr\/culture\/video-johnny-hallyday-pour-son-anniversaire-un-concert-mythique-a-revivre-au-cinema-2376822.html\" rel=\"noopener\" class=\"jsx-3308031228 Link flex\" target=\"_blank\"><img decoding=\"async\" src=\"https:\/\/www.europesays.com\/fr\/wp-content\/uploads\/2025\/07\/johnny-hallyday-expo-2051f6-0@1x.jpeg\" alt=\"Johnny Hallyday le 15 d\u00e9cembre 2003 au Palais omnisports de Bercy \u00e0 Paris.\" loading=\"lazy\" importance=\"low\" fetchpriority=\"low\" class=\"\" aria-hidden=\"true\"\/><\/p>\n<p class=\"jsx-3657663356 ReadMoreArticle__Title\">Lire aussi<\/p>\n<p class=\"jsx-3657663356\">Johnny Hallyday : un concert mythique \u00e0 revivre au cin\u00e9ma<\/p>\n<p><\/a><\/p>\n<p data-module=\"article-paragraph\" class=\"jsx-3046738180 Paragraph Paragraph__End\">Pour d\u00e9couvrir le film, il faudra attendre 2027. Depuis 2019, l&rsquo;acteur de la r\u00e9gion grenobloise a \u00e9merg\u00e9 dans le paysage cin\u00e9matographique hexagonal et a depuis jou\u00e9 dans une trentaine de films. Il a notamment \u00e9t\u00e9 dirig\u00e9 par Gilles Lellouche dans L&rsquo;Amour Ouf, Jacques Audiard dans Les Olympiades ou encore Quentin Dupieux dans Yannick. En 2024, il a remport\u00e9 le C\u00e9sar de la r\u00e9v\u00e9lation masculine pour son r\u00f4le de marginal dans Chien de la casse de Jean-Baptiste Durand. Derni\u00e8rement, il a sorti son premier roman, Clamser \u00e0 Tataouine, dans le top des ventes en librairie.\u00a0<\/p>\n<p>Raphael BAZILE<\/p>\n","protected":false},"excerpt":{"rendered":"L&rsquo;acteur fran\u00e7ais du moment va incarner le chanteur dans un biopic qui sortira en 2027. \u00c0 l&rsquo;occasion de&hellip;\n","protected":false},"author":2,"featured_media":232541,"comment_status":"","ping_status":"","sticky":false,"template":"","format":"standard","meta":{"footnotes":""},"categories":[1359],"tags":[1111,11,1921,650,58,59,1011,27,1922,1304,2496,2041,973,133,2040],"class_list":{"0":"post-232540","1":"post","2":"type-post","3":"status-publish","4":"format-standard","5":"has-post-thumbnail","7":"category-people","8":"tag-actu","9":"tag-actualites","10":"tag-article-video","11":"tag-cinema","12":"tag-divertissement","13":"tag-entertainment","14":"tag-fr","15":"tag-france","16":"tag-info","17":"tag-johnny-hallyday","18":"tag-le-6-9-avec-jean-baptiste-boursier","19":"tag-medias-et-divertissement","20":"tag-people","21":"tag-video","22":"tag-video-culture"},"share_on_mastodon":{"url":"https:\/\/pubeurope.com\/@fr\/114811790080936613","error":""},"_links":{"self":[{"href":"https:\/\/www.europesays.com\/fr\/wp-json\/wp\/v2\/posts\/232540","targetHints":{"allow":["GET"]}}],"collection":[{"href":"https:\/\/www.europesays.com\/fr\/wp-json\/wp\/v2\/posts"}],"about":[{"href":"https:\/\/www.europesays.com\/fr\/wp-json\/wp\/v2\/types\/post"}],"author":[{"embeddable":true,"href":"https:\/\/www.europesays.com\/fr\/wp-json\/wp\/v2\/users\/2"}],"replies":[{"embeddable":true,"href":"https:\/\/www.europesays.com\/fr\/wp-json\/wp\/v2\/comments?post=232540"}],"version-history":[{"count":0,"href":"https:\/\/www.europesays.com\/fr\/wp-json\/wp\/v2\/posts\/232540\/revisions"}],"wp:featuredmedia":[{"embeddable":true,"href":"https:\/\/www.europesays.com\/fr\/wp-json\/wp\/v2\/media\/232541"}],"wp:attachment":[{"href":"https:\/\/www.europesays.com\/fr\/wp-json\/wp\/v2\/media?parent=232540"}],"wp:term":[{"taxonomy":"category","embeddable":true,"href":"https:\/\/www.europesays.com\/fr\/wp-json\/wp\/v2\/categories?post=232540"},{"taxonomy":"post_tag","embeddable":true,"href":"https:\/\/www.europesays.com\/fr\/wp-json\/wp\/v2\/tags?post=232540"}],"curies":[{"name":"wp","href":"https:\/\/api.w.org\/{rel}","templated":true}]}}