{"id":232542,"date":"2025-07-07T11:47:10","date_gmt":"2025-07-07T11:47:10","guid":{"rendered":"https:\/\/www.europesays.com\/fr\/232542\/"},"modified":"2025-07-07T11:47:10","modified_gmt":"2025-07-07T11:47:10","slug":"rachida-dati-annonce-un-musee-national-de-la-photographie-sur-le-site-des-papeteries-etienne-a-arles","status":"publish","type":"post","link":"https:\/\/www.europesays.com\/fr\/232542\/","title":{"rendered":"Rachida Dati annonce un mus\u00e9e national de la photographie sur le site des Papeteries \u00c9tienne \u00e0 Arles"},"content":{"rendered":"<p>Depuis plus de 15\u00a0ans, les Arl\u00e9siens et les habitants de Trinquetaille se demandent que diable va devenir <a href=\"https:\/\/www.laprovence.com\/article\/region\/1439684545299415\/la-halle-lustucru-et-les-papeteries-etienne-en-route-vers-une-seconde-vie-sur-le-site-de-trinquetaille-a-arles\" target=\"_blank\" rel=\"noopener\">l\u2019ancien site des Papeteries \u00c9tienne<\/a>. Apr\u00e8s l\u2019arr\u00eat des activit\u00e9s du groupe International Paper, en\u00a02009, la friche industrielle en bordure du Rh\u00f4ne s\u2019est longtemps cherch\u00e9e une seconde vie. Ce dimanche 6\u00a0juillet, c\u2019est \u00e0 l\u2019occasion de sa visite des expositions des <a href=\"https:\/\/www.laprovence.com\/article\/region\/2789783620127614\/les-rencontres-de-la-photo-darles-devoilent-la-programmation-du-festival-du-5-juillet-au-7-octobre\" target=\"_blank\" rel=\"noopener\">56e Rencontres de la photographie<\/a> que la ministre de la Culture, <a href=\"https:\/\/www.laprovence.com\/article\/politique\/4751374032465214\/la-cgt-spectacle-se-rassemble-a-avignon-pour-accueillir-la-ministre-de-la-culture-rachida-dati\" target=\"_blank\" rel=\"noopener\">Rachida Dati<\/a>, a choisi de r\u00e9v\u00e9ler le futur destin du site, qui accueille \u00e0 partir de ce lundi 7\u00a0juillet une partie du festival international\u00a0: \u00ab\u00a0Je lance une mission de pr\u00e9figuration pour la cr\u00e9ation d\u2019un mus\u00e9e de la photographie, car nous n\u2019en avons pas pour l\u2019instant malgr\u00e9 notre patrimoine tr\u00e8s important. Tout cela m\u00e9rite d\u2019\u00eatre expos\u00e9. Ce projet serait ici, sur le site des Papeteries \u00c9tienne, qui pourrait \u00eatre l\u2019\u00e9crin de ce nouveau mus\u00e9e.\u00a0\u00bb<br \/>Des travaux sont d\u2019ores et d\u00e9j\u00e0 entrepris sur place, depuis le d\u00e9but de l\u2019ann\u00e9e\u00a02024. Un chantier qui a permis au b\u00e2timent Shed et \u00e0 la grande halle nord d\u2019abriter les Rencontres de la photographie. Sur les 16\u00a0000\u00a0m\u00b2 restants de l\u2019ancienne zone de production, un parc va \u00eatre am\u00e9nag\u00e9 avec espaces verts, jeux pour enfants et \u00e9quipements sportifs. Et avec lui, c\u2019est donc un grand mus\u00e9e national qui devrait int\u00e9grer le site.<\/p>\n<p>Un mus\u00e9e attendu d\u2019ici 2027<\/p>\n<p>Pour l\u2019heure, aucun calendrier n\u2019a \u00e9t\u00e9 communiqu\u00e9 pour ce projet. Le comit\u00e9 scientifique du bicentenaire de la photographie, c\u00e9l\u00e9br\u00e9 \u00e0 partir de septembre\u00a02026, est d\u00e9sormais missionn\u00e9 par le minist\u00e8re de la Culture de plancher sur ce futur chantier. Le mus\u00e9e sortira de terre, \u00ab\u00a0peut-\u00eatre en\u00a02026 ou 2027\u00a0\u00bb, selon le maire d\u2019Arles, <a href=\"https:\/\/www.laprovence.com\/article\/politique\/18413290835346\/municipales-2026-a-arles-face-a-de-carolis-et-a-lextreme-droite-la-gauche-espere-lunion\" target=\"_blank\" rel=\"noopener\">Patrick de Carolis<\/a>.<\/p>\n<p>\u00ab\u00a0Depuis plusieurs mois, nous travaillons avec le minist\u00e8re de la Culture sur l\u2019id\u00e9e d\u2019un potentiel lieu o\u00f9 pourraient se rassembler des archives et des collections photographiques, d\u00e9taille le premier magistrat. Ce serait quelque chose de tout \u00e0 fait nouveau, et Arles serait une t\u00eate de pont pour permettre \u00e0 toutes les collections nationales de circuler et de s\u2019harmoniser. L\u2019\u00c9tat a souhait\u00e9 que ce lieu soit \u00e0 Arles, car on a construit ici cette identit\u00e9 de capitale de l\u2019image avec la photo, le dessin et l\u2019animation. C\u2019est une belle reconnaissance pour nous et le travail fait par nos pr\u00e9d\u00e9cesseurs depuis 55\u00a0ans avec les Rencontres.\u00a0\u00bb<\/p>\n<p>\u00ab\u00a0L\u2019art apaise les tensions\u00a0\u00bb<\/p>\n<p>Avant cette annonce, la ministre de la Culture Rachida Dati a pass\u00e9 le reste de son dimanche arl\u00e9sien \u00e0 d\u00e9couvrir, avant tout le monde, quelques expositions des <a href=\"https:\/\/www.laprovence.com\/article\/region\/2789783620127614\/les-rencontres-de-la-photo-darles-devoilent-la-programmation-du-festival-du-5-juillet-au-7-octobre\" target=\"_blank\" rel=\"noopener\">56e Rencontres de la photographie<\/a> en compagnie des \u00e9lus arl\u00e9siens et des <a href=\"https:\/\/www.laprovence.com\/article\/region\/39001900078347\/rencontres-de-la-photographie-a-arles-creer-des-surprises-a-chacun-le-mot-d-ordre-des-directeurs-du-festival\" target=\"_blank\" rel=\"noopener\">directeurs du festival<\/a>. Elle s\u2019est notamment attard\u00e9e pr\u00e8s d\u2019une demi-heure sur l\u2019exposition Photographies d\u2019Australie, \u00e0 l\u2019\u00e9glise Sainte-Anne\u00a0: \u00ab\u00a0Le commissaire m\u2019a expliqu\u00e9 comment il a plac\u00e9 en fil rouge de son exposition les probl\u00e8mes d\u2019identit\u00e9, et les aborig\u00e8nes invisibilis\u00e9s en Australie. Cette exposition nous renvoie \u00e0 des sujets tellement contemporains, confie, conquise, la ministre de la Culture. L\u2019identit\u00e9, le racisme, la discrimination, les in\u00e9galit\u00e9s, le rejet de l\u2019autre, les fronti\u00e8res\u2026 Les probl\u00e9matiques connues en Australie sont les m\u00eames que celles que nous avons en Europe, et l\u2019art apaise les tensions. Ce n\u2019est pas de la revendication violente, c\u2019est de l\u2019exposition.\u00a0\u00bb<\/p>\n<p>La Ministre s\u2019est laiss\u00e9e bercer par les voix envo\u00fbtantes qui accompagnent les clich\u00e9s dans la paroisse, aux c\u00f4t\u00e9s des portraits des peuples aborig\u00e8nes retra\u00e7ant l\u2019histoire de ce \u00ab\u00a0pays-continent\u00a0\u00bb si atypique. Rachida Dati, qui a avou\u00e9 ne conna\u00eetre Arles \u00ab\u00a0qu\u2019avec les meetings que j\u2019ai fait ici lors des campagnes \u00e9lectorales\u00a0!\u00a0\u00bb, a d\u00e9sormais, \u00e0 son tour, coch\u00e9 la petite Rome des Gaules comme la capitale de la photographie.<\/p>\n","protected":false},"excerpt":{"rendered":"Depuis plus de 15\u00a0ans, les Arl\u00e9siens et les habitants de Trinquetaille se demandent que diable va devenir l\u2019ancien&hellip;\n","protected":false},"author":2,"featured_media":232543,"comment_status":"","ping_status":"","sticky":false,"template":"","format":"standard","meta":{"footnotes":""},"categories":[1358],"tags":[17,2562,1348,1384,1385,33380,1386,58,59,1011,27,3048,3238,1756,33379,16,3356],"class_list":{"0":"post-232542","1":"post","2":"type-post","3":"status-publish","4":"format-standard","5":"has-post-thumbnail","7":"category-arts-et-design","8":"tag-17","9":"tag-annonce","10":"tag-arts","11":"tag-arts-and-design","12":"tag-arts-et-design","13":"tag-dati","14":"tag-design","15":"tag-divertissement","16":"tag-entertainment","17":"tag-fr","18":"tag-france","19":"tag-musee","20":"tag-national","21":"tag-photographie","22":"tag-rachida","23":"tag-region","24":"tag-sur"},"share_on_mastodon":{"url":"https:\/\/pubeurope.com\/@fr\/114811793862492085","error":""},"_links":{"self":[{"href":"https:\/\/www.europesays.com\/fr\/wp-json\/wp\/v2\/posts\/232542","targetHints":{"allow":["GET"]}}],"collection":[{"href":"https:\/\/www.europesays.com\/fr\/wp-json\/wp\/v2\/posts"}],"about":[{"href":"https:\/\/www.europesays.com\/fr\/wp-json\/wp\/v2\/types\/post"}],"author":[{"embeddable":true,"href":"https:\/\/www.europesays.com\/fr\/wp-json\/wp\/v2\/users\/2"}],"replies":[{"embeddable":true,"href":"https:\/\/www.europesays.com\/fr\/wp-json\/wp\/v2\/comments?post=232542"}],"version-history":[{"count":0,"href":"https:\/\/www.europesays.com\/fr\/wp-json\/wp\/v2\/posts\/232542\/revisions"}],"wp:featuredmedia":[{"embeddable":true,"href":"https:\/\/www.europesays.com\/fr\/wp-json\/wp\/v2\/media\/232543"}],"wp:attachment":[{"href":"https:\/\/www.europesays.com\/fr\/wp-json\/wp\/v2\/media?parent=232542"}],"wp:term":[{"taxonomy":"category","embeddable":true,"href":"https:\/\/www.europesays.com\/fr\/wp-json\/wp\/v2\/categories?post=232542"},{"taxonomy":"post_tag","embeddable":true,"href":"https:\/\/www.europesays.com\/fr\/wp-json\/wp\/v2\/tags?post=232542"}],"curies":[{"name":"wp","href":"https:\/\/api.w.org\/{rel}","templated":true}]}}