{"id":232544,"date":"2025-07-07T11:48:10","date_gmt":"2025-07-07T11:48:10","guid":{"rendered":"https:\/\/www.europesays.com\/fr\/232544\/"},"modified":"2025-07-07T11:48:10","modified_gmt":"2025-07-07T11:48:10","slug":"a-rouen-la-lecture-a-du-chien-liberation","status":"publish","type":"post","link":"https:\/\/www.europesays.com\/fr\/232544\/","title":{"rendered":"\u00e0 Rouen, la lecture a du chien \u2013 Lib\u00e9ration"},"content":{"rendered":"<p class=\"sc-ksZaOG ehjQrN text-element\">Pelage roux et faux airs espi\u00e8gles de renard : Target est un berger des Shetland de 4 ans. Comme d\u2019autres cong\u00e9n\u00e8res, il aurait pu passer sa vie sur un canap\u00e9 ou \u00e0 rassembler des moutons. Il n\u2019en a pas \u00e9t\u00e9 ainsi. Lui, il \u00e9coute des histoires. Mercredi 2 juillet, il s\u2019est rendu avec sa ma\u00eetresse et \u00e9ducatrice sp\u00e9cialis\u00e9e, Sabrina Landrin, \u00e0 la Maison des jeunes et de la culture de Rouen (Seine-Maritime) pour un atelier de m\u00e9diation animale, dans le cadre du festival national <a href=\"https:\/\/www.liberation.fr\/culture\/livres\/nous-voulons-etre-partout-ou-sont-les-jeunes-pour-leur-proposer-des-livres-qui-vont-les-interesser-20240617_OJ7KUZOQRFCLFDUJAEPLYFCANU\/\" target=\"_blank\" rel=\"nofollow noopener\" title=\"https:\/\/www.liberation.fr\/culture\/livres\/nous-voulons-etre-partout-ou-sont-les-jeunes-pour-leur-proposer-des-livres-qui-vont-les-interesser-20240617_OJ7KUZOQRFCLFDUJAEPLYFCANU\/\">Partir en livre<\/a>. L\u2019objectif de la s\u00e9ance mise en place conjointement avec l\u2019association rouennaise de promotion de la lecture chez les jeunes, Lis-moi les mots, \u00e9tait de cr\u00e9er un lien entre les enfants pr\u00e9sents et le chien tout en leur lisant des livres.<\/p>\n<p class=\"sc-ksZaOG ehjQrN text-element\">D\u2019autres voix de l\u2019association ont r\u00e9sonn\u00e9 un peu plus tard dans la journ\u00e9e, lors d\u2019une balade cont\u00e9e au jardin des plantes o\u00f9, l\u00e0 encore, les b\u00eates \u00e9taient \u00e0 l\u2019honneur. Le projet s\u2019inscrit parfaitement dans le th\u00e8me de la 11e \u00e9dition du festival national du livre pour la jeunesse : \u00abLes animaux et nous.\u00bb<\/p>\n<p class=\"sc-ksZaOG ehjQrN text-element\">Chaque ann\u00e9e, le Partir en livre est un des temps fort<\/p>\n","protected":false},"excerpt":{"rendered":"Pelage roux et faux airs espi\u00e8gles de renard : Target est un berger des Shetland de 4 ans.&hellip;\n","protected":false},"author":2,"featured_media":232545,"comment_status":"","ping_status":"","sticky":false,"template":"","format":"standard","meta":{"footnotes":""},"categories":[1357],"tags":[1379,413,58,59,1011,27,1380],"class_list":{"0":"post-232544","1":"post","2":"type-post","3":"status-publish","4":"format-standard","5":"has-post-thumbnail","7":"category-livres","8":"tag-books","9":"tag-ca-va-mieux-lisant","10":"tag-divertissement","11":"tag-entertainment","12":"tag-fr","13":"tag-france","14":"tag-livres"},"share_on_mastodon":{"url":"https:\/\/pubeurope.com\/@fr\/114811797867221076","error":""},"_links":{"self":[{"href":"https:\/\/www.europesays.com\/fr\/wp-json\/wp\/v2\/posts\/232544","targetHints":{"allow":["GET"]}}],"collection":[{"href":"https:\/\/www.europesays.com\/fr\/wp-json\/wp\/v2\/posts"}],"about":[{"href":"https:\/\/www.europesays.com\/fr\/wp-json\/wp\/v2\/types\/post"}],"author":[{"embeddable":true,"href":"https:\/\/www.europesays.com\/fr\/wp-json\/wp\/v2\/users\/2"}],"replies":[{"embeddable":true,"href":"https:\/\/www.europesays.com\/fr\/wp-json\/wp\/v2\/comments?post=232544"}],"version-history":[{"count":0,"href":"https:\/\/www.europesays.com\/fr\/wp-json\/wp\/v2\/posts\/232544\/revisions"}],"wp:featuredmedia":[{"embeddable":true,"href":"https:\/\/www.europesays.com\/fr\/wp-json\/wp\/v2\/media\/232545"}],"wp:attachment":[{"href":"https:\/\/www.europesays.com\/fr\/wp-json\/wp\/v2\/media?parent=232544"}],"wp:term":[{"taxonomy":"category","embeddable":true,"href":"https:\/\/www.europesays.com\/fr\/wp-json\/wp\/v2\/categories?post=232544"},{"taxonomy":"post_tag","embeddable":true,"href":"https:\/\/www.europesays.com\/fr\/wp-json\/wp\/v2\/tags?post=232544"}],"curies":[{"name":"wp","href":"https:\/\/api.w.org\/{rel}","templated":true}]}}