{"id":232546,"date":"2025-07-07T11:49:09","date_gmt":"2025-07-07T11:49:09","guid":{"rendered":"https:\/\/www.europesays.com\/fr\/232546\/"},"modified":"2025-07-07T11:49:09","modified_gmt":"2025-07-07T11:49:09","slug":"les-12-coups-de-midi-lelimination-demilien-booste-laudience-du-jeu-de-tf1-tv-magazine","status":"publish","type":"post","link":"https:\/\/www.europesays.com\/fr\/232546\/","title":{"rendered":"\u00abLes 12 Coups de midi\u00bb : l\u2019\u00e9limination d\u2019\u00c9milien booste l\u2019audience du jeu de TF1 &#8211; TV Magazine"},"content":{"rendered":"<ol>\n<li><a href=\"https:\/\/news.google.com\/rss\/articles\/CBMi0wFBVV95cUxNN3h2VzhaX2gwVjJMdXlZamZUSWF0UmxBVjVBeGNJTDBsSml5Y1V0ck13aXZ6dHpWUzhiRzBjcGJ1clNoU0twU0FoSzJkYW1fVWItX3diUXBrWVNuanV0UVpDSDViVGxYYWd6Z2t3SEoyMC00NjBVMmhmdkhnSmt3MnJIWEd6RzVnclhjOWx4YmF5RlNGZm8tSnhreHhqcjVuTGdSa2tUVVVKQjE1YVpiUWtoemdnRXBWSU9YSzhzektzRS1sR1ZONUg1UWNtaUxXY2JR?oc=5\" target=\"_blank\" rel=\"nofollow noopener\">\u00abLes 12 Coups de midi\u00bb : l\u2019\u00e9limination d\u2019\u00c9milien booste l\u2019audience du jeu de TF1<\/a>&nbsp;&nbsp;TV Magazine<\/li>\n<li><a href=\"https:\/\/news.google.com\/rss\/articles\/CBMigAJBVV95cUxQZ3BORTFOVkRlR3hxWEE0NVdBakJ2ZzViaXhBeWxfYXowc1d3cWtpQTNabURZNjJ0aXpUcTF4TW95UHFuWHNfS2I5QWlzSkVnVTJtUUh6S0lJSE8wUXJXbHF0cXVneFBFalZBWFhueFNwbzJ1ZEZqLTNNZV9nQmxMRF9OSHY2Tk9DOVp5WDlQczJDa3ZQRVNxQTBXRXppQW81UWU0OUotQnpLOWxjMVlTb3VUd1RSWGZqcDNEN1J6bGFmSHJrVklSbGNsV0otTXlNR1MxZjVDbnNuZlY5Y1VqYl9kMDJJZ3NNckdjaFhMX19hX05LWDlvWEpCdDEwSjMt?oc=5\" target=\"_blank\" rel=\"nofollow noopener\">\u00ab Les 12 coups de midi \u00bb : Emilien, plus grand gagnant de l\u2019histoire des jeux t\u00e9l\u00e9vis\u00e9s en France, a \u00e9t\u00e9 \u00e9limin\u00e9<\/a>&nbsp;&nbsp;Le Monde.fr<\/li>\n<li><a href=\"https:\/\/news.google.com\/rss\/articles\/CBMizAFBVV95cUxPcjRqX0pjY0tiSVNrSVJjR2lmM19yQl9wVnZ3ZTNZSklkTE92b0VwRDRrMVAxdUpySzFpWE8yazRzRVhCUkFBWjNpaktxU3JhYUxoc2phelA5VlplZVJCZlp5Q0gzODQ2UnhMM3YzdzkzVUxVNkJEcGw1VUxkc1JwZEdxaVNJMUNfQzBwZG1naGx6dmNYRVBFTU9qM0NlMElqOWlFakFaWFVCcjY4bXMtT0gxbFphVHZ0M1IxRlpxXzI0MEVoU0hEdjJXeXI?oc=5\" target=\"_blank\" rel=\"nofollow noopener\">\u00abLes 12 Coups de midi\u00bb : pourquoi \u00c9milien ne touchera pas 2,6 millions d\u2019euros ?<\/a>&nbsp;&nbsp;TV Magazine<\/li>\n<li><a href=\"https:\/\/news.google.com\/rss\/articles\/CBMi-gFBVV95cUxNMURIOF8zYVowV3h6X0FsaGlOV25BOFJCYXhfcE9KanFsTC1GVDl1dlB3bGZYU0FPT3djY250RF9OOFdTZHVoZUFaZk5hOVFVOHdGTnFzVnlhTXhka3ZzWEVrclhZcjNiM3YwSHZ2ODltbi1Oa1NOQWthWHUtdFd0UkY3Xy0xNjNISXRDa2MyV0xScFdDRDFTRGZNYV9SNlA4QzZla2tOVXA4Y1YtTkxQQno5OG00cEpOSkQzYjRlbXoyNTNMOWhyd2FySWVpTEtsdzVPbGVQWmV5UWlZTkg3RU9yQXdPdXdjOWxOajRJcm1hZGdVbk9uU05R?oc=5\" target=\"_blank\" rel=\"nofollow noopener\">\u00c9milien \u00e9limin\u00e9 des \u00ab 12 coups de midi \u00bb : sur quelles questions le champion a-t-il perdu ?<\/a>&nbsp;&nbsp;Ouest-France<\/li>\n<li><a href=\"https:\/\/news.google.com\/rss\/articles\/CBMi_wFBVV95cUxOb0dDV2ttMV9EMjhRd1BhZlpWNHlrbHh4QXJoNWJ3ZTBPSjhTOWg3Ri04dmpSWVNIcUJDR3lOR1ktRkZTNzRDeGRLYXpPRlU2cENOczRzR0FOVlFHUW5FSFZqaFl6WmpSN1lpN2pPTWRyR0taVGF2Vy1yR0RKZk1yYm9ERGhWblRYX2h0RW5hSVF4aTlhSHlrNmJ0Z3psYzhXdjJoQTNGMEhIQ3pHOXJSaEtXVXdMeDUyWW9EWDdrRVlocDVUQ3gxelc4M0QyOTBralpDbWY4U1BtTXhkNlY0ZHhJLU5xNjQwZUpoQW82NGZPRDZ3enpwdW9vVkdNTnc?oc=5\" target=\"_blank\" rel=\"nofollow noopener\">\u00c9milien \u00e9limin\u00e9 des \u00ab 12 coups de midi \u00bb : un pic \u00e0 7,1 millions de t\u00e9l\u00e9spectateurs, record d\u2019audience pour l\u2019\u00e9mission<\/a>&nbsp;&nbsp;Sud Ouest<\/li>\n<\/ol>\n","protected":false},"excerpt":{"rendered":"\u00abLes 12 Coups de midi\u00bb : l\u2019\u00e9limination d\u2019\u00c9milien booste l\u2019audience du jeu de TF1&nbsp;&nbsp;TV Magazine \u00ab Les 12&hellip;\n","protected":false},"author":2,"featured_media":232547,"comment_status":"","ping_status":"","sticky":false,"template":"","format":"standard","meta":{"footnotes":""},"categories":[1356],"tags":[2367,58,59,1011,27,465,252,199,1364],"class_list":{"0":"post-232546","1":"post","2":"type-post","3":"status-publish","4":"format-standard","5":"has-post-thumbnail","7":"category-television","8":"tag-audiences","9":"tag-divertissement","10":"tag-entertainment","11":"tag-fr","12":"tag-france","13":"tag-jean-luc-reichmann","14":"tag-television","15":"tag-tf1","16":"tag-tv"},"share_on_mastodon":{"url":"https:\/\/pubeurope.com\/@fr\/114811801631255731","error":""},"_links":{"self":[{"href":"https:\/\/www.europesays.com\/fr\/wp-json\/wp\/v2\/posts\/232546","targetHints":{"allow":["GET"]}}],"collection":[{"href":"https:\/\/www.europesays.com\/fr\/wp-json\/wp\/v2\/posts"}],"about":[{"href":"https:\/\/www.europesays.com\/fr\/wp-json\/wp\/v2\/types\/post"}],"author":[{"embeddable":true,"href":"https:\/\/www.europesays.com\/fr\/wp-json\/wp\/v2\/users\/2"}],"replies":[{"embeddable":true,"href":"https:\/\/www.europesays.com\/fr\/wp-json\/wp\/v2\/comments?post=232546"}],"version-history":[{"count":0,"href":"https:\/\/www.europesays.com\/fr\/wp-json\/wp\/v2\/posts\/232546\/revisions"}],"wp:featuredmedia":[{"embeddable":true,"href":"https:\/\/www.europesays.com\/fr\/wp-json\/wp\/v2\/media\/232547"}],"wp:attachment":[{"href":"https:\/\/www.europesays.com\/fr\/wp-json\/wp\/v2\/media?parent=232546"}],"wp:term":[{"taxonomy":"category","embeddable":true,"href":"https:\/\/www.europesays.com\/fr\/wp-json\/wp\/v2\/categories?post=232546"},{"taxonomy":"post_tag","embeddable":true,"href":"https:\/\/www.europesays.com\/fr\/wp-json\/wp\/v2\/tags?post=232546"}],"curies":[{"name":"wp","href":"https:\/\/api.w.org\/{rel}","templated":true}]}}