{"id":232550,"date":"2025-07-07T11:51:21","date_gmt":"2025-07-07T11:51:21","guid":{"rendered":"https:\/\/www.europesays.com\/fr\/232550\/"},"modified":"2025-07-07T11:51:21","modified_gmt":"2025-07-07T11:51:21","slug":"13-jours-13-nuits-un-film-dont-on-ne-sort-pas-indemne","status":"publish","type":"post","link":"https:\/\/www.europesays.com\/fr\/232550\/","title":{"rendered":"13 jours, 13 nuits, un film dont on ne sort pas indemne"},"content":{"rendered":"<p>            Par<br \/>\n        <strong><br \/>\n            <a href=\"https:\/\/actu.fr\/auteur\/redaction-cotebrest\" title=\"Consulter tous les articles de R\u00e9daction C\u00f4t\u00e9 Brest\" target=\"_blank\" rel=\"noopener\">R\u00e9daction C\u00f4t\u00e9 Brest<\/a><br \/>\n        <\/strong><\/p>\n<p>        Publi\u00e9 le<\/p>\n<p>            6 juil. 2025 \u00e0 11h16        <\/p>\n<p>Voil\u00e0 un film dont on ne sort pas indemne. On est rest\u00e9 en apn\u00e9e pendant toute la projection de\u00a013\u00a0jours, 13 nuits tant l\u2019action est tendue, riche de rebondissements, et les \u00e9motions, puissantes et contrast\u00e9es.<\/p>\n<p class=\" wall-content\">Martin Bourboulon adapte le livre de Mohamed Bida, ex-responsable de la s\u00e9curit\u00e9 \u00e0 l\u2019ambassade de France \u00e0 Kaboul en Afghanistan. Le 15\u00a0ao\u00fbt 2021, les talibans prennent le contr\u00f4le de la capitale. Les Am\u00e9ricains retirent leurs troupes du pays. La panique est immense. Moh, comme on le surnomme, est charg\u00e9 de l\u2019\u00e9vacuation des ressortissants fran\u00e7ais, bient\u00f4t rejoints par des centaines d\u2019Afghans terroris\u00e9s. La longue exfiltration vers l\u2019a\u00e9roport s\u2019engage\u2026<\/p>\n<p class=\" wall-content\">\n<p>Roschdy Zem, impeccable<\/p>\n<p class=\" wall-content\"><a href=\"https:\/\/actu.fr\/tag\/roschdy-zem\" target=\"_blank\" rel=\"noopener\">Roschdy Zem<\/a> incarne ce meneur d\u2019hommes, solide et fragile \u00e0 la fois. Il est tout simplement g\u00e9nial, <b>criant de v\u00e9rit\u00e9<\/b>. \u00c0 ses c\u00f4t\u00e9s, Lyna Khoudri interpr\u00e8te avec beaucoup de justesse Eva, une jeune humanitaire franco-afghane. On ne saurait oublier non plus Sidse Babett Knudsen en journaliste engag\u00e9e jusqu\u2019au bout des ongles, indispensable fil conducteur au r\u00e9cit. Un sacr\u00e9 film, \u00e0 voir absolument.<\/p>\n<p class=\" wall-content\"><b>Dominique Cresson<\/b><\/p>\n<p>Vu pour vous au Multiplexe Cin\u00e9 Libert\u00e9 \u00e0 Brest, 10 avenue Clemenceau.<\/p>\n<p class=\" wall-content\">Suivez toute l\u2019actualit\u00e9 de vos villes et m\u00e9dias favoris en vous inscrivant \u00e0 <a href=\"https:\/\/moncompte.actu.fr\" title=\"D\u00e9couvez Mon Actu\" rel=\"nofollow noopener\" data-trk=\"{&quot;cta&quot;:{&quot;action&quot;:&quot;https:\\\/\\\/moncompte.actu.fr&quot;,&quot;category&quot;:&quot;mon compte&quot;,&quot;from&quot;:&quot;article footer&quot;,&quot;name&quot;:&quot;Mon actu&quot;,&quot;type&quot;:&quot;cta&quot;}}\" target=\"_blank\">Mon Actu<\/a>.<\/p>\n","protected":false},"excerpt":{"rendered":"Par R\u00e9daction C\u00f4t\u00e9 Brest Publi\u00e9 le 6 juil. 2025 \u00e0 11h16 Voil\u00e0 un film dont on ne sort&hellip;\n","protected":false},"author":2,"featured_media":232551,"comment_status":"","ping_status":"","sticky":false,"template":"","format":"standard","meta":{"footnotes":""},"categories":[1354],"tags":[650,58,59,1346,1011,27,1652,1360,31539],"class_list":{"0":"post-232550","1":"post","2":"type-post","3":"status-publish","4":"format-standard","5":"has-post-thumbnail","7":"category-films","8":"tag-cinema","9":"tag-divertissement","10":"tag-entertainment","11":"tag-films","12":"tag-fr","13":"tag-france","14":"tag-loisirs-culture","15":"tag-movies","16":"tag-roschdy-zem"},"share_on_mastodon":{"url":"https:\/\/pubeurope.com\/@fr\/114811809555438901","error":""},"_links":{"self":[{"href":"https:\/\/www.europesays.com\/fr\/wp-json\/wp\/v2\/posts\/232550","targetHints":{"allow":["GET"]}}],"collection":[{"href":"https:\/\/www.europesays.com\/fr\/wp-json\/wp\/v2\/posts"}],"about":[{"href":"https:\/\/www.europesays.com\/fr\/wp-json\/wp\/v2\/types\/post"}],"author":[{"embeddable":true,"href":"https:\/\/www.europesays.com\/fr\/wp-json\/wp\/v2\/users\/2"}],"replies":[{"embeddable":true,"href":"https:\/\/www.europesays.com\/fr\/wp-json\/wp\/v2\/comments?post=232550"}],"version-history":[{"count":0,"href":"https:\/\/www.europesays.com\/fr\/wp-json\/wp\/v2\/posts\/232550\/revisions"}],"wp:featuredmedia":[{"embeddable":true,"href":"https:\/\/www.europesays.com\/fr\/wp-json\/wp\/v2\/media\/232551"}],"wp:attachment":[{"href":"https:\/\/www.europesays.com\/fr\/wp-json\/wp\/v2\/media?parent=232550"}],"wp:term":[{"taxonomy":"category","embeddable":true,"href":"https:\/\/www.europesays.com\/fr\/wp-json\/wp\/v2\/categories?post=232550"},{"taxonomy":"post_tag","embeddable":true,"href":"https:\/\/www.europesays.com\/fr\/wp-json\/wp\/v2\/tags?post=232550"}],"curies":[{"name":"wp","href":"https:\/\/api.w.org\/{rel}","templated":true}]}}