{"id":232566,"date":"2025-07-07T12:00:58","date_gmt":"2025-07-07T12:00:58","guid":{"rendered":"https:\/\/www.europesays.com\/fr\/232566\/"},"modified":"2025-07-07T12:00:58","modified_gmt":"2025-07-07T12:00:58","slug":"urgences-et-accueil-de-lhopital-de-saint-chamond-font-peau-neuve","status":"publish","type":"post","link":"https:\/\/www.europesays.com\/fr\/232566\/","title":{"rendered":"urgences et accueil de l\u2019h\u00f4pital de Saint-Chamond font peau neuve"},"content":{"rendered":"<p>Le chantier a d\u00e9but\u00e9 ce lundi 30\u00a0juin, apr\u00e8s des ann\u00e9es de gestation. Repenser toute l\u2019organisation des urgences \u00e9tait dans les tuyaux depuis 2021, face \u00e0 un besoin pr\u00e9gnant.<\/p>\n<p>Plus de 20\u00a0000 patients passent chaque ann\u00e9e dans le service des urgences de l\u2019h\u00f4pital couramiaud, inaugur\u00e9 en 1940 et agrandi dans les ann\u00e9es 1990. Aucun investissement structurant n\u2019ayant \u00e9t\u00e9 r\u00e9alis\u00e9 depuis, son architecture n\u2019est plus adapt\u00e9e en termes de circuit d\u2019accueil des usagers, de flux, de qualit\u00e9 et de s\u00e9curit\u00e9 de prise en&#8230;<\/p>\n","protected":false},"excerpt":{"rendered":"Le chantier a d\u00e9but\u00e9 ce lundi 30\u00a0juin, apr\u00e8s des ann\u00e9es de gestation. Repenser toute l\u2019organisation des urgences \u00e9tait&hellip;\n","protected":false},"author":2,"featured_media":232567,"comment_status":"","ping_status":"","sticky":false,"template":"","format":"standard","meta":{"footnotes":""},"categories":[9653],"tags":[1111,11,2430,4749,9810,33,1777,674,1011,27,3367,12,25,4001,71],"class_list":{"0":"post-232566","1":"post","2":"type-post","3":"status-publish","4":"format-standard","5":"has-post-thumbnail","7":"category-saint-etienne","8":"tag-actu","9":"tag-actualites","10":"tag-auvergne-rhone-alpes","11":"tag-btp-et-chantiers","12":"tag-direct-entreprises","13":"tag-economie","14":"tag-eu","15":"tag-europe","16":"tag-fr","17":"tag-france","18":"tag-loire","19":"tag-news","20":"tag-republique-francaise","21":"tag-saint-etienne","22":"tag-sante"},"share_on_mastodon":{"url":"https:\/\/pubeurope.com\/@fr\/114811848896911310","error":""},"_links":{"self":[{"href":"https:\/\/www.europesays.com\/fr\/wp-json\/wp\/v2\/posts\/232566","targetHints":{"allow":["GET"]}}],"collection":[{"href":"https:\/\/www.europesays.com\/fr\/wp-json\/wp\/v2\/posts"}],"about":[{"href":"https:\/\/www.europesays.com\/fr\/wp-json\/wp\/v2\/types\/post"}],"author":[{"embeddable":true,"href":"https:\/\/www.europesays.com\/fr\/wp-json\/wp\/v2\/users\/2"}],"replies":[{"embeddable":true,"href":"https:\/\/www.europesays.com\/fr\/wp-json\/wp\/v2\/comments?post=232566"}],"version-history":[{"count":0,"href":"https:\/\/www.europesays.com\/fr\/wp-json\/wp\/v2\/posts\/232566\/revisions"}],"wp:featuredmedia":[{"embeddable":true,"href":"https:\/\/www.europesays.com\/fr\/wp-json\/wp\/v2\/media\/232567"}],"wp:attachment":[{"href":"https:\/\/www.europesays.com\/fr\/wp-json\/wp\/v2\/media?parent=232566"}],"wp:term":[{"taxonomy":"category","embeddable":true,"href":"https:\/\/www.europesays.com\/fr\/wp-json\/wp\/v2\/categories?post=232566"},{"taxonomy":"post_tag","embeddable":true,"href":"https:\/\/www.europesays.com\/fr\/wp-json\/wp\/v2\/tags?post=232566"}],"curies":[{"name":"wp","href":"https:\/\/api.w.org\/{rel}","templated":true}]}}