{"id":232570,"date":"2025-07-07T12:04:11","date_gmt":"2025-07-07T12:04:11","guid":{"rendered":"https:\/\/www.europesays.com\/fr\/232570\/"},"modified":"2025-07-07T12:04:11","modified_gmt":"2025-07-07T12:04:11","slug":"nancy-une-caleche-sinstalle-a-la-pepiniere-pour-lete","status":"publish","type":"post","link":"https:\/\/www.europesays.com\/fr\/232570\/","title":{"rendered":"Nancy. Une cal\u00e8che s\u2019installe \u00e0 la P\u00e9pini\u00e8re pour l\u2019\u00e9t\u00e9"},"content":{"rendered":"<p>Boris Bertolotti et son \u00e9quipe ont pris leurs quartiers \u00e0 la P\u00e9pini\u00e8re ce samedi 5\u00a0juillet. L\u2019attelage et sa cal\u00e8che huit places proposent des balades au sein du parc nanc\u00e9ien tous les week-ends d\u2019\u00e9t\u00e9 jusqu\u2019au 30-31 ao\u00fbt. Pour le g\u00e9rant de la ferme et \u00e9curie du Vermois, cette autorisation municipale est un s\u00e9same\u00a0: \u00ab\u00a0Je fais la demande depuis cinq ans car j\u2019ai toujours pens\u00e9 que le lieu se pr\u00eatait parfaitement \u00e0 cette proposition. Je pense que la municipalit\u00e9 avait le souci du bien-\u00eatre animal. Je suis content qu\u2019elle ait franchi le pas.\u00a0\u00bb<\/p>\n<p>  Sept chevaux \u00e0 disposition<\/p>\n<p>Apr\u00e8s une premi\u00e8re incursion de <a href=\"https:\/\/www.estrepublicain.fr\/economie\/2024\/12\/23\/des-chevaux-ferres-face-a-la-gare\" target=\"_blank\" rel=\"noopener\">sa ferme place Simone-Veil lors des festivit\u00e9s de No\u00ebl 2024<\/a> , Boris Bertolotti esp\u00e9rait d\u00e9montrer qu\u2019animaux de la ferme et milieux urbains n\u2019avaient rien d\u2019antinomique.<\/p>\n<p>Aux commandes de sa cal\u00e8che tract\u00e9e par le hongre Gaston et la jument Griotte, il estime que l\u2019op\u00e9ration est affaire de confiance\u00a0: \u00ab\u00a0Je sais qu\u2019un attelage de deux uniques chevaux suffirait \u00e0 couvrir l\u2019ensemble de l\u2019\u00e9t\u00e9. J\u2019ai d\u00e9cid\u00e9 d\u2019en mettre sept dans la boucle, pour \u00e9vacuer tout malentendu. Du coup, ils viennent \u00e0 tour de r\u00f4le.\u00a0\u00bb Avant de repartir dans leur \u00e9curie le soir m\u00eame, \u00e0 Burthecourt-aux-Ch\u00eanes.<\/p>\n<p>Apr\u00e8s une premi\u00e8re journ\u00e9e \u00e0 valeur de test pour d\u00e9finir le circuit appropri\u00e9, l\u2019\u00e9quipe s\u2019est mise d\u2019accord sur la tarification\u00a0: 5\u00a0\u20ac par personne le petit tour de sept minutes et 10\u00a0\u20ac pour le grand tour de quinze minutes.<\/p>\n","protected":false},"excerpt":{"rendered":"Boris Bertolotti et son \u00e9quipe ont pris leurs quartiers \u00e0 la P\u00e9pini\u00e8re ce samedi 5\u00a0juillet. L\u2019attelage et sa&hellip;\n","protected":false},"author":2,"featured_media":232571,"comment_status":"","ping_status":"","sticky":false,"template":"","format":"standard","meta":{"footnotes":""},"categories":[9635],"tags":[1111,11,1867,1687,1704,1777,674,1011,27,775,1757,1702,1703,12,25,104],"class_list":{"0":"post-232570","1":"post","2":"type-post","3":"status-publish","4":"format-standard","5":"has-post-thumbnail","7":"category-nancy","8":"tag-actu","9":"tag-actualites","10":"tag-animaux","11":"tag-culture-loisirs","12":"tag-edition-nancy-et-agglomeration","13":"tag-eu","14":"tag-europe","15":"tag-fr","16":"tag-france","17":"tag-grand-est","18":"tag-insolite","19":"tag-nancy","20":"tag-nancy-ville-54b","21":"tag-news","22":"tag-republique-francaise","23":"tag-societe"},"share_on_mastodon":{"url":"https:\/\/pubeurope.com\/@fr\/114811860595965934","error":""},"_links":{"self":[{"href":"https:\/\/www.europesays.com\/fr\/wp-json\/wp\/v2\/posts\/232570","targetHints":{"allow":["GET"]}}],"collection":[{"href":"https:\/\/www.europesays.com\/fr\/wp-json\/wp\/v2\/posts"}],"about":[{"href":"https:\/\/www.europesays.com\/fr\/wp-json\/wp\/v2\/types\/post"}],"author":[{"embeddable":true,"href":"https:\/\/www.europesays.com\/fr\/wp-json\/wp\/v2\/users\/2"}],"replies":[{"embeddable":true,"href":"https:\/\/www.europesays.com\/fr\/wp-json\/wp\/v2\/comments?post=232570"}],"version-history":[{"count":0,"href":"https:\/\/www.europesays.com\/fr\/wp-json\/wp\/v2\/posts\/232570\/revisions"}],"wp:featuredmedia":[{"embeddable":true,"href":"https:\/\/www.europesays.com\/fr\/wp-json\/wp\/v2\/media\/232571"}],"wp:attachment":[{"href":"https:\/\/www.europesays.com\/fr\/wp-json\/wp\/v2\/media?parent=232570"}],"wp:term":[{"taxonomy":"category","embeddable":true,"href":"https:\/\/www.europesays.com\/fr\/wp-json\/wp\/v2\/categories?post=232570"},{"taxonomy":"post_tag","embeddable":true,"href":"https:\/\/www.europesays.com\/fr\/wp-json\/wp\/v2\/tags?post=232570"}],"curies":[{"name":"wp","href":"https:\/\/api.w.org\/{rel}","templated":true}]}}