{"id":232572,"date":"2025-07-07T12:06:13","date_gmt":"2025-07-07T12:06:13","guid":{"rendered":"https:\/\/www.europesays.com\/fr\/232572\/"},"modified":"2025-07-07T12:06:13","modified_gmt":"2025-07-07T12:06:13","slug":"nouvelles-recrues-prolongations-toulon-fait-le-point-sur-son-mercato","status":"publish","type":"post","link":"https:\/\/www.europesays.com\/fr\/232572\/","title":{"rendered":"nouvelles recrues, prolongations&#8230; Toulon fait le point sur son mercato"},"content":{"rendered":"<p>Apr\u00e8s l&rsquo;\u00e9chec en <a href=\"https:\/\/www.laprovence.com\/article\/sports\/1946281016696815\/rugby-demi-finale-de-top-14-le-rct-na-pas-fait-le-poids-face-a-bordeaux-begles\" target=\"_blank\" rel=\"noopener\">demi-finale du Top 14 face \u00e0 l&rsquo;Union Bordeaux-B\u00e8gles<\/a>, le RC Toulonnais est d\u00e9sormais tourn\u00e9 vers la saison 2025-26. En ce sens, le club varois a d\u00e9voil\u00e9 ce lundi \u00ab\u00a0les contours de son effectif\u00a0\u00bb, marqu\u00e9 par l&rsquo;arriv\u00e9e de \u00ab\u00a0plusieurs renforts de haut niveau et la prolongation de cadres exp\u00e9riment\u00e9s\u00a0\u00bb.<\/p>\n<p>\u00ab\u00a0Dans la continuit\u00e9 du projet sportif men\u00e9 par Pierre Mignoni et son staff, le RCT renforce toutes ses lignes avec des profils compl\u00e9mentaires, m\u00ealant jeunesse prometteuse, puissance athl\u00e9tique et exp\u00e9rience internationale\u00a0\u00bb, poursuit le RCT dans son communiqu\u00e9.<\/p>\n<p>Comme r\u00e9v\u00e9l\u00e9 par L&rsquo;\u00c9quipe la semaine derni\u00e8re, <a href=\"https:\/\/www.laprovence.com\/article\/sports\/3074956648216114\/rugby-arrive-cet-hiver-l-ancien-international-neo-zelandais-ma-a-nonu-va-prolonger-son-contrat-a-toulon\" target=\"_blank\" rel=\"noopener\">Ma&rsquo;a Nonu va bien poursuivre l&rsquo;aventure en rouge et noir<\/a>. De retour au club il y a quelques mois, le N\u00e9o-Z\u00e9landais de 43 ans s&rsquo;est engag\u00e9 pour une ann\u00e9e suppl\u00e9mentaire. M\u00eame destin\u00e9e pour J\u00e9r\u00e9my Sinzelle, qui va vivre une 8e saison avec le club de la Rade. Troisi\u00e8me et derni\u00e8re prolongation, Micka\u00ebl Ivaldi va occuper le r\u00f4le de joker m\u00e9dical de Gianmarco Lucchesi pendant quelques mois. En parall\u00e8le, il continuera \u00e0 \u00ab\u00a0transmettre son savoir \u00e0 toutes les cat\u00e9gories de jeunes du club et au centre de formation\u00a0\u00bb.<\/p>\n<p>Le recrutement pas termin\u00e9 ?<\/p>\n<p>Au rayon des arriv\u00e9es, le club pr\u00e9sid\u00e9 par Bernard Lemaitre enregistre sept nouveaux : l&rsquo;ouvreur Mat\u00e9o Garcia (22 ans, Bordeaux-B\u00e8gles, jusqu&rsquo;en 2028), le trois-quarts centre italo-argentin Ignacio Brex (33 ans, Benetton Tr\u00e9vise, jusqu&rsquo;en 2027), le troisi\u00e8me ligne anglais Zach Mercer (28 ans, Gloucester, jusqu&rsquo;en 2028), le pilier droit g\u00e9orgien Nikoloz Narmania (24 ans, Biarritz, jusqu&rsquo;en 2026), <a href=\"https:\/\/www.laprovence.com\/article\/sports\/871524199538114\/rugby-toulon-recrute-linternational-u20-francais-patrick-tuifua\" target=\"_blank\" rel=\"noopener\">le deuxi\u00e8me ligne Patrick Tuifua<\/a> (20 ans, Hawke&rsquo;s Bay, jusqu&rsquo;en 2028), le demi de m\u00eal\u00e9e Clovis Le Bail (29 ans, Racing 92, jusqu&rsquo;en 2028) ainsi que l&rsquo;arri\u00e8re\/ailier Mathis Fert\u00e9 (21 ans, Brive, jusqu&rsquo;en 2028).<\/p>\n<p>\u00ab\u00a0Nous nous effor\u00e7ons de construire une \u00e9quipe \u00e9quilibr\u00e9e pour tenter de r\u00e9pondre aux ambitions du club. Ces arriv\u00e9es et prolongations s&rsquo;inscrivent dans la politique de club et dans notre plan de succession sportif, souligne le directeur sportif Laurent Emmanuelli. La p\u00e9riode officielle de mutation \u00e9tant termin\u00e9e, nous travaillons encore sur le recrutement \u00e9ventuel d&rsquo;un ou deux joueurs suppl\u00e9mentaires \u00e0 des postes cibl\u00e9s, en fonction des opportunit\u00e9s.\u00a0\u00bb<\/p>\n","protected":false},"excerpt":{"rendered":"Apr\u00e8s l&rsquo;\u00e9chec en demi-finale du Top 14 face \u00e0 l&rsquo;Union Bordeaux-B\u00e8gles, le RC Toulonnais est d\u00e9sormais tourn\u00e9 vers&hellip;\n","protected":false},"author":2,"featured_media":232573,"comment_status":"","ping_status":"","sticky":false,"template":"","format":"standard","meta":{"footnotes":""},"categories":[9619],"tags":[17,1111,11,1777,674,21,1011,27,12,1113,3948,37149,882,14174,25,479,60,2310],"class_list":{"0":"post-232572","1":"post","2":"type-post","3":"status-publish","4":"format-standard","5":"has-post-thumbnail","7":"category-toulon","8":"tag-17","9":"tag-actu","10":"tag-actualites","11":"tag-eu","12":"tag-europe","13":"tag-fait","14":"tag-fr","15":"tag-france","16":"tag-news","17":"tag-nouvelles","18":"tag-point","19":"tag-prolongations","20":"tag-provence-alpes-cote-dazur","21":"tag-recrues","22":"tag-republique-francaise","23":"tag-rugby","24":"tag-sports","25":"tag-toulon"},"share_on_mastodon":{"url":"https:\/\/pubeurope.com\/@fr\/114811868500961564","error":""},"_links":{"self":[{"href":"https:\/\/www.europesays.com\/fr\/wp-json\/wp\/v2\/posts\/232572","targetHints":{"allow":["GET"]}}],"collection":[{"href":"https:\/\/www.europesays.com\/fr\/wp-json\/wp\/v2\/posts"}],"about":[{"href":"https:\/\/www.europesays.com\/fr\/wp-json\/wp\/v2\/types\/post"}],"author":[{"embeddable":true,"href":"https:\/\/www.europesays.com\/fr\/wp-json\/wp\/v2\/users\/2"}],"replies":[{"embeddable":true,"href":"https:\/\/www.europesays.com\/fr\/wp-json\/wp\/v2\/comments?post=232572"}],"version-history":[{"count":0,"href":"https:\/\/www.europesays.com\/fr\/wp-json\/wp\/v2\/posts\/232572\/revisions"}],"wp:featuredmedia":[{"embeddable":true,"href":"https:\/\/www.europesays.com\/fr\/wp-json\/wp\/v2\/media\/232573"}],"wp:attachment":[{"href":"https:\/\/www.europesays.com\/fr\/wp-json\/wp\/v2\/media?parent=232572"}],"wp:term":[{"taxonomy":"category","embeddable":true,"href":"https:\/\/www.europesays.com\/fr\/wp-json\/wp\/v2\/categories?post=232572"},{"taxonomy":"post_tag","embeddable":true,"href":"https:\/\/www.europesays.com\/fr\/wp-json\/wp\/v2\/tags?post=232572"}],"curies":[{"name":"wp","href":"https:\/\/api.w.org\/{rel}","templated":true}]}}